{"id":1,"date":"2019-09-05T16:17:16","date_gmt":"2019-09-05T19:17:16","guid":{"rendered":"http:\/\/prismapropaganda.artmark.com.br\/?p=1"},"modified":"2020-04-07T17:33:05","modified_gmt":"2020-04-07T20:33:05","slug":"vai-para-portugal","status":"publish","type":"post","link":"https:\/\/www.prix.com.br\/prisma-inteligencia\/vai-para-portugal\/","title":{"rendered":"Vai para Portugal?"},"content":{"rendered":"\n<p>\u00a0 \u00a0 \u00a0Caso esteja planejando morar em Portugal, prepare-se! A jornada \u00e9 longa. Nos \u00faltimos dois anos o fluxo de brasileiros para Portugal vem aumentando consideravelmente. J\u00e1 somos a maior comunidade estrangeira residente no pa\u00eds. Os n\u00fameros s\u00e3o um pouco controversos, mas estima-se que hoje mais de 100 mil brasileiros estejam morando em Portugal e este n\u00famero pode ser bem maior. Segundo o investigador Marcelo Migowski Ferreira, autor do livro Destino\u2026 Portugal, Sonho ou Realidade? Ele relata que \u201co n\u00famero de brasileiros em Portugal tem vindo a aumentar no \u00faltimo ano, ap\u00f3s um decr\u00e9scimo nos anos anteriores, uma situa\u00e7\u00e3o agravada pela crise econ\u00f4mica e pela viol\u00eancia no Brasil. Outro fato, \u00e9 o n\u00famero de brasileiros ilegais, que n\u00e3o contam para efeitos de estat\u00edstica\u201d.<\/p>\n<p>\u00a0 \u00a0 \u00a0Assim, antes de se aventurar a viver num pa\u00eds onde aparentemente existem facilidades, seja pelos acordos firmados ou por termos a l\u00edngua em comum (as diferen\u00e7as e dificuldades s\u00e3o bem maiores do que supomos), fa\u00e7a um bom planejamento e seja bem precavido nas suas decis\u00f5es. Existem cinco situa\u00e7\u00f5es distintas dos brasileiros que moram em Portugal: os que t\u00eam cidadania portuguesa, os que possuem visto de trabalho, os aposentados que transferiram sua resid\u00eancia pra c\u00e1, os investidores e os que v\u00eam pra estudar. Caso voc\u00ea n\u00e3o se enquadre numa dessas situa\u00e7\u00f5es, salvo rar\u00edssimas exce\u00e7\u00f5es, voc\u00ea \u00e9 turista e pode permanecer no pa\u00eds por 90 dias, sem problema algum. Agora aten\u00e7\u00e3o: n\u00e3o caia na tenta\u00e7\u00e3o de vir como turista e ficar no pa\u00eds para tentar uma das possibilidades citadas anteriormente. A partir deste momento, voc\u00ea estar\u00e1 ilegal e a regulariza\u00e7\u00e3o de sua situa\u00e7\u00e3o ser\u00e1 bem mais dif\u00edcil.<\/p>\n<p>\u00a0 \u00a0 Esse planejamento deve come\u00e7ar bem antes de sua prov\u00e1vel data de viagem. Escolha bem a cidade em que ir\u00e1 morar. Apesar de ser um pa\u00eds pequeno, Portugal possui caracter\u00edsticas bastante distintas de uma regi\u00e3o para outra, que v\u00e3o do clima \u00e0 potencialidade econ\u00f4mica. As cidades maiores de Portugal t\u00eam um custo de aluguel muito elevado para o padr\u00e3o brasileiro. Tenha uma boa reserva financeira, independente da situa\u00e7\u00e3o do seu visto, mesmo tendo Portugal um dos menores custos de vida da Europa, situa\u00e7\u00f5es inesperadas podem ocorrer. Tenha sempre em mente que voc\u00ea ter\u00e1 que adaptar-se a uma nova realidade e sobretudo, conhecer antecipadamente o pa\u00eds \u00e9 muito importante e determinante para o seu sucesso aqui.<\/p>\n<p><strong>Fernando Manh\u00e3es<\/strong> \u2013 \u00c9 publicit\u00e1rio e professor do curso de Comunica\u00e7\u00e3o Social da UFES<\/p>\n\n","protected":false},"excerpt":{"rendered":"<p>\u00a0 \u00a0 \u00a0Caso esteja planejando morar em Portugal, prepare-se! A jornada \u00e9 longa. Nos \u00faltimos dois anos o fluxo de brasileiros para Portugal vem aumentando consideravelmente. J\u00e1 somos a maior comunidade estrangeira residente no pa\u00eds. Os n\u00fameros s\u00e3o um pouco controversos, mas estima-se que hoje mais de 100 mil brasileiros estejam morando em Portugal e [&#8230;]\n","protected":false},"author":2195,"featured_media":957,"comment_status":"closed","ping_status":"closed","sticky":false,"template":"","format":"standard","meta":[],"categories":[11],"tags":[],"yoast_head":"<!-- This site is optimized with the Yoast SEO plugin v21.8.1 - https:\/\/yoast.com\/wordpress\/plugins\/seo\/ -->\n<title>Vai para Portugal? - Prisma Intelig\u00eancia<\/title>\n<meta name=\"robots\" content=\"index, follow, max-snippet:-1, max-image-preview:large, max-video-preview:-1\" \/>\n<link rel=\"canonical\" href=\"https:\/\/www.prix.com.br\/prisma-inteligencia\/vai-para-portugal\/\" \/>\n<meta property=\"og:locale\" content=\"pt_BR\" \/>\n<meta property=\"og:type\" content=\"article\" \/>\n<meta property=\"og:title\" content=\"Vai para Portugal? - Prisma Intelig\u00eancia\" \/>\n<meta property=\"og:description\" content=\"\u00a0 \u00a0 \u00a0Caso esteja planejando morar em Portugal, prepare-se! A jornada \u00e9 longa. Nos \u00faltimos dois anos o fluxo de brasileiros para Portugal vem aumentando consideravelmente. J\u00e1 somos a maior comunidade estrangeira residente no pa\u00eds. Os n\u00fameros s\u00e3o um pouco controversos, mas estima-se que hoje mais de 100 mil brasileiros estejam morando em Portugal e [...]\" \/>\n<meta property=\"og:url\" content=\"https:\/\/www.prix.com.br\/prisma-inteligencia\/vai-para-portugal\/\" \/>\n<meta property=\"og:site_name\" content=\"Prisma Intelig\u00eancia\" \/>\n<meta property=\"article:published_time\" content=\"2019-09-05T19:17:16+00:00\" \/>\n<meta property=\"article:modified_time\" content=\"2020-04-07T20:33:05+00:00\" \/>\n<meta property=\"og:image\" content=\"https:\/\/www.prix.com.br\/prisma-inteligencia\/wp-content\/uploads\/2019\/09\/post_materia_fernando_20_Junho.png\" \/>\n\t<meta property=\"og:image:width\" content=\"900\" \/>\n\t<meta property=\"og:image:height\" content=\"900\" \/>\n\t<meta property=\"og:image:type\" content=\"image\/png\" \/>\n<meta name=\"twitter:card\" content=\"summary_large_image\" \/>\n<meta name=\"twitter:label1\" content=\"Escrito por\" \/>\n\t<meta name=\"twitter:data1\" content=\"\" \/>\n\t<meta name=\"twitter:label2\" content=\"Est. tempo de leitura\" \/>\n\t<meta name=\"twitter:data2\" content=\"2 minutos\" \/>\n<script type=\"application\/ld+json\" class=\"yoast-schema-graph\">{\"@context\":\"https:\/\/schema.org\",\"@graph\":[{\"@type\":\"Article\",\"@id\":\"https:\/\/www.prix.com.br\/prisma-inteligencia\/vai-para-portugal\/#article\",\"isPartOf\":{\"@id\":\"https:\/\/www.prix.com.br\/prisma-inteligencia\/vai-para-portugal\/\"},\"author\":{\"name\":\"\",\"@id\":\"\"},\"headline\":\"Vai para Portugal?\",\"datePublished\":\"2019-09-05T19:17:16+00:00\",\"dateModified\":\"2020-04-07T20:33:05+00:00\",\"mainEntityOfPage\":{\"@id\":\"https:\/\/www.prix.com.br\/prisma-inteligencia\/vai-para-portugal\/\"},\"wordCount\":438,\"publisher\":{\"@id\":\"https:\/\/www.prix.com.br\/prisma-inteligencia\/#organization\"},\"articleSection\":[\"blog\"],\"inLanguage\":\"pt-BR\"},{\"@type\":\"WebPage\",\"@id\":\"https:\/\/www.prix.com.br\/prisma-inteligencia\/vai-para-portugal\/\",\"url\":\"https:\/\/www.prix.com.br\/prisma-inteligencia\/vai-para-portugal\/\",\"name\":\"Vai para Portugal? - Prisma Intelig\u00eancia\",\"isPartOf\":{\"@id\":\"https:\/\/www.prix.com.br\/prisma-inteligencia\/#website\"},\"datePublished\":\"2019-09-05T19:17:16+00:00\",\"dateModified\":\"2020-04-07T20:33:05+00:00\",\"breadcrumb\":{\"@id\":\"https:\/\/www.prix.com.br\/prisma-inteligencia\/vai-para-portugal\/#breadcrumb\"},\"inLanguage\":\"pt-BR\",\"potentialAction\":[{\"@type\":\"ReadAction\",\"target\":[\"https:\/\/www.prix.com.br\/prisma-inteligencia\/vai-para-portugal\/\"]}]},{\"@type\":\"BreadcrumbList\",\"@id\":\"https:\/\/www.prix.com.br\/prisma-inteligencia\/vai-para-portugal\/#breadcrumb\",\"itemListElement\":[{\"@type\":\"ListItem\",\"position\":1,\"name\":\"In\u00edcio\",\"item\":\"https:\/\/www.prix.com.br\/prisma-inteligencia\/\"},{\"@type\":\"ListItem\",\"position\":2,\"name\":\"Vai para Portugal?\"}]},{\"@type\":\"WebSite\",\"@id\":\"https:\/\/www.prix.com.br\/prisma-inteligencia\/#website\",\"url\":\"https:\/\/www.prix.com.br\/prisma-inteligencia\/\",\"name\":\"Prisma Intelig\u00eancia\",\"description\":\"Segundo o Instituto Ipsos especializado em h\u00e1bitos de consumo e comunica\u00e7\u00e3o, somos impactados diariamente, por mais seis mil mensagens publicit\u00e1rias.\",\"publisher\":{\"@id\":\"https:\/\/www.prix.com.br\/prisma-inteligencia\/#organization\"},\"potentialAction\":[{\"@type\":\"SearchAction\",\"target\":{\"@type\":\"EntryPoint\",\"urlTemplate\":\"https:\/\/www.prix.com.br\/prisma-inteligencia\/?s={search_term_string}\"},\"query-input\":\"required name=search_term_string\"}],\"inLanguage\":\"pt-BR\"},{\"@type\":\"Organization\",\"@id\":\"https:\/\/www.prix.com.br\/prisma-inteligencia\/#organization\",\"name\":\"Prisma Intelig\u00eancia\",\"url\":\"https:\/\/www.prix.com.br\/prisma-inteligencia\/\",\"logo\":{\"@type\":\"ImageObject\",\"inLanguage\":\"pt-BR\",\"@id\":\"https:\/\/www.prix.com.br\/prisma-inteligencia\/#\/schema\/logo\/image\/\",\"url\":\"https:\/\/www.prix.com.br\/prisma-inteligencia\/wp-content\/uploads\/2019\/09\/Logo-Prisma.png\",\"contentUrl\":\"https:\/\/www.prix.com.br\/prisma-inteligencia\/wp-content\/uploads\/2019\/09\/Logo-Prisma.png\",\"width\":554,\"height\":154,\"caption\":\"Prisma Intelig\u00eancia\"},\"image\":{\"@id\":\"https:\/\/www.prix.com.br\/prisma-inteligencia\/#\/schema\/logo\/image\/\"}},{\"@type\":\"Person\",\"@id\":\"\",\"url\":\"https:\/\/www.prix.com.br\/prisma-inteligencia\/author\/\"}]}<\/script>\n<!-- \/ Yoast SEO plugin. -->","yoast_head_json":{"title":"Vai para Portugal? - Prisma Intelig\u00eancia","robots":{"index":"index","follow":"follow","max-snippet":"max-snippet:-1","max-image-preview":"max-image-preview:large","max-video-preview":"max-video-preview:-1"},"canonical":"https:\/\/www.prix.com.br\/prisma-inteligencia\/vai-para-portugal\/","og_locale":"pt_BR","og_type":"article","og_title":"Vai para Portugal? - Prisma Intelig\u00eancia","og_description":"\u00a0 \u00a0 \u00a0Caso esteja planejando morar em Portugal, prepare-se! A jornada \u00e9 longa. Nos \u00faltimos dois anos o fluxo de brasileiros para Portugal vem aumentando consideravelmente. J\u00e1 somos a maior comunidade estrangeira residente no pa\u00eds. Os n\u00fameros s\u00e3o um pouco controversos, mas estima-se que hoje mais de 100 mil brasileiros estejam morando em Portugal e [...]","og_url":"https:\/\/www.prix.com.br\/prisma-inteligencia\/vai-para-portugal\/","og_site_name":"Prisma Intelig\u00eancia","article_published_time":"2019-09-05T19:17:16+00:00","article_modified_time":"2020-04-07T20:33:05+00:00","og_image":[{"width":900,"height":900,"url":"https:\/\/www.prix.com.br\/prisma-inteligencia\/wp-content\/uploads\/2019\/09\/post_materia_fernando_20_Junho.png","type":"image\/png"}],"twitter_card":"summary_large_image","twitter_misc":{"Escrito por":"","Est. tempo de leitura":"2 minutos"},"schema":{"@context":"https:\/\/schema.org","@graph":[{"@type":"Article","@id":"https:\/\/www.prix.com.br\/prisma-inteligencia\/vai-para-portugal\/#article","isPartOf":{"@id":"https:\/\/www.prix.com.br\/prisma-inteligencia\/vai-para-portugal\/"},"author":{"name":"","@id":""},"headline":"Vai para Portugal?","datePublished":"2019-09-05T19:17:16+00:00","dateModified":"2020-04-07T20:33:05+00:00","mainEntityOfPage":{"@id":"https:\/\/www.prix.com.br\/prisma-inteligencia\/vai-para-portugal\/"},"wordCount":438,"publisher":{"@id":"https:\/\/www.prix.com.br\/prisma-inteligencia\/#organization"},"articleSection":["blog"],"inLanguage":"pt-BR"},{"@type":"WebPage","@id":"https:\/\/www.prix.com.br\/prisma-inteligencia\/vai-para-portugal\/","url":"https:\/\/www.prix.com.br\/prisma-inteligencia\/vai-para-portugal\/","name":"Vai para Portugal? - Prisma Intelig\u00eancia","isPartOf":{"@id":"https:\/\/www.prix.com.br\/prisma-inteligencia\/#website"},"datePublished":"2019-09-05T19:17:16+00:00","dateModified":"2020-04-07T20:33:05+00:00","breadcrumb":{"@id":"https:\/\/www.prix.com.br\/prisma-inteligencia\/vai-para-portugal\/#breadcrumb"},"inLanguage":"pt-BR","potentialAction":[{"@type":"ReadAction","target":["https:\/\/www.prix.com.br\/prisma-inteligencia\/vai-para-portugal\/"]}]},{"@type":"BreadcrumbList","@id":"https:\/\/www.prix.com.br\/prisma-inteligencia\/vai-para-portugal\/#breadcrumb","itemListElement":[{"@type":"ListItem","position":1,"name":"In\u00edcio","item":"https:\/\/www.prix.com.br\/prisma-inteligencia\/"},{"@type":"ListItem","position":2,"name":"Vai para Portugal?"}]},{"@type":"WebSite","@id":"https:\/\/www.prix.com.br\/prisma-inteligencia\/#website","url":"https:\/\/www.prix.com.br\/prisma-inteligencia\/","name":"Prisma Intelig\u00eancia","description":"Segundo o Instituto Ipsos especializado em h\u00e1bitos de consumo e comunica\u00e7\u00e3o, somos impactados diariamente, por mais seis mil mensagens publicit\u00e1rias.","publisher":{"@id":"https:\/\/www.prix.com.br\/prisma-inteligencia\/#organization"},"potentialAction":[{"@type":"SearchAction","target":{"@type":"EntryPoint","urlTemplate":"https:\/\/www.prix.com.br\/prisma-inteligencia\/?s={search_term_string}"},"query-input":"required name=search_term_string"}],"inLanguage":"pt-BR"},{"@type":"Organization","@id":"https:\/\/www.prix.com.br\/prisma-inteligencia\/#organization","name":"Prisma Intelig\u00eancia","url":"https:\/\/www.prix.com.br\/prisma-inteligencia\/","logo":{"@type":"ImageObject","inLanguage":"pt-BR","@id":"https:\/\/www.prix.com.br\/prisma-inteligencia\/#\/schema\/logo\/image\/","url":"https:\/\/www.prix.com.br\/prisma-inteligencia\/wp-content\/uploads\/2019\/09\/Logo-Prisma.png","contentUrl":"https:\/\/www.prix.com.br\/prisma-inteligencia\/wp-content\/uploads\/2019\/09\/Logo-Prisma.png","width":554,"height":154,"caption":"Prisma Intelig\u00eancia"},"image":{"@id":"https:\/\/www.prix.com.br\/prisma-inteligencia\/#\/schema\/logo\/image\/"}},{"@type":"Person","@id":"","url":"https:\/\/www.prix.com.br\/prisma-inteligencia\/author\/"}]}},"_links":{"self":[{"href":"https:\/\/www.prix.com.br\/prisma-inteligencia\/wp-json\/wp\/v2\/posts\/1"}],"collection":[{"href":"https:\/\/www.prix.com.br\/prisma-inteligencia\/wp-json\/wp\/v2\/posts"}],"about":[{"href":"https:\/\/www.prix.com.br\/prisma-inteligencia\/wp-json\/wp\/v2\/types\/post"}],"author":[{"embeddable":true,"href":"https:\/\/www.prix.com.br\/prisma-inteligencia\/wp-json\/wp\/v2\/users\/2195"}],"replies":[{"embeddable":true,"href":"https:\/\/www.prix.com.br\/prisma-inteligencia\/wp-json\/wp\/v2\/comments?post=1"}],"version-history":[{"count":10,"href":"https:\/\/www.prix.com.br\/prisma-inteligencia\/wp-json\/wp\/v2\/posts\/1\/revisions"}],"predecessor-version":[{"id":1383,"href":"https:\/\/www.prix.com.br\/prisma-inteligencia\/wp-json\/wp\/v2\/posts\/1\/revisions\/1383"}],"wp:featuredmedia":[{"embeddable":true,"href":"https:\/\/www.prix.com.br\/prisma-inteligencia\/wp-json\/wp\/v2\/media\/957"}],"wp:attachment":[{"href":"https:\/\/www.prix.com.br\/prisma-inteligencia\/wp-json\/wp\/v2\/media?parent=1"}],"wp:term":[{"taxonomy":"category","embeddable":true,"href":"https:\/\/www.prix.com.br\/prisma-inteligencia\/wp-json\/wp\/v2\/categories?post=1"},{"taxonomy":"post_tag","embeddable":true,"href":"https:\/\/www.prix.com.br\/prisma-inteligencia\/wp-json\/wp\/v2\/tags?post=1"}],"curies":[{"name":"wp","href":"https:\/\/api.w.org\/{rel}","templated":true}]}}