{"id":1366,"date":"2020-04-06T15:43:38","date_gmt":"2020-04-06T18:43:38","guid":{"rendered":"http:\/\/www.prix.com.br\/prisma-inteligencia\/?p=1366"},"modified":"2020-04-07T17:29:44","modified_gmt":"2020-04-07T20:29:44","slug":"qual-marca-sua-empresa-quer-deixar-quando-a-crise-acabar","status":"publish","type":"post","link":"https:\/\/www.prix.com.br\/prisma-inteligencia\/qual-marca-sua-empresa-quer-deixar-quando-a-crise-acabar\/","title":{"rendered":"Qual marca sua empresa quer deixar quando a crise acabar?"},"content":{"rendered":"\n<p class=\"has-text-color has-very-dark-gray-color\">Sem d\u00favidas a crise do coronav\u00edrus trar\u00e1 muitas li\u00e7\u00f5es e ensinamentos para pessoas e empresas. Tivemos que \u201ccorrer\u2019 e nos adaptar rapidamente pois o v\u00edrus n\u00e3o espera, ao contr\u00e1rio, se alastra.<\/p>\n\n\n\n<p class=\"has-text-color has-very-dark-gray-color\">Foi preciso que empresas, colaboradores e clientes passassem a adotar a\u00e7\u00f5es que, em muitos casos, n\u00e3o faziam parte das rotinas. Home office, novos produtos, reposicionamento de servi\u00e7os, inclus\u00e3o de novos canais de comunica\u00e7\u00e3o, utiliza\u00e7\u00e3o ainda maior da Internet\u2026&nbsp;<\/p>\n\n\n\n<p class=\"has-text-color has-very-dark-gray-color\">Comit\u00eas de Gest\u00e3o de Crise foram colocados em pr\u00e1tica, a uni\u00e3o de setores que \u00e0s vezes n\u00e3o estavam t\u00e3o alinhados precisou ficar. RH, Comercial, Financeiro, Marketing todos interligados em busca de alternativas para ativar a\u00e7\u00f5es, aliviar tens\u00f5es e alinhar a comunica\u00e7\u00e3o interna e externa. O tempo urge e a frase \u201cmelhor feito do que o perfeito\u201d est\u00e1 sendo usada em muitos casos. Entretanto, apesar da necessidade de agilidade, \u00e9 preciso considerar: esta crise vai passar e qual a marca a sua empresa deixar\u00e1 na cabe\u00e7a dos seus colaboradores, clientes e parceiros?&nbsp;<\/p>\n\n\n\n<p class=\"has-text-color has-very-dark-gray-color\">\u00c9 preciso planos eficazes e s\u00f3lidos, com an\u00e1lise global de todos os p\u00fablicos nos quais a empresa se relaciona. N\u00e3o adianta mostrar atitude positiva para os clientes e n\u00e3o pensar nos colaboradores. \u00c9 preciso manter funcion\u00e1rios engajados, motivados e fornecer informa\u00e7\u00f5es relevantes, com intera\u00e7\u00f5es peri\u00f3dicas. O prop\u00f3sito, o manifesto ou a miss\u00e3o, a vis\u00e3o e, principalmente, os valores precisam estar em evid\u00eancia e sair das paredes.<\/p>\n\n\n\n<p class=\"has-text-color has-very-dark-gray-color\">Ao mesmo tempo, n\u00e3o d\u00e1 para aumentar pre\u00e7os aos clientes sem necessidade e justificativa plaus\u00edvel. H\u00e1 uma grande diferen\u00e7a entre oportunismo e oportunidade. Al\u00e9m de dificultar a aquisi\u00e7\u00e3o, ficar\u00e1 a imagem de uma empresa que est\u00e1 se aproveitando de um momento t\u00e3o delicado.<\/p>\n\n\n\n<p class=\"has-text-color has-very-dark-gray-color\">Valoriza\u00e7\u00e3o das pessoas, disponibilidade no atendimento, facilidade nos pagamentos e na execu\u00e7\u00e3o dos servi\u00e7os s\u00e3o alguns dos elementos importantes, que est\u00e3o ainda mais em evid\u00eancia e valorizados neste momento. \u00c9 hora de se posicionar ou de se reafirmar como marca relevante no mercado.<\/p>\n\n\n\n<p class=\"has-text-color has-very-dark-gray-color\">Estamos vivendo um momento in\u00e9dito em que todos precisam se adaptar a novas formas de trabalhar e de entregar resultados diante de uma pandemia que traz incertezas no curto e longo prazos. Quem se diferenciar\u00e1 \u00e9 quem souber agir com efic\u00e1cia e humanidade.<\/p>\n","protected":false},"excerpt":{"rendered":"<p>Sem d\u00favidas a crise do coronav\u00edrus trar\u00e1 muitas li\u00e7\u00f5es e ensinamentos para pessoas e empresas. Tivemos que \u201ccorrer\u2019 e nos adaptar rapidamente pois o v\u00edrus n\u00e3o espera, ao contr\u00e1rio, se alastra.<\/p>\n","protected":false},"author":5,"featured_media":1368,"comment_status":"open","ping_status":"open","sticky":false,"template":"","format":"standard","meta":[],"categories":[12],"tags":[14,15,13,18,17,16],"yoast_head":"<!-- This site is optimized with the Yoast SEO plugin v21.8.1 - https:\/\/yoast.com\/wordpress\/plugins\/seo\/ -->\n<title>Qual marca sua empresa quer deixar quando a crise acabar? - Prisma Intelig\u00eancia<\/title>\n<meta name=\"robots\" content=\"index, follow, max-snippet:-1, max-image-preview:large, max-video-preview:-1\" \/>\n<link rel=\"canonical\" href=\"https:\/\/www.prix.com.br\/prisma-inteligencia\/qual-marca-sua-empresa-quer-deixar-quando-a-crise-acabar\/\" \/>\n<meta property=\"og:locale\" content=\"pt_BR\" \/>\n<meta property=\"og:type\" content=\"article\" \/>\n<meta property=\"og:title\" content=\"Qual marca sua empresa quer deixar quando a crise acabar? - Prisma Intelig\u00eancia\" \/>\n<meta property=\"og:description\" content=\"Sem d\u00favidas a crise do coronav\u00edrus trar\u00e1 muitas li\u00e7\u00f5es e ensinamentos para pessoas e empresas. Tivemos que \u201ccorrer\u2019 e nos adaptar rapidamente pois o v\u00edrus n\u00e3o espera, ao contr\u00e1rio, se alastra.\" \/>\n<meta property=\"og:url\" content=\"https:\/\/www.prix.com.br\/prisma-inteligencia\/qual-marca-sua-empresa-quer-deixar-quando-a-crise-acabar\/\" \/>\n<meta property=\"og:site_name\" content=\"Prisma Intelig\u00eancia\" \/>\n<meta property=\"article:published_time\" content=\"2020-04-06T18:43:38+00:00\" \/>\n<meta property=\"article:modified_time\" content=\"2020-04-07T20:29:44+00:00\" \/>\n<meta property=\"og:image\" content=\"https:\/\/www.prix.com.br\/prisma-inteligencia\/wp-content\/uploads\/2020\/04\/0-1.jpg\" \/>\n\t<meta property=\"og:image:width\" content=\"1279\" \/>\n\t<meta property=\"og:image:height\" content=\"720\" \/>\n\t<meta property=\"og:image:type\" content=\"image\/jpeg\" \/>\n<meta name=\"author\" content=\"Raquel Rampon\" \/>\n<meta name=\"twitter:card\" content=\"summary_large_image\" \/>\n<meta name=\"twitter:label1\" content=\"Escrito por\" \/>\n\t<meta name=\"twitter:data1\" content=\"Raquel Rampon\" \/>\n\t<meta name=\"twitter:label2\" content=\"Est. tempo de leitura\" \/>\n\t<meta name=\"twitter:data2\" content=\"2 minutos\" \/>\n<script type=\"application\/ld+json\" class=\"yoast-schema-graph\">{\"@context\":\"https:\/\/schema.org\",\"@graph\":[{\"@type\":\"Article\",\"@id\":\"https:\/\/www.prix.com.br\/prisma-inteligencia\/qual-marca-sua-empresa-quer-deixar-quando-a-crise-acabar\/#article\",\"isPartOf\":{\"@id\":\"https:\/\/www.prix.com.br\/prisma-inteligencia\/qual-marca-sua-empresa-quer-deixar-quando-a-crise-acabar\/\"},\"author\":{\"name\":\"Raquel Rampon\",\"@id\":\"https:\/\/www.prix.com.br\/prisma-inteligencia\/#\/schema\/person\/98af62ddee098fe7af88056379158e00\"},\"headline\":\"Qual marca sua empresa quer deixar quando a crise acabar?\",\"datePublished\":\"2020-04-06T18:43:38+00:00\",\"dateModified\":\"2020-04-07T20:29:44+00:00\",\"mainEntityOfPage\":{\"@id\":\"https:\/\/www.prix.com.br\/prisma-inteligencia\/qual-marca-sua-empresa-quer-deixar-quando-a-crise-acabar\/\"},\"wordCount\":412,\"commentCount\":0,\"publisher\":{\"@id\":\"https:\/\/www.prix.com.br\/prisma-inteligencia\/#organization\"},\"keywords\":[\"coronav\u00edrus\",\"covid-19\",\"crise\",\"empresa\",\"marca\",\"marketing\"],\"articleSection\":[\"Gerenciamento de crise\"],\"inLanguage\":\"pt-BR\",\"potentialAction\":[{\"@type\":\"CommentAction\",\"name\":\"Comment\",\"target\":[\"https:\/\/www.prix.com.br\/prisma-inteligencia\/qual-marca-sua-empresa-quer-deixar-quando-a-crise-acabar\/#respond\"]}]},{\"@type\":\"WebPage\",\"@id\":\"https:\/\/www.prix.com.br\/prisma-inteligencia\/qual-marca-sua-empresa-quer-deixar-quando-a-crise-acabar\/\",\"url\":\"https:\/\/www.prix.com.br\/prisma-inteligencia\/qual-marca-sua-empresa-quer-deixar-quando-a-crise-acabar\/\",\"name\":\"Qual marca sua empresa quer deixar quando a crise acabar? - Prisma Intelig\u00eancia\",\"isPartOf\":{\"@id\":\"https:\/\/www.prix.com.br\/prisma-inteligencia\/#website\"},\"datePublished\":\"2020-04-06T18:43:38+00:00\",\"dateModified\":\"2020-04-07T20:29:44+00:00\",\"breadcrumb\":{\"@id\":\"https:\/\/www.prix.com.br\/prisma-inteligencia\/qual-marca-sua-empresa-quer-deixar-quando-a-crise-acabar\/#breadcrumb\"},\"inLanguage\":\"pt-BR\",\"potentialAction\":[{\"@type\":\"ReadAction\",\"target\":[\"https:\/\/www.prix.com.br\/prisma-inteligencia\/qual-marca-sua-empresa-quer-deixar-quando-a-crise-acabar\/\"]}]},{\"@type\":\"BreadcrumbList\",\"@id\":\"https:\/\/www.prix.com.br\/prisma-inteligencia\/qual-marca-sua-empresa-quer-deixar-quando-a-crise-acabar\/#breadcrumb\",\"itemListElement\":[{\"@type\":\"ListItem\",\"position\":1,\"name\":\"In\u00edcio\",\"item\":\"https:\/\/www.prix.com.br\/prisma-inteligencia\/\"},{\"@type\":\"ListItem\",\"position\":2,\"name\":\"Qual marca sua empresa quer deixar quando a crise acabar?\"}]},{\"@type\":\"WebSite\",\"@id\":\"https:\/\/www.prix.com.br\/prisma-inteligencia\/#website\",\"url\":\"https:\/\/www.prix.com.br\/prisma-inteligencia\/\",\"name\":\"Prisma Intelig\u00eancia\",\"description\":\"Segundo o Instituto Ipsos especializado em h\u00e1bitos de consumo e comunica\u00e7\u00e3o, somos impactados diariamente, por mais seis mil mensagens publicit\u00e1rias.\",\"publisher\":{\"@id\":\"https:\/\/www.prix.com.br\/prisma-inteligencia\/#organization\"},\"potentialAction\":[{\"@type\":\"SearchAction\",\"target\":{\"@type\":\"EntryPoint\",\"urlTemplate\":\"https:\/\/www.prix.com.br\/prisma-inteligencia\/?s={search_term_string}\"},\"query-input\":\"required name=search_term_string\"}],\"inLanguage\":\"pt-BR\"},{\"@type\":\"Organization\",\"@id\":\"https:\/\/www.prix.com.br\/prisma-inteligencia\/#organization\",\"name\":\"Prisma Intelig\u00eancia\",\"url\":\"https:\/\/www.prix.com.br\/prisma-inteligencia\/\",\"logo\":{\"@type\":\"ImageObject\",\"inLanguage\":\"pt-BR\",\"@id\":\"https:\/\/www.prix.com.br\/prisma-inteligencia\/#\/schema\/logo\/image\/\",\"url\":\"https:\/\/www.prix.com.br\/prisma-inteligencia\/wp-content\/uploads\/2019\/09\/Logo-Prisma.png\",\"contentUrl\":\"https:\/\/www.prix.com.br\/prisma-inteligencia\/wp-content\/uploads\/2019\/09\/Logo-Prisma.png\",\"width\":554,\"height\":154,\"caption\":\"Prisma Intelig\u00eancia\"},\"image\":{\"@id\":\"https:\/\/www.prix.com.br\/prisma-inteligencia\/#\/schema\/logo\/image\/\"}},{\"@type\":\"Person\",\"@id\":\"https:\/\/www.prix.com.br\/prisma-inteligencia\/#\/schema\/person\/98af62ddee098fe7af88056379158e00\",\"name\":\"Raquel Rampon\",\"image\":{\"@type\":\"ImageObject\",\"inLanguage\":\"pt-BR\",\"@id\":\"https:\/\/www.prix.com.br\/prisma-inteligencia\/#\/schema\/person\/image\/\",\"url\":\"https:\/\/secure.gravatar.com\/avatar\/e298a8cf0410718fd0f2c3fa04dee6d6?s=96&d=mm&r=g\",\"contentUrl\":\"https:\/\/secure.gravatar.com\/avatar\/e298a8cf0410718fd0f2c3fa04dee6d6?s=96&d=mm&r=g\",\"caption\":\"Raquel Rampon\"},\"sameAs\":[\"http:\/\/www.prix.com.br\/prisma-inteligencia\/\"],\"url\":\"https:\/\/www.prix.com.br\/prisma-inteligencia\/author\/raquelrampon\/\"}]}<\/script>\n<!-- \/ Yoast SEO plugin. -->","yoast_head_json":{"title":"Qual marca sua empresa quer deixar quando a crise acabar? - Prisma Intelig\u00eancia","robots":{"index":"index","follow":"follow","max-snippet":"max-snippet:-1","max-image-preview":"max-image-preview:large","max-video-preview":"max-video-preview:-1"},"canonical":"https:\/\/www.prix.com.br\/prisma-inteligencia\/qual-marca-sua-empresa-quer-deixar-quando-a-crise-acabar\/","og_locale":"pt_BR","og_type":"article","og_title":"Qual marca sua empresa quer deixar quando a crise acabar? - Prisma Intelig\u00eancia","og_description":"Sem d\u00favidas a crise do coronav\u00edrus trar\u00e1 muitas li\u00e7\u00f5es e ensinamentos para pessoas e empresas. Tivemos que \u201ccorrer\u2019 e nos adaptar rapidamente pois o v\u00edrus n\u00e3o espera, ao contr\u00e1rio, se alastra.","og_url":"https:\/\/www.prix.com.br\/prisma-inteligencia\/qual-marca-sua-empresa-quer-deixar-quando-a-crise-acabar\/","og_site_name":"Prisma Intelig\u00eancia","article_published_time":"2020-04-06T18:43:38+00:00","article_modified_time":"2020-04-07T20:29:44+00:00","og_image":[{"width":1279,"height":720,"url":"https:\/\/www.prix.com.br\/prisma-inteligencia\/wp-content\/uploads\/2020\/04\/0-1.jpg","type":"image\/jpeg"}],"author":"Raquel Rampon","twitter_card":"summary_large_image","twitter_misc":{"Escrito por":"Raquel Rampon","Est. tempo de leitura":"2 minutos"},"schema":{"@context":"https:\/\/schema.org","@graph":[{"@type":"Article","@id":"https:\/\/www.prix.com.br\/prisma-inteligencia\/qual-marca-sua-empresa-quer-deixar-quando-a-crise-acabar\/#article","isPartOf":{"@id":"https:\/\/www.prix.com.br\/prisma-inteligencia\/qual-marca-sua-empresa-quer-deixar-quando-a-crise-acabar\/"},"author":{"name":"Raquel Rampon","@id":"https:\/\/www.prix.com.br\/prisma-inteligencia\/#\/schema\/person\/98af62ddee098fe7af88056379158e00"},"headline":"Qual marca sua empresa quer deixar quando a crise acabar?","datePublished":"2020-04-06T18:43:38+00:00","dateModified":"2020-04-07T20:29:44+00:00","mainEntityOfPage":{"@id":"https:\/\/www.prix.com.br\/prisma-inteligencia\/qual-marca-sua-empresa-quer-deixar-quando-a-crise-acabar\/"},"wordCount":412,"commentCount":0,"publisher":{"@id":"https:\/\/www.prix.com.br\/prisma-inteligencia\/#organization"},"keywords":["coronav\u00edrus","covid-19","crise","empresa","marca","marketing"],"articleSection":["Gerenciamento de crise"],"inLanguage":"pt-BR","potentialAction":[{"@type":"CommentAction","name":"Comment","target":["https:\/\/www.prix.com.br\/prisma-inteligencia\/qual-marca-sua-empresa-quer-deixar-quando-a-crise-acabar\/#respond"]}]},{"@type":"WebPage","@id":"https:\/\/www.prix.com.br\/prisma-inteligencia\/qual-marca-sua-empresa-quer-deixar-quando-a-crise-acabar\/","url":"https:\/\/www.prix.com.br\/prisma-inteligencia\/qual-marca-sua-empresa-quer-deixar-quando-a-crise-acabar\/","name":"Qual marca sua empresa quer deixar quando a crise acabar? - Prisma Intelig\u00eancia","isPartOf":{"@id":"https:\/\/www.prix.com.br\/prisma-inteligencia\/#website"},"datePublished":"2020-04-06T18:43:38+00:00","dateModified":"2020-04-07T20:29:44+00:00","breadcrumb":{"@id":"https:\/\/www.prix.com.br\/prisma-inteligencia\/qual-marca-sua-empresa-quer-deixar-quando-a-crise-acabar\/#breadcrumb"},"inLanguage":"pt-BR","potentialAction":[{"@type":"ReadAction","target":["https:\/\/www.prix.com.br\/prisma-inteligencia\/qual-marca-sua-empresa-quer-deixar-quando-a-crise-acabar\/"]}]},{"@type":"BreadcrumbList","@id":"https:\/\/www.prix.com.br\/prisma-inteligencia\/qual-marca-sua-empresa-quer-deixar-quando-a-crise-acabar\/#breadcrumb","itemListElement":[{"@type":"ListItem","position":1,"name":"In\u00edcio","item":"https:\/\/www.prix.com.br\/prisma-inteligencia\/"},{"@type":"ListItem","position":2,"name":"Qual marca sua empresa quer deixar quando a crise acabar?"}]},{"@type":"WebSite","@id":"https:\/\/www.prix.com.br\/prisma-inteligencia\/#website","url":"https:\/\/www.prix.com.br\/prisma-inteligencia\/","name":"Prisma Intelig\u00eancia","description":"Segundo o Instituto Ipsos especializado em h\u00e1bitos de consumo e comunica\u00e7\u00e3o, somos impactados diariamente, por mais seis mil mensagens publicit\u00e1rias.","publisher":{"@id":"https:\/\/www.prix.com.br\/prisma-inteligencia\/#organization"},"potentialAction":[{"@type":"SearchAction","target":{"@type":"EntryPoint","urlTemplate":"https:\/\/www.prix.com.br\/prisma-inteligencia\/?s={search_term_string}"},"query-input":"required name=search_term_string"}],"inLanguage":"pt-BR"},{"@type":"Organization","@id":"https:\/\/www.prix.com.br\/prisma-inteligencia\/#organization","name":"Prisma Intelig\u00eancia","url":"https:\/\/www.prix.com.br\/prisma-inteligencia\/","logo":{"@type":"ImageObject","inLanguage":"pt-BR","@id":"https:\/\/www.prix.com.br\/prisma-inteligencia\/#\/schema\/logo\/image\/","url":"https:\/\/www.prix.com.br\/prisma-inteligencia\/wp-content\/uploads\/2019\/09\/Logo-Prisma.png","contentUrl":"https:\/\/www.prix.com.br\/prisma-inteligencia\/wp-content\/uploads\/2019\/09\/Logo-Prisma.png","width":554,"height":154,"caption":"Prisma Intelig\u00eancia"},"image":{"@id":"https:\/\/www.prix.com.br\/prisma-inteligencia\/#\/schema\/logo\/image\/"}},{"@type":"Person","@id":"https:\/\/www.prix.com.br\/prisma-inteligencia\/#\/schema\/person\/98af62ddee098fe7af88056379158e00","name":"Raquel Rampon","image":{"@type":"ImageObject","inLanguage":"pt-BR","@id":"https:\/\/www.prix.com.br\/prisma-inteligencia\/#\/schema\/person\/image\/","url":"https:\/\/secure.gravatar.com\/avatar\/e298a8cf0410718fd0f2c3fa04dee6d6?s=96&d=mm&r=g","contentUrl":"https:\/\/secure.gravatar.com\/avatar\/e298a8cf0410718fd0f2c3fa04dee6d6?s=96&d=mm&r=g","caption":"Raquel Rampon"},"sameAs":["http:\/\/www.prix.com.br\/prisma-inteligencia\/"],"url":"https:\/\/www.prix.com.br\/prisma-inteligencia\/author\/raquelrampon\/"}]}},"_links":{"self":[{"href":"https:\/\/www.prix.com.br\/prisma-inteligencia\/wp-json\/wp\/v2\/posts\/1366"}],"collection":[{"href":"https:\/\/www.prix.com.br\/prisma-inteligencia\/wp-json\/wp\/v2\/posts"}],"about":[{"href":"https:\/\/www.prix.com.br\/prisma-inteligencia\/wp-json\/wp\/v2\/types\/post"}],"author":[{"embeddable":true,"href":"https:\/\/www.prix.com.br\/prisma-inteligencia\/wp-json\/wp\/v2\/users\/5"}],"replies":[{"embeddable":true,"href":"https:\/\/www.prix.com.br\/prisma-inteligencia\/wp-json\/wp\/v2\/comments?post=1366"}],"version-history":[{"count":5,"href":"https:\/\/www.prix.com.br\/prisma-inteligencia\/wp-json\/wp\/v2\/posts\/1366\/revisions"}],"predecessor-version":[{"id":1381,"href":"https:\/\/www.prix.com.br\/prisma-inteligencia\/wp-json\/wp\/v2\/posts\/1366\/revisions\/1381"}],"wp:featuredmedia":[{"embeddable":true,"href":"https:\/\/www.prix.com.br\/prisma-inteligencia\/wp-json\/wp\/v2\/media\/1368"}],"wp:attachment":[{"href":"https:\/\/www.prix.com.br\/prisma-inteligencia\/wp-json\/wp\/v2\/media?parent=1366"}],"wp:term":[{"taxonomy":"category","embeddable":true,"href":"https:\/\/www.prix.com.br\/prisma-inteligencia\/wp-json\/wp\/v2\/categories?post=1366"},{"taxonomy":"post_tag","embeddable":true,"href":"https:\/\/www.prix.com.br\/prisma-inteligencia\/wp-json\/wp\/v2\/tags?post=1366"}],"curies":[{"name":"wp","href":"https:\/\/api.w.org\/{rel}","templated":true}]}}