{"id":1386,"date":"2020-04-14T11:25:23","date_gmt":"2020-04-14T14:25:23","guid":{"rendered":"http:\/\/www.prix.com.br\/prisma-inteligencia\/?p=1386"},"modified":"2020-04-14T11:25:59","modified_gmt":"2020-04-14T14:25:59","slug":"coronavirus-o-que-o-brasil-pode-aprender-com-portugal","status":"publish","type":"post","link":"https:\/\/www.prix.com.br\/prisma-inteligencia\/coronavirus-o-que-o-brasil-pode-aprender-com-portugal\/","title":{"rendered":"Coronav\u00edrus: o que o Brasil pode aprender com Portugal?"},"content":{"rendered":"\n<p>O coronav\u00edrus se espalhou pelo mundo. A pandemia que pegou a\nEuropa em cheio tem na It\u00e1lia e na Espanha, os seus membros mais atingidos. At\u00e9\naqui, Portugal tem demonstrado resist\u00eancia. Diferente do Brasil, em Portugal n\u00e3o\nh\u00e1 questionamento sobre as medidas adotadas pelo governo socialista. O governo\nportugu\u00eas agiu r\u00e1pido, num momento em que a doen\u00e7a ainda estava na fase de transmiss\u00e3o\nentre pessoas que vieram do estrangeiro, principalmente da It\u00e1lia, para os residentes\nem Portugal. &nbsp;&nbsp;<\/p>\n\n\n\n<p>Numa retrospectiva dos fatos, Portugal entrou em quarentena\nvolunt\u00e1ria no dia 14 de mar\u00e7o, as escolas suspenderam as aulas no dia 16 e em\n18 de mar\u00e7o, foi decretado o estado de emerg\u00eancia pelo Presidente da Rep\u00fablica\nMarcelo Rebelo de Souza. Ou seja: as medidas necess\u00e1rias foram tomadas, ao\nmesmo tempo em que It\u00e1lia, Espanha e Fran\u00e7a tomaram as suas. &nbsp;A expans\u00e3o da epidemia em solo portugu\u00eas ainda\nn\u00e3o estava t\u00e3o propagada como nesses pa\u00edses. <\/p>\n\n\n\n<p>E o que podemos aprender com toda essa situa\u00e7\u00e3o de quarentena e\nisolamento social? Primeiro, o mercado empresarial portugu\u00eas sabe o tamanho da\ncrise que tem pela frente e dos preju\u00edzos a amargar durante esse per\u00edodo de\nparalisa\u00e7\u00e3o. Embora existam tamb\u00e9m diverg\u00eancias sobre a intensidade, as medidas\ndo governo, em momento algum foram politizadas ou demonizadas para a popula\u00e7\u00e3o,\nseja pelos empres\u00e1rios, pela m\u00eddia ou pela oposi\u00e7\u00e3o. Os partidos de centro\/direita\nrepresentados pelos partidos PSD e CDS tem adotado um discurso \u201cque \u00e9 preciso primeiro\nsalvar vidas e depois minimizar os impactos sobre a economia\u201d. S\u00f3 que o \u201cdepois\u201d\n\u00e9 agora, com medidas de natureza econ\u00f4mica e financeira de apoio aos\nempres\u00e1rios, aut\u00f4nomos e empregados. <\/p>\n\n\n\n<p>O segundo aprendizado fica por conta da comunica\u00e7\u00e3o. O partido\nsocialista tem demonstrado f\u00f4lego em atender todos os questionamentos da m\u00eddia\ne agido de forma coordenada e com prud\u00eancia. N\u00e3o h\u00e1 promessas. H\u00e1 sim informa\u00e7\u00f5es,\ndados e constata\u00e7\u00f5es. Com coletivas di\u00e1rias fixas, entrevistas dos governantes\nnos programas de r\u00e1dio e televis\u00e3o e farto di\u00e1logo com a classe m\u00e9dica e\ncient\u00edfica. <\/p>\n\n\n\n<p>Com uma popula\u00e7\u00e3o relativamente pequena, o n\u00famero de infectados\nversus mortalidade \u00e9 ligeiramente acima da m\u00e9dia dos pa\u00edses no mundo, mas Portugal\ncaminha por comprovar que pelo fato de ter adotado medidas restritivas no ir e\nvir das pessoas, conseguir\u00e1 o tempo necess\u00e1rio para atender as demandas de\ninterna\u00e7\u00e3o e atenuar o pico da pandemia. O SNS Servi\u00e7o Nacional de Sa\u00fade\nportugu\u00eas tem se desdobrado para garantir o atendimento aos infectados, tomou\nmedidas como a amplia\u00e7\u00e3o da oferta de leitos e a importa\u00e7\u00e3o de equipamentos da\nChina para mitigar os efeitos da doen\u00e7a. Tamb\u00e9m \u00e9 importante ressaltar os\nesfor\u00e7os das C\u00e2maras municipais \u00e0s nossas prefeituras, no trabalho auxiliar ao\ndo governo. Destacaria a C\u00e2mara de Braga que tomou medidas important\u00edssimas\ncomo: linha telef\u00f4nica exclusiva para aux\u00edlio aos idosos em isolamento ou em\nsitua\u00e7\u00e3o vulner\u00e1vel, cria\u00e7\u00e3o de um centro de rastreio para aplica\u00e7\u00e3o de testes\ndo coronav\u00edrus, campanha educativa para o isolamento social, alojamento para os\nprofissionais da sa\u00fade, dentre outras.&nbsp; &nbsp;&nbsp;<\/p>\n\n\n\n<p>Passada toda essa fase,\nque n\u00e3o sabemos quanto tempo levar\u00e1, o caminho da recupera\u00e7\u00e3o econ\u00f4mica ser\u00e1\nlongo. Portugal n\u00e3o depender\u00e1 somente de seu esfor\u00e7o, mas principalmente da\ncomunidade europeia que ter\u00e1 que trabalhar em bloco se deseja de fato, resolver\nos problemas de uma Europa que ter\u00e1 uma forte redu\u00e7\u00e3o na produ\u00e7\u00e3o interna e um\nn\u00edvel de desemprego na casa dos dois dos d\u00edgitos. Como disse o primeiro\nministro Antonio Costa, a Uni\u00e3o Europeia tem que fazer a parte dela ou\nsimplesmente perder\u00e1 o sentido de existir. &nbsp;&nbsp;<\/p>\n","protected":false},"excerpt":{"rendered":"<p>O coronav\u00edrus se espalhou pelo mundo. A pandemia que pegou a Europa em cheio tem na It\u00e1lia e na Espanha, os seus membros mais atingidos. At\u00e9 aqui, Portugal tem demonstrado resist\u00eancia.<\/p>\n","protected":false},"author":8,"featured_media":1387,"comment_status":"open","ping_status":"open","sticky":false,"template":"","format":"standard","meta":[],"categories":[19],"tags":[21,14,20],"yoast_head":"<!-- This site is optimized with the Yoast SEO plugin v21.8.1 - https:\/\/yoast.com\/wordpress\/plugins\/seo\/ -->\n<title>Coronav\u00edrus: o que o Brasil pode aprender com Portugal? - Prisma Intelig\u00eancia<\/title>\n<meta name=\"robots\" content=\"index, follow, max-snippet:-1, max-image-preview:large, max-video-preview:-1\" \/>\n<link rel=\"canonical\" href=\"https:\/\/www.prix.com.br\/prisma-inteligencia\/coronavirus-o-que-o-brasil-pode-aprender-com-portugal\/\" \/>\n<meta property=\"og:locale\" content=\"pt_BR\" \/>\n<meta property=\"og:type\" content=\"article\" \/>\n<meta property=\"og:title\" content=\"Coronav\u00edrus: o que o Brasil pode aprender com Portugal? - Prisma Intelig\u00eancia\" \/>\n<meta property=\"og:description\" content=\"O coronav\u00edrus se espalhou pelo mundo. A pandemia que pegou a Europa em cheio tem na It\u00e1lia e na Espanha, os seus membros mais atingidos. At\u00e9 aqui, Portugal tem demonstrado resist\u00eancia.\" \/>\n<meta property=\"og:url\" content=\"https:\/\/www.prix.com.br\/prisma-inteligencia\/coronavirus-o-que-o-brasil-pode-aprender-com-portugal\/\" \/>\n<meta property=\"og:site_name\" content=\"Prisma Intelig\u00eancia\" \/>\n<meta property=\"article:published_time\" content=\"2020-04-14T14:25:23+00:00\" \/>\n<meta property=\"article:modified_time\" content=\"2020-04-14T14:25:59+00:00\" \/>\n<meta property=\"og:image\" content=\"https:\/\/www.prix.com.br\/prisma-inteligencia\/wp-content\/uploads\/2020\/04\/coronavirus-lisboa-portugal-10032020212409418.jpeg\" \/>\n\t<meta property=\"og:image:width\" content=\"660\" \/>\n\t<meta property=\"og:image:height\" content=\"360\" \/>\n\t<meta property=\"og:image:type\" content=\"image\/jpeg\" \/>\n<meta name=\"author\" content=\"Fernando Manhaes\" \/>\n<meta name=\"twitter:card\" content=\"summary_large_image\" \/>\n<meta name=\"twitter:label1\" content=\"Escrito por\" \/>\n\t<meta name=\"twitter:data1\" content=\"Fernando Manhaes\" \/>\n\t<meta name=\"twitter:label2\" content=\"Est. tempo de leitura\" \/>\n\t<meta name=\"twitter:data2\" content=\"3 minutos\" \/>\n<script type=\"application\/ld+json\" class=\"yoast-schema-graph\">{\"@context\":\"https:\/\/schema.org\",\"@graph\":[{\"@type\":\"Article\",\"@id\":\"https:\/\/www.prix.com.br\/prisma-inteligencia\/coronavirus-o-que-o-brasil-pode-aprender-com-portugal\/#article\",\"isPartOf\":{\"@id\":\"https:\/\/www.prix.com.br\/prisma-inteligencia\/coronavirus-o-que-o-brasil-pode-aprender-com-portugal\/\"},\"author\":{\"name\":\"Fernando Manhaes\",\"@id\":\"https:\/\/www.prix.com.br\/prisma-inteligencia\/#\/schema\/person\/1b00e8d3734610e390fddaf46d05e59e\"},\"headline\":\"Coronav\u00edrus: o que o Brasil pode aprender com Portugal?\",\"datePublished\":\"2020-04-14T14:25:23+00:00\",\"dateModified\":\"2020-04-14T14:25:59+00:00\",\"mainEntityOfPage\":{\"@id\":\"https:\/\/www.prix.com.br\/prisma-inteligencia\/coronavirus-o-que-o-brasil-pode-aprender-com-portugal\/\"},\"wordCount\":670,\"commentCount\":0,\"publisher\":{\"@id\":\"https:\/\/www.prix.com.br\/prisma-inteligencia\/#organization\"},\"keywords\":[\"brasil\",\"coronav\u00edrus\",\"portugal\"],\"articleSection\":[\"Coronav\u00edrus\"],\"inLanguage\":\"pt-BR\",\"potentialAction\":[{\"@type\":\"CommentAction\",\"name\":\"Comment\",\"target\":[\"https:\/\/www.prix.com.br\/prisma-inteligencia\/coronavirus-o-que-o-brasil-pode-aprender-com-portugal\/#respond\"]}]},{\"@type\":\"WebPage\",\"@id\":\"https:\/\/www.prix.com.br\/prisma-inteligencia\/coronavirus-o-que-o-brasil-pode-aprender-com-portugal\/\",\"url\":\"https:\/\/www.prix.com.br\/prisma-inteligencia\/coronavirus-o-que-o-brasil-pode-aprender-com-portugal\/\",\"name\":\"Coronav\u00edrus: o que o Brasil pode aprender com Portugal? - Prisma Intelig\u00eancia\",\"isPartOf\":{\"@id\":\"https:\/\/www.prix.com.br\/prisma-inteligencia\/#website\"},\"datePublished\":\"2020-04-14T14:25:23+00:00\",\"dateModified\":\"2020-04-14T14:25:59+00:00\",\"breadcrumb\":{\"@id\":\"https:\/\/www.prix.com.br\/prisma-inteligencia\/coronavirus-o-que-o-brasil-pode-aprender-com-portugal\/#breadcrumb\"},\"inLanguage\":\"pt-BR\",\"potentialAction\":[{\"@type\":\"ReadAction\",\"target\":[\"https:\/\/www.prix.com.br\/prisma-inteligencia\/coronavirus-o-que-o-brasil-pode-aprender-com-portugal\/\"]}]},{\"@type\":\"BreadcrumbList\",\"@id\":\"https:\/\/www.prix.com.br\/prisma-inteligencia\/coronavirus-o-que-o-brasil-pode-aprender-com-portugal\/#breadcrumb\",\"itemListElement\":[{\"@type\":\"ListItem\",\"position\":1,\"name\":\"In\u00edcio\",\"item\":\"https:\/\/www.prix.com.br\/prisma-inteligencia\/\"},{\"@type\":\"ListItem\",\"position\":2,\"name\":\"Coronav\u00edrus: o que o Brasil pode aprender com Portugal?\"}]},{\"@type\":\"WebSite\",\"@id\":\"https:\/\/www.prix.com.br\/prisma-inteligencia\/#website\",\"url\":\"https:\/\/www.prix.com.br\/prisma-inteligencia\/\",\"name\":\"Prisma Intelig\u00eancia\",\"description\":\"Segundo o Instituto Ipsos especializado em h\u00e1bitos de consumo e comunica\u00e7\u00e3o, somos impactados diariamente, por mais seis mil mensagens publicit\u00e1rias.\",\"publisher\":{\"@id\":\"https:\/\/www.prix.com.br\/prisma-inteligencia\/#organization\"},\"potentialAction\":[{\"@type\":\"SearchAction\",\"target\":{\"@type\":\"EntryPoint\",\"urlTemplate\":\"https:\/\/www.prix.com.br\/prisma-inteligencia\/?s={search_term_string}\"},\"query-input\":\"required name=search_term_string\"}],\"inLanguage\":\"pt-BR\"},{\"@type\":\"Organization\",\"@id\":\"https:\/\/www.prix.com.br\/prisma-inteligencia\/#organization\",\"name\":\"Prisma Intelig\u00eancia\",\"url\":\"https:\/\/www.prix.com.br\/prisma-inteligencia\/\",\"logo\":{\"@type\":\"ImageObject\",\"inLanguage\":\"pt-BR\",\"@id\":\"https:\/\/www.prix.com.br\/prisma-inteligencia\/#\/schema\/logo\/image\/\",\"url\":\"https:\/\/www.prix.com.br\/prisma-inteligencia\/wp-content\/uploads\/2019\/09\/Logo-Prisma.png\",\"contentUrl\":\"https:\/\/www.prix.com.br\/prisma-inteligencia\/wp-content\/uploads\/2019\/09\/Logo-Prisma.png\",\"width\":554,\"height\":154,\"caption\":\"Prisma Intelig\u00eancia\"},\"image\":{\"@id\":\"https:\/\/www.prix.com.br\/prisma-inteligencia\/#\/schema\/logo\/image\/\"}},{\"@type\":\"Person\",\"@id\":\"https:\/\/www.prix.com.br\/prisma-inteligencia\/#\/schema\/person\/1b00e8d3734610e390fddaf46d05e59e\",\"name\":\"Fernando Manhaes\",\"image\":{\"@type\":\"ImageObject\",\"inLanguage\":\"pt-BR\",\"@id\":\"https:\/\/www.prix.com.br\/prisma-inteligencia\/#\/schema\/person\/image\/\",\"url\":\"https:\/\/secure.gravatar.com\/avatar\/075cc60521e8f87678c82def36ba0546?s=96&d=mm&r=g\",\"contentUrl\":\"https:\/\/secure.gravatar.com\/avatar\/075cc60521e8f87678c82def36ba0546?s=96&d=mm&r=g\",\"caption\":\"Fernando Manhaes\"},\"url\":\"https:\/\/www.prix.com.br\/prisma-inteligencia\/author\/fernandomanhaes\/\"}]}<\/script>\n<!-- \/ Yoast SEO plugin. -->","yoast_head_json":{"title":"Coronav\u00edrus: o que o Brasil pode aprender com Portugal? - Prisma Intelig\u00eancia","robots":{"index":"index","follow":"follow","max-snippet":"max-snippet:-1","max-image-preview":"max-image-preview:large","max-video-preview":"max-video-preview:-1"},"canonical":"https:\/\/www.prix.com.br\/prisma-inteligencia\/coronavirus-o-que-o-brasil-pode-aprender-com-portugal\/","og_locale":"pt_BR","og_type":"article","og_title":"Coronav\u00edrus: o que o Brasil pode aprender com Portugal? - Prisma Intelig\u00eancia","og_description":"O coronav\u00edrus se espalhou pelo mundo. A pandemia que pegou a Europa em cheio tem na It\u00e1lia e na Espanha, os seus membros mais atingidos. At\u00e9 aqui, Portugal tem demonstrado resist\u00eancia.","og_url":"https:\/\/www.prix.com.br\/prisma-inteligencia\/coronavirus-o-que-o-brasil-pode-aprender-com-portugal\/","og_site_name":"Prisma Intelig\u00eancia","article_published_time":"2020-04-14T14:25:23+00:00","article_modified_time":"2020-04-14T14:25:59+00:00","og_image":[{"width":660,"height":360,"url":"https:\/\/www.prix.com.br\/prisma-inteligencia\/wp-content\/uploads\/2020\/04\/coronavirus-lisboa-portugal-10032020212409418.jpeg","type":"image\/jpeg"}],"author":"Fernando Manhaes","twitter_card":"summary_large_image","twitter_misc":{"Escrito por":"Fernando Manhaes","Est. tempo de leitura":"3 minutos"},"schema":{"@context":"https:\/\/schema.org","@graph":[{"@type":"Article","@id":"https:\/\/www.prix.com.br\/prisma-inteligencia\/coronavirus-o-que-o-brasil-pode-aprender-com-portugal\/#article","isPartOf":{"@id":"https:\/\/www.prix.com.br\/prisma-inteligencia\/coronavirus-o-que-o-brasil-pode-aprender-com-portugal\/"},"author":{"name":"Fernando Manhaes","@id":"https:\/\/www.prix.com.br\/prisma-inteligencia\/#\/schema\/person\/1b00e8d3734610e390fddaf46d05e59e"},"headline":"Coronav\u00edrus: o que o Brasil pode aprender com Portugal?","datePublished":"2020-04-14T14:25:23+00:00","dateModified":"2020-04-14T14:25:59+00:00","mainEntityOfPage":{"@id":"https:\/\/www.prix.com.br\/prisma-inteligencia\/coronavirus-o-que-o-brasil-pode-aprender-com-portugal\/"},"wordCount":670,"commentCount":0,"publisher":{"@id":"https:\/\/www.prix.com.br\/prisma-inteligencia\/#organization"},"keywords":["brasil","coronav\u00edrus","portugal"],"articleSection":["Coronav\u00edrus"],"inLanguage":"pt-BR","potentialAction":[{"@type":"CommentAction","name":"Comment","target":["https:\/\/www.prix.com.br\/prisma-inteligencia\/coronavirus-o-que-o-brasil-pode-aprender-com-portugal\/#respond"]}]},{"@type":"WebPage","@id":"https:\/\/www.prix.com.br\/prisma-inteligencia\/coronavirus-o-que-o-brasil-pode-aprender-com-portugal\/","url":"https:\/\/www.prix.com.br\/prisma-inteligencia\/coronavirus-o-que-o-brasil-pode-aprender-com-portugal\/","name":"Coronav\u00edrus: o que o Brasil pode aprender com Portugal? - Prisma Intelig\u00eancia","isPartOf":{"@id":"https:\/\/www.prix.com.br\/prisma-inteligencia\/#website"},"datePublished":"2020-04-14T14:25:23+00:00","dateModified":"2020-04-14T14:25:59+00:00","breadcrumb":{"@id":"https:\/\/www.prix.com.br\/prisma-inteligencia\/coronavirus-o-que-o-brasil-pode-aprender-com-portugal\/#breadcrumb"},"inLanguage":"pt-BR","potentialAction":[{"@type":"ReadAction","target":["https:\/\/www.prix.com.br\/prisma-inteligencia\/coronavirus-o-que-o-brasil-pode-aprender-com-portugal\/"]}]},{"@type":"BreadcrumbList","@id":"https:\/\/www.prix.com.br\/prisma-inteligencia\/coronavirus-o-que-o-brasil-pode-aprender-com-portugal\/#breadcrumb","itemListElement":[{"@type":"ListItem","position":1,"name":"In\u00edcio","item":"https:\/\/www.prix.com.br\/prisma-inteligencia\/"},{"@type":"ListItem","position":2,"name":"Coronav\u00edrus: o que o Brasil pode aprender com Portugal?"}]},{"@type":"WebSite","@id":"https:\/\/www.prix.com.br\/prisma-inteligencia\/#website","url":"https:\/\/www.prix.com.br\/prisma-inteligencia\/","name":"Prisma Intelig\u00eancia","description":"Segundo o Instituto Ipsos especializado em h\u00e1bitos de consumo e comunica\u00e7\u00e3o, somos impactados diariamente, por mais seis mil mensagens publicit\u00e1rias.","publisher":{"@id":"https:\/\/www.prix.com.br\/prisma-inteligencia\/#organization"},"potentialAction":[{"@type":"SearchAction","target":{"@type":"EntryPoint","urlTemplate":"https:\/\/www.prix.com.br\/prisma-inteligencia\/?s={search_term_string}"},"query-input":"required name=search_term_string"}],"inLanguage":"pt-BR"},{"@type":"Organization","@id":"https:\/\/www.prix.com.br\/prisma-inteligencia\/#organization","name":"Prisma Intelig\u00eancia","url":"https:\/\/www.prix.com.br\/prisma-inteligencia\/","logo":{"@type":"ImageObject","inLanguage":"pt-BR","@id":"https:\/\/www.prix.com.br\/prisma-inteligencia\/#\/schema\/logo\/image\/","url":"https:\/\/www.prix.com.br\/prisma-inteligencia\/wp-content\/uploads\/2019\/09\/Logo-Prisma.png","contentUrl":"https:\/\/www.prix.com.br\/prisma-inteligencia\/wp-content\/uploads\/2019\/09\/Logo-Prisma.png","width":554,"height":154,"caption":"Prisma Intelig\u00eancia"},"image":{"@id":"https:\/\/www.prix.com.br\/prisma-inteligencia\/#\/schema\/logo\/image\/"}},{"@type":"Person","@id":"https:\/\/www.prix.com.br\/prisma-inteligencia\/#\/schema\/person\/1b00e8d3734610e390fddaf46d05e59e","name":"Fernando Manhaes","image":{"@type":"ImageObject","inLanguage":"pt-BR","@id":"https:\/\/www.prix.com.br\/prisma-inteligencia\/#\/schema\/person\/image\/","url":"https:\/\/secure.gravatar.com\/avatar\/075cc60521e8f87678c82def36ba0546?s=96&d=mm&r=g","contentUrl":"https:\/\/secure.gravatar.com\/avatar\/075cc60521e8f87678c82def36ba0546?s=96&d=mm&r=g","caption":"Fernando Manhaes"},"url":"https:\/\/www.prix.com.br\/prisma-inteligencia\/author\/fernandomanhaes\/"}]}},"_links":{"self":[{"href":"https:\/\/www.prix.com.br\/prisma-inteligencia\/wp-json\/wp\/v2\/posts\/1386"}],"collection":[{"href":"https:\/\/www.prix.com.br\/prisma-inteligencia\/wp-json\/wp\/v2\/posts"}],"about":[{"href":"https:\/\/www.prix.com.br\/prisma-inteligencia\/wp-json\/wp\/v2\/types\/post"}],"author":[{"embeddable":true,"href":"https:\/\/www.prix.com.br\/prisma-inteligencia\/wp-json\/wp\/v2\/users\/8"}],"replies":[{"embeddable":true,"href":"https:\/\/www.prix.com.br\/prisma-inteligencia\/wp-json\/wp\/v2\/comments?post=1386"}],"version-history":[{"count":1,"href":"https:\/\/www.prix.com.br\/prisma-inteligencia\/wp-json\/wp\/v2\/posts\/1386\/revisions"}],"predecessor-version":[{"id":1388,"href":"https:\/\/www.prix.com.br\/prisma-inteligencia\/wp-json\/wp\/v2\/posts\/1386\/revisions\/1388"}],"wp:featuredmedia":[{"embeddable":true,"href":"https:\/\/www.prix.com.br\/prisma-inteligencia\/wp-json\/wp\/v2\/media\/1387"}],"wp:attachment":[{"href":"https:\/\/www.prix.com.br\/prisma-inteligencia\/wp-json\/wp\/v2\/media?parent=1386"}],"wp:term":[{"taxonomy":"category","embeddable":true,"href":"https:\/\/www.prix.com.br\/prisma-inteligencia\/wp-json\/wp\/v2\/categories?post=1386"},{"taxonomy":"post_tag","embeddable":true,"href":"https:\/\/www.prix.com.br\/prisma-inteligencia\/wp-json\/wp\/v2\/tags?post=1386"}],"curies":[{"name":"wp","href":"https:\/\/api.w.org\/{rel}","templated":true}]}}