{"id":1389,"date":"2020-04-14T11:30:32","date_gmt":"2020-04-14T14:30:32","guid":{"rendered":"http:\/\/www.prix.com.br\/prisma-inteligencia\/?p=1389"},"modified":"2020-04-14T11:30:32","modified_gmt":"2020-04-14T14:30:32","slug":"coronavirus-avanca-em-portugal","status":"publish","type":"post","link":"https:\/\/www.prix.com.br\/prisma-inteligencia\/coronavirus-avanca-em-portugal\/","title":{"rendered":"Coronav\u00edrus avan\u00e7a em Portugal"},"content":{"rendered":"\n<p>A Europa como um todo sofre com os efeitos da pandemia do coronav\u00edrus, a Covid-19. \u00c9 l\u00f3gico que o v\u00edrus n\u00e3o se espalhou de forma uniforme e t\u00e3o pouco, foi seletivo pelos pa\u00edses. De um lado, a It\u00e1lia \u00e9 de longe o pa\u00eds europeu mais atingido e de outro, Portugal ainda demonstra resist\u00eancia \u00e0 prolifera\u00e7\u00e3o do v\u00edrus. Desde que o novo coronav\u00edrus foi descoberto na China, a imprensa portuguesa vem noticiando com frequ\u00eancia e de forma alarmista, a escalada da epidemia pelo mundo. Aqui em Portugal, as autoridades da sa\u00fade n\u00e3o podem dizer que foram pegas de surpresa. O governo portugu\u00eas tem procurado agir r\u00e1pido, embora muitos considerem estes movimentos demasiadamente desproporcionais. De qualquer forma, tanto do ponto de vista da sa\u00fade, da vida social e da economia, os planos de conting\u00eancia para controlar o avan\u00e7o do v\u00edrus fazem sentido. \u00a0<\/p>\n\n\n\n<p>N\u00e3o\npodemos comparar coisas diferentes de forma igual: a It\u00e1lia tem 68 milh\u00f5es de\nhabitantes e Portugal tem 10 milh\u00f5es. Entretanto, o governo italiano foi tardio\nem suas medidas de conten\u00e7\u00e3o e a popula\u00e7\u00e3o italiana n\u00e3o entendeu de pronto a\ngravidade da contamina\u00e7\u00e3o do v\u00edrus. J\u00e1 em Portugal, muito pelo contr\u00e1rio, h\u00e1\nquem diga que a restri\u00e7\u00e3o ao conv\u00edvio social, a proibi\u00e7\u00e3o de eventos com mais\nde 1000 pessoas em ambientes fechados, ou com 5000 pessoas em locais abertos e\no fechamento de escolas, controle de fronteiras entre Portugal e Espanha e mais\num pacote de 30 &nbsp;medidas, s\u00e3o precau\u00e7\u00f5es exageradas.\nMas na pr\u00e1tica, estas medidas t\u00eam demonstrado at\u00e9 aqui, sua assertividade. <\/p>\n\n\n\n<p>O norte\nde Portugal \u00e9 de fato a \u00e1rea mais atingida. Aqui em Braga, reduto significativo\nde brasileiros, a popula\u00e7\u00e3o tem se mobilizado para conter a doen\u00e7a. O Reitor da\nUniversidade do Minho, Rui Vieira de Castro, estendeu a medida de fechamento do\nICS \u2013 Instituto de Ci\u00eancias Sociais \u2013 onde apareceu um caso de contamina\u00e7\u00e3o de\num aluno do curso de Hist\u00f3ria \u2013 para toda a Universidade. A decis\u00e3o mostrou-se apropriada\ne foi seguida por in\u00fameras Universidades pelo pa\u00eds.&nbsp;&nbsp; &nbsp;<\/p>\n\n\n\n<p>Quando o Presidente Marcelo Rabelo\nde Souza imp\u00f4s a si pr\u00f3prio uma quarentena, ap\u00f3s ter tido contato com um grupo\nde alunos, um deles contaminado, houve uma s\u00e9rie de cr\u00edticas. Posteriormente, o\nresultado do seu teste foi negativo para o coronav\u00edrus e as cr\u00edticas aumentaram\nainda mais, pois o presidente n\u00e3o apresentava sintomas e mesmo assim, apesar do\nresultado negativo, manteve seu afastamento at\u00e9 completar os 14 dias da quarentena.\nMedida sensata, uma vez que o presidente \u00e9 muito conhecido aqui em Portugal por\nfrequentar v\u00e1rios lugares, comparecer a in\u00fameros eventos e de ser extremamente\nafetuoso com os portugueses. Amanh\u00e3 o presidente e o primeiro ministro se\nre\u00fanem com o conselho de Estado para decidir sobre a decreta\u00e7\u00e3o do estado de\nemerg\u00eancia em Portugal.&nbsp; <\/p>\n\n\n\n<p>\u00c9 curioso como Portugal se mobilizou\nrapidamente. O primeiro ministro Ant\u00f3nio Costa e sua equipe de ministros responderam\nprontamente com medidas pr\u00e1ticas, com a preocupa\u00e7\u00e3o de passar informa\u00e7\u00f5es reais\npara m\u00eddia e consequentemente para popula\u00e7\u00e3o, tanto dos riscos quanto das medidas\nque foram tomadas pelo governo. Sinceramente, o SNS Servi\u00e7o Nacional\nde Sa\u00fade portugu\u00eas tem seus problemas, mas vem se desdobrando para garantir\natendimento pleno n\u00e3o s\u00f3 aos portugueses, mas tamb\u00e9m a todos que dele\nnecessitam, como n\u00f3s brasileiros, por exemplo. <\/p>\n\n\n\n<p>O caminho da recupera\u00e7\u00e3o econ\u00f4mica ser\u00e1 longo. Portugal tem no turismo sua principal fonte de receita (representa aproximadamente 15% do PIB portugu\u00eas) e foi o primeiro e o mais atingido, neste sentido, pela pandemia. Uma \u00faltima nota ruim nisso tudo vai para a Uni\u00e3o Europeia que at\u00e9 o presente momento, pouco se pronunciou e quando o fez, foi de forma protocolar. Parece at\u00e9 que a Europa n\u00e3o foi duramente atingida e o p\u00f3s Covid-19 ser\u00e1 muito custoso para o continente europeu, que j\u00e1 andava pelas tabelas com o Brexit, com a queda nas exporta\u00e7\u00f5es, com os movimentos migrat\u00f3rios e com a desacelera\u00e7\u00e3o das principais economias.\u00a0\u00a0 \u00a0<\/p>\n","protected":false},"excerpt":{"rendered":"<p>A Europa como um todo sofre com os efeitos da pandemia do coronav\u00edrus, a Covid-19. \u00c9 l\u00f3gico que o v\u00edrus n\u00e3o se espalhou de forma uniforme e t\u00e3o pouco, foi seletivo pelos pa\u00edses.<\/p>\n","protected":false},"author":8,"featured_media":1390,"comment_status":"open","ping_status":"open","sticky":false,"template":"","format":"standard","meta":[],"categories":[19],"tags":[21,14,13,20],"yoast_head":"<!-- This site is optimized with the Yoast SEO plugin v21.8.1 - https:\/\/yoast.com\/wordpress\/plugins\/seo\/ -->\n<title>Coronav\u00edrus avan\u00e7a em Portugal - Prisma Intelig\u00eancia<\/title>\n<meta name=\"robots\" content=\"index, follow, max-snippet:-1, max-image-preview:large, max-video-preview:-1\" \/>\n<link rel=\"canonical\" href=\"https:\/\/www.prix.com.br\/prisma-inteligencia\/coronavirus-avanca-em-portugal\/\" \/>\n<meta property=\"og:locale\" content=\"pt_BR\" \/>\n<meta property=\"og:type\" content=\"article\" \/>\n<meta property=\"og:title\" content=\"Coronav\u00edrus avan\u00e7a em Portugal - Prisma Intelig\u00eancia\" \/>\n<meta property=\"og:description\" content=\"A Europa como um todo sofre com os efeitos da pandemia do coronav\u00edrus, a Covid-19. \u00c9 l\u00f3gico que o v\u00edrus n\u00e3o se espalhou de forma uniforme e t\u00e3o pouco, foi seletivo pelos pa\u00edses.\" \/>\n<meta property=\"og:url\" content=\"https:\/\/www.prix.com.br\/prisma-inteligencia\/coronavirus-avanca-em-portugal\/\" \/>\n<meta property=\"og:site_name\" content=\"Prisma Intelig\u00eancia\" \/>\n<meta property=\"article:published_time\" content=\"2020-04-14T14:30:32+00:00\" \/>\n<meta property=\"og:image\" content=\"https:\/\/www.prix.com.br\/prisma-inteligencia\/wp-content\/uploads\/2020\/04\/2871-2560x852-1-1024x341.png\" \/>\n\t<meta property=\"og:image:width\" content=\"1024\" \/>\n\t<meta property=\"og:image:height\" content=\"341\" \/>\n\t<meta property=\"og:image:type\" content=\"image\/png\" \/>\n<meta name=\"author\" content=\"Fernando Manhaes\" \/>\n<meta name=\"twitter:card\" content=\"summary_large_image\" \/>\n<meta name=\"twitter:label1\" content=\"Escrito por\" \/>\n\t<meta name=\"twitter:data1\" content=\"Fernando Manhaes\" \/>\n\t<meta name=\"twitter:label2\" content=\"Est. tempo de leitura\" \/>\n\t<meta name=\"twitter:data2\" content=\"4 minutos\" \/>\n<script type=\"application\/ld+json\" class=\"yoast-schema-graph\">{\"@context\":\"https:\/\/schema.org\",\"@graph\":[{\"@type\":\"Article\",\"@id\":\"https:\/\/www.prix.com.br\/prisma-inteligencia\/coronavirus-avanca-em-portugal\/#article\",\"isPartOf\":{\"@id\":\"https:\/\/www.prix.com.br\/prisma-inteligencia\/coronavirus-avanca-em-portugal\/\"},\"author\":{\"name\":\"Fernando Manhaes\",\"@id\":\"https:\/\/www.prix.com.br\/prisma-inteligencia\/#\/schema\/person\/1b00e8d3734610e390fddaf46d05e59e\"},\"headline\":\"Coronav\u00edrus avan\u00e7a em Portugal\",\"datePublished\":\"2020-04-14T14:30:32+00:00\",\"dateModified\":\"2020-04-14T14:30:32+00:00\",\"mainEntityOfPage\":{\"@id\":\"https:\/\/www.prix.com.br\/prisma-inteligencia\/coronavirus-avanca-em-portugal\/\"},\"wordCount\":717,\"commentCount\":0,\"publisher\":{\"@id\":\"https:\/\/www.prix.com.br\/prisma-inteligencia\/#organization\"},\"keywords\":[\"brasil\",\"coronav\u00edrus\",\"crise\",\"portugal\"],\"articleSection\":[\"Coronav\u00edrus\"],\"inLanguage\":\"pt-BR\",\"potentialAction\":[{\"@type\":\"CommentAction\",\"name\":\"Comment\",\"target\":[\"https:\/\/www.prix.com.br\/prisma-inteligencia\/coronavirus-avanca-em-portugal\/#respond\"]}]},{\"@type\":\"WebPage\",\"@id\":\"https:\/\/www.prix.com.br\/prisma-inteligencia\/coronavirus-avanca-em-portugal\/\",\"url\":\"https:\/\/www.prix.com.br\/prisma-inteligencia\/coronavirus-avanca-em-portugal\/\",\"name\":\"Coronav\u00edrus avan\u00e7a em Portugal - Prisma Intelig\u00eancia\",\"isPartOf\":{\"@id\":\"https:\/\/www.prix.com.br\/prisma-inteligencia\/#website\"},\"datePublished\":\"2020-04-14T14:30:32+00:00\",\"dateModified\":\"2020-04-14T14:30:32+00:00\",\"breadcrumb\":{\"@id\":\"https:\/\/www.prix.com.br\/prisma-inteligencia\/coronavirus-avanca-em-portugal\/#breadcrumb\"},\"inLanguage\":\"pt-BR\",\"potentialAction\":[{\"@type\":\"ReadAction\",\"target\":[\"https:\/\/www.prix.com.br\/prisma-inteligencia\/coronavirus-avanca-em-portugal\/\"]}]},{\"@type\":\"BreadcrumbList\",\"@id\":\"https:\/\/www.prix.com.br\/prisma-inteligencia\/coronavirus-avanca-em-portugal\/#breadcrumb\",\"itemListElement\":[{\"@type\":\"ListItem\",\"position\":1,\"name\":\"In\u00edcio\",\"item\":\"https:\/\/www.prix.com.br\/prisma-inteligencia\/\"},{\"@type\":\"ListItem\",\"position\":2,\"name\":\"Coronav\u00edrus avan\u00e7a em Portugal\"}]},{\"@type\":\"WebSite\",\"@id\":\"https:\/\/www.prix.com.br\/prisma-inteligencia\/#website\",\"url\":\"https:\/\/www.prix.com.br\/prisma-inteligencia\/\",\"name\":\"Prisma Intelig\u00eancia\",\"description\":\"Segundo o Instituto Ipsos especializado em h\u00e1bitos de consumo e comunica\u00e7\u00e3o, somos impactados diariamente, por mais seis mil mensagens publicit\u00e1rias.\",\"publisher\":{\"@id\":\"https:\/\/www.prix.com.br\/prisma-inteligencia\/#organization\"},\"potentialAction\":[{\"@type\":\"SearchAction\",\"target\":{\"@type\":\"EntryPoint\",\"urlTemplate\":\"https:\/\/www.prix.com.br\/prisma-inteligencia\/?s={search_term_string}\"},\"query-input\":\"required name=search_term_string\"}],\"inLanguage\":\"pt-BR\"},{\"@type\":\"Organization\",\"@id\":\"https:\/\/www.prix.com.br\/prisma-inteligencia\/#organization\",\"name\":\"Prisma Intelig\u00eancia\",\"url\":\"https:\/\/www.prix.com.br\/prisma-inteligencia\/\",\"logo\":{\"@type\":\"ImageObject\",\"inLanguage\":\"pt-BR\",\"@id\":\"https:\/\/www.prix.com.br\/prisma-inteligencia\/#\/schema\/logo\/image\/\",\"url\":\"https:\/\/www.prix.com.br\/prisma-inteligencia\/wp-content\/uploads\/2019\/09\/Logo-Prisma.png\",\"contentUrl\":\"https:\/\/www.prix.com.br\/prisma-inteligencia\/wp-content\/uploads\/2019\/09\/Logo-Prisma.png\",\"width\":554,\"height\":154,\"caption\":\"Prisma Intelig\u00eancia\"},\"image\":{\"@id\":\"https:\/\/www.prix.com.br\/prisma-inteligencia\/#\/schema\/logo\/image\/\"}},{\"@type\":\"Person\",\"@id\":\"https:\/\/www.prix.com.br\/prisma-inteligencia\/#\/schema\/person\/1b00e8d3734610e390fddaf46d05e59e\",\"name\":\"Fernando Manhaes\",\"image\":{\"@type\":\"ImageObject\",\"inLanguage\":\"pt-BR\",\"@id\":\"https:\/\/www.prix.com.br\/prisma-inteligencia\/#\/schema\/person\/image\/\",\"url\":\"https:\/\/secure.gravatar.com\/avatar\/075cc60521e8f87678c82def36ba0546?s=96&d=mm&r=g\",\"contentUrl\":\"https:\/\/secure.gravatar.com\/avatar\/075cc60521e8f87678c82def36ba0546?s=96&d=mm&r=g\",\"caption\":\"Fernando Manhaes\"},\"url\":\"https:\/\/www.prix.com.br\/prisma-inteligencia\/author\/fernandomanhaes\/\"}]}<\/script>\n<!-- \/ Yoast SEO plugin. -->","yoast_head_json":{"title":"Coronav\u00edrus avan\u00e7a em Portugal - Prisma Intelig\u00eancia","robots":{"index":"index","follow":"follow","max-snippet":"max-snippet:-1","max-image-preview":"max-image-preview:large","max-video-preview":"max-video-preview:-1"},"canonical":"https:\/\/www.prix.com.br\/prisma-inteligencia\/coronavirus-avanca-em-portugal\/","og_locale":"pt_BR","og_type":"article","og_title":"Coronav\u00edrus avan\u00e7a em Portugal - Prisma Intelig\u00eancia","og_description":"A Europa como um todo sofre com os efeitos da pandemia do coronav\u00edrus, a Covid-19. \u00c9 l\u00f3gico que o v\u00edrus n\u00e3o se espalhou de forma uniforme e t\u00e3o pouco, foi seletivo pelos pa\u00edses.","og_url":"https:\/\/www.prix.com.br\/prisma-inteligencia\/coronavirus-avanca-em-portugal\/","og_site_name":"Prisma Intelig\u00eancia","article_published_time":"2020-04-14T14:30:32+00:00","og_image":[{"width":1024,"height":341,"url":"https:\/\/www.prix.com.br\/prisma-inteligencia\/wp-content\/uploads\/2020\/04\/2871-2560x852-1-1024x341.png","type":"image\/png"}],"author":"Fernando Manhaes","twitter_card":"summary_large_image","twitter_misc":{"Escrito por":"Fernando Manhaes","Est. tempo de leitura":"4 minutos"},"schema":{"@context":"https:\/\/schema.org","@graph":[{"@type":"Article","@id":"https:\/\/www.prix.com.br\/prisma-inteligencia\/coronavirus-avanca-em-portugal\/#article","isPartOf":{"@id":"https:\/\/www.prix.com.br\/prisma-inteligencia\/coronavirus-avanca-em-portugal\/"},"author":{"name":"Fernando Manhaes","@id":"https:\/\/www.prix.com.br\/prisma-inteligencia\/#\/schema\/person\/1b00e8d3734610e390fddaf46d05e59e"},"headline":"Coronav\u00edrus avan\u00e7a em Portugal","datePublished":"2020-04-14T14:30:32+00:00","dateModified":"2020-04-14T14:30:32+00:00","mainEntityOfPage":{"@id":"https:\/\/www.prix.com.br\/prisma-inteligencia\/coronavirus-avanca-em-portugal\/"},"wordCount":717,"commentCount":0,"publisher":{"@id":"https:\/\/www.prix.com.br\/prisma-inteligencia\/#organization"},"keywords":["brasil","coronav\u00edrus","crise","portugal"],"articleSection":["Coronav\u00edrus"],"inLanguage":"pt-BR","potentialAction":[{"@type":"CommentAction","name":"Comment","target":["https:\/\/www.prix.com.br\/prisma-inteligencia\/coronavirus-avanca-em-portugal\/#respond"]}]},{"@type":"WebPage","@id":"https:\/\/www.prix.com.br\/prisma-inteligencia\/coronavirus-avanca-em-portugal\/","url":"https:\/\/www.prix.com.br\/prisma-inteligencia\/coronavirus-avanca-em-portugal\/","name":"Coronav\u00edrus avan\u00e7a em Portugal - Prisma Intelig\u00eancia","isPartOf":{"@id":"https:\/\/www.prix.com.br\/prisma-inteligencia\/#website"},"datePublished":"2020-04-14T14:30:32+00:00","dateModified":"2020-04-14T14:30:32+00:00","breadcrumb":{"@id":"https:\/\/www.prix.com.br\/prisma-inteligencia\/coronavirus-avanca-em-portugal\/#breadcrumb"},"inLanguage":"pt-BR","potentialAction":[{"@type":"ReadAction","target":["https:\/\/www.prix.com.br\/prisma-inteligencia\/coronavirus-avanca-em-portugal\/"]}]},{"@type":"BreadcrumbList","@id":"https:\/\/www.prix.com.br\/prisma-inteligencia\/coronavirus-avanca-em-portugal\/#breadcrumb","itemListElement":[{"@type":"ListItem","position":1,"name":"In\u00edcio","item":"https:\/\/www.prix.com.br\/prisma-inteligencia\/"},{"@type":"ListItem","position":2,"name":"Coronav\u00edrus avan\u00e7a em Portugal"}]},{"@type":"WebSite","@id":"https:\/\/www.prix.com.br\/prisma-inteligencia\/#website","url":"https:\/\/www.prix.com.br\/prisma-inteligencia\/","name":"Prisma Intelig\u00eancia","description":"Segundo o Instituto Ipsos especializado em h\u00e1bitos de consumo e comunica\u00e7\u00e3o, somos impactados diariamente, por mais seis mil mensagens publicit\u00e1rias.","publisher":{"@id":"https:\/\/www.prix.com.br\/prisma-inteligencia\/#organization"},"potentialAction":[{"@type":"SearchAction","target":{"@type":"EntryPoint","urlTemplate":"https:\/\/www.prix.com.br\/prisma-inteligencia\/?s={search_term_string}"},"query-input":"required name=search_term_string"}],"inLanguage":"pt-BR"},{"@type":"Organization","@id":"https:\/\/www.prix.com.br\/prisma-inteligencia\/#organization","name":"Prisma Intelig\u00eancia","url":"https:\/\/www.prix.com.br\/prisma-inteligencia\/","logo":{"@type":"ImageObject","inLanguage":"pt-BR","@id":"https:\/\/www.prix.com.br\/prisma-inteligencia\/#\/schema\/logo\/image\/","url":"https:\/\/www.prix.com.br\/prisma-inteligencia\/wp-content\/uploads\/2019\/09\/Logo-Prisma.png","contentUrl":"https:\/\/www.prix.com.br\/prisma-inteligencia\/wp-content\/uploads\/2019\/09\/Logo-Prisma.png","width":554,"height":154,"caption":"Prisma Intelig\u00eancia"},"image":{"@id":"https:\/\/www.prix.com.br\/prisma-inteligencia\/#\/schema\/logo\/image\/"}},{"@type":"Person","@id":"https:\/\/www.prix.com.br\/prisma-inteligencia\/#\/schema\/person\/1b00e8d3734610e390fddaf46d05e59e","name":"Fernando Manhaes","image":{"@type":"ImageObject","inLanguage":"pt-BR","@id":"https:\/\/www.prix.com.br\/prisma-inteligencia\/#\/schema\/person\/image\/","url":"https:\/\/secure.gravatar.com\/avatar\/075cc60521e8f87678c82def36ba0546?s=96&d=mm&r=g","contentUrl":"https:\/\/secure.gravatar.com\/avatar\/075cc60521e8f87678c82def36ba0546?s=96&d=mm&r=g","caption":"Fernando Manhaes"},"url":"https:\/\/www.prix.com.br\/prisma-inteligencia\/author\/fernandomanhaes\/"}]}},"_links":{"self":[{"href":"https:\/\/www.prix.com.br\/prisma-inteligencia\/wp-json\/wp\/v2\/posts\/1389"}],"collection":[{"href":"https:\/\/www.prix.com.br\/prisma-inteligencia\/wp-json\/wp\/v2\/posts"}],"about":[{"href":"https:\/\/www.prix.com.br\/prisma-inteligencia\/wp-json\/wp\/v2\/types\/post"}],"author":[{"embeddable":true,"href":"https:\/\/www.prix.com.br\/prisma-inteligencia\/wp-json\/wp\/v2\/users\/8"}],"replies":[{"embeddable":true,"href":"https:\/\/www.prix.com.br\/prisma-inteligencia\/wp-json\/wp\/v2\/comments?post=1389"}],"version-history":[{"count":1,"href":"https:\/\/www.prix.com.br\/prisma-inteligencia\/wp-json\/wp\/v2\/posts\/1389\/revisions"}],"predecessor-version":[{"id":1391,"href":"https:\/\/www.prix.com.br\/prisma-inteligencia\/wp-json\/wp\/v2\/posts\/1389\/revisions\/1391"}],"wp:featuredmedia":[{"embeddable":true,"href":"https:\/\/www.prix.com.br\/prisma-inteligencia\/wp-json\/wp\/v2\/media\/1390"}],"wp:attachment":[{"href":"https:\/\/www.prix.com.br\/prisma-inteligencia\/wp-json\/wp\/v2\/media?parent=1389"}],"wp:term":[{"taxonomy":"category","embeddable":true,"href":"https:\/\/www.prix.com.br\/prisma-inteligencia\/wp-json\/wp\/v2\/categories?post=1389"},{"taxonomy":"post_tag","embeddable":true,"href":"https:\/\/www.prix.com.br\/prisma-inteligencia\/wp-json\/wp\/v2\/tags?post=1389"}],"curies":[{"name":"wp","href":"https:\/\/api.w.org\/{rel}","templated":true}]}}