{"id":1563,"date":"2020-12-18T17:23:05","date_gmt":"2020-12-18T20:23:05","guid":{"rendered":"http:\/\/www.prix.com.br\/prisma-inteligencia\/?p=1563"},"modified":"2024-07-08T15:08:44","modified_gmt":"2024-07-08T18:08:44","slug":"a-era-da-incerteza","status":"publish","type":"post","link":"https:\/\/www.prix.com.br\/prisma-inteligencia\/a-era-da-incerteza\/","title":{"rendered":"A era da incerteza"},"content":{"rendered":"\n<p>O mundo vive um momento muito delicado do ponto de vista de sa\u00fade p\u00fablica e econ\u00f4mica. Com o surgimento da pandemia da COVID 19, muitas medidas de natureza restritiva foram adotadas por diversos pa\u00edses. Entretanto, as consequ\u00eancias dessas restri\u00e7\u00f5es v\u00e3o muito al\u00e9m. Vivemos num mundo totalmente globalizado em que o v\u00edrus se espalhou pelas cidades e que surtos como esse, podem fazer parte do nosso conv\u00edvio.<\/p>\n\n\n\n<p>Tudo isso nos abala de uma certa forma:&nbsp; para alguns afeta o psicol\u00f3gico, para outros, impacta nas quest\u00f5es sociais e para outros influencia nas quest\u00f5es econ\u00f4micas e financeiras. O fato \u00e9 que independentemente do Prisma pessoal, onde h\u00e1 muitas mudan\u00e7as, certamente o comportamento humano passar\u00e1 por diversas transforma\u00e7\u00f5es. Muitas dessas mudan\u00e7as j\u00e1 est\u00e3o acontecendo e outras acontecer\u00e3o, seja pelo afastamento ou isolamento social ou pela priva\u00e7\u00e3o da liberdade em fun\u00e7\u00e3o da quarentena. O mundo j\u00e1 n\u00e3o \u00e9 o mesmo. Com o in\u00edcio da vacina\u00e7\u00e3o e a retomada econ\u00f4mica, os pa\u00edses, principalmente da \u00c1sia e da Europa, est\u00e3o lentamente estimulando suas atividades sociais, educacionais e empresariais. Ainda assim, vivemos uma era de pura incerteza.&nbsp;<\/p>\n\n\n\n<p>Do ponto de vista econ\u00f4mico, o reflexo mais claro dessa pandemia \u00e9 a recess\u00e3o econ\u00f4mica e as perdas de postos de trabalho que o mundo vem sofrendo. E de que quantitativo estamos falando? Ningu\u00e9m sabe exatamente. Vivemos com a inseguran\u00e7a do novo e do inesperado, com uma mistura de esperan\u00e7a para mantermos os mesmos h\u00e1bitos de consumo e os mesmos costumes. Queremos voltar simplesmente \u00e0 nossa vida. Sinceramente, n\u00e3o creio nesse novo normal.<\/p>\n\n\n\n<p>Ent\u00e3o que tal fazermos diferente? Como disse o ministro do STF, Lu\u00eds Roberto Barroso, ao inv\u00e9s de voltar ao normal, que tal tornar a sociedade melhor? Revitalizar os valores de coletividade. Adquirir novos h\u00e1bitos de colabora\u00e7\u00e3o, por exemplo, procurando sermos melhores juntos. Utopia? Pode ser. Por\u00e9m a plenitude da revolu\u00e7\u00e3o digital foi experimentada de forma abrupta pelas empresas e pela maioria de n\u00f3s.&nbsp; De um momento para o outro, muitas empresas deixaram seus espa\u00e7os f\u00edsicos e deram continuidade aos trabalhos em home office, sem ter tempo de planejar nada. De uma hora para outra muitas delas fecharam e outras se arrastam com o que tem, como a \u00fanica forma de sobreviv\u00eancia. De repente as pessoas passaram a ter notoriedade em suas lives, nem sempre relevantes, que abundaram na grande rede. Passaram a conhecer mais sua casa. Fizeram centenas de videoconfer\u00eancias. Adquiriam novos h\u00e1bitos e costumes.&nbsp;&nbsp;&nbsp;<\/p>\n\n\n\n<p>E as incertezas n\u00e3o param por aqui.&nbsp; Segunda onda no Brasil. Terceira na Europa. Apesar do in\u00edcio da vacina\u00e7\u00e3o, ainda haver\u00e1 um longo caminho a ser percorrido.&nbsp; Psicologicamente nosso desafio ser\u00e1 ainda maior. Com o isolamento, o distanciamento social e a ansiedade por tudo isso, teremos novas mudan\u00e7as no nosso dia a dia. O fim do ano est\u00e1 chegando. Renovemos nossas esperan\u00e7as na ci\u00eancia e no futuro. Ser\u00e3o novos e profundos desafios, nos quais n\u00e3o seremos meros expectadores e sim, atores relevantes. E mais do que isso: seremos aprendizes. <br><\/p>\n","protected":false},"excerpt":{"rendered":"<p>O mundo vive um momento muito delicado do ponto de vista de sa\u00fade p\u00fablica e econ\u00f4mica. Com o surgimento da pandemia da COVID 19, muitas medidas de natureza restritiva foram adotadas por diversos pa\u00edses. Entretanto, as consequ\u00eancias dessas restri\u00e7\u00f5es v\u00e3o muito al\u00e9m. Vivemos num mundo totalmente globalizado em que o v\u00edrus se espalhou pelas cidades [&#8230;]\n","protected":false},"author":8,"featured_media":2204,"comment_status":"open","ping_status":"open","sticky":false,"template":"","format":"standard","meta":[],"categories":[11,19],"tags":[14,20],"yoast_head":"<!-- This site is optimized with the Yoast SEO plugin v21.8.1 - https:\/\/yoast.com\/wordpress\/plugins\/seo\/ -->\n<title>A era da incerteza - Prisma Intelig\u00eancia<\/title>\n<meta name=\"robots\" content=\"index, follow, max-snippet:-1, max-image-preview:large, max-video-preview:-1\" \/>\n<link rel=\"canonical\" href=\"https:\/\/www.prix.com.br\/prisma-inteligencia\/a-era-da-incerteza\/\" \/>\n<meta property=\"og:locale\" content=\"pt_BR\" \/>\n<meta property=\"og:type\" content=\"article\" \/>\n<meta property=\"og:title\" content=\"A era da incerteza - Prisma Intelig\u00eancia\" \/>\n<meta property=\"og:description\" content=\"O mundo vive um momento muito delicado do ponto de vista de sa\u00fade p\u00fablica e econ\u00f4mica. Com o surgimento da pandemia da COVID 19, muitas medidas de natureza restritiva foram adotadas por diversos pa\u00edses. Entretanto, as consequ\u00eancias dessas restri\u00e7\u00f5es v\u00e3o muito al\u00e9m. Vivemos num mundo totalmente globalizado em que o v\u00edrus se espalhou pelas cidades [...]\" \/>\n<meta property=\"og:url\" content=\"https:\/\/www.prix.com.br\/prisma-inteligencia\/a-era-da-incerteza\/\" \/>\n<meta property=\"og:site_name\" content=\"Prisma Intelig\u00eancia\" \/>\n<meta property=\"article:published_time\" content=\"2020-12-18T20:23:05+00:00\" \/>\n<meta property=\"article:modified_time\" content=\"2024-07-08T18:08:44+00:00\" \/>\n<meta property=\"og:image\" content=\"http:\/\/www.prix.com.br\/prisma-inteligencia\/wp-content\/uploads\/2020\/12\/bridge-4441037_1280.jpg\" \/>\n\t<meta property=\"og:image:width\" content=\"1280\" \/>\n\t<meta property=\"og:image:height\" content=\"853\" \/>\n\t<meta property=\"og:image:type\" content=\"image\/jpeg\" \/>\n<meta name=\"author\" content=\"Fernando Manhaes\" \/>\n<meta name=\"twitter:card\" content=\"summary_large_image\" \/>\n<meta name=\"twitter:label1\" content=\"Escrito por\" \/>\n\t<meta name=\"twitter:data1\" content=\"Fernando Manhaes\" \/>\n\t<meta name=\"twitter:label2\" content=\"Est. tempo de leitura\" \/>\n\t<meta name=\"twitter:data2\" content=\"3 minutos\" \/>\n<script type=\"application\/ld+json\" class=\"yoast-schema-graph\">{\"@context\":\"https:\/\/schema.org\",\"@graph\":[{\"@type\":\"Article\",\"@id\":\"https:\/\/www.prix.com.br\/prisma-inteligencia\/a-era-da-incerteza\/#article\",\"isPartOf\":{\"@id\":\"https:\/\/www.prix.com.br\/prisma-inteligencia\/a-era-da-incerteza\/\"},\"author\":{\"name\":\"Fernando Manhaes\",\"@id\":\"https:\/\/www.prix.com.br\/prisma-inteligencia\/#\/schema\/person\/1b00e8d3734610e390fddaf46d05e59e\"},\"headline\":\"A era da incerteza\",\"datePublished\":\"2020-12-18T20:23:05+00:00\",\"dateModified\":\"2024-07-08T18:08:44+00:00\",\"mainEntityOfPage\":{\"@id\":\"https:\/\/www.prix.com.br\/prisma-inteligencia\/a-era-da-incerteza\/\"},\"wordCount\":549,\"commentCount\":0,\"publisher\":{\"@id\":\"https:\/\/www.prix.com.br\/prisma-inteligencia\/#organization\"},\"keywords\":[\"coronav\u00edrus\",\"portugal\"],\"articleSection\":[\"blog\",\"Coronav\u00edrus\"],\"inLanguage\":\"pt-BR\",\"potentialAction\":[{\"@type\":\"CommentAction\",\"name\":\"Comment\",\"target\":[\"https:\/\/www.prix.com.br\/prisma-inteligencia\/a-era-da-incerteza\/#respond\"]}]},{\"@type\":\"WebPage\",\"@id\":\"https:\/\/www.prix.com.br\/prisma-inteligencia\/a-era-da-incerteza\/\",\"url\":\"https:\/\/www.prix.com.br\/prisma-inteligencia\/a-era-da-incerteza\/\",\"name\":\"A era da incerteza - Prisma Intelig\u00eancia\",\"isPartOf\":{\"@id\":\"https:\/\/www.prix.com.br\/prisma-inteligencia\/#website\"},\"datePublished\":\"2020-12-18T20:23:05+00:00\",\"dateModified\":\"2024-07-08T18:08:44+00:00\",\"breadcrumb\":{\"@id\":\"https:\/\/www.prix.com.br\/prisma-inteligencia\/a-era-da-incerteza\/#breadcrumb\"},\"inLanguage\":\"pt-BR\",\"potentialAction\":[{\"@type\":\"ReadAction\",\"target\":[\"https:\/\/www.prix.com.br\/prisma-inteligencia\/a-era-da-incerteza\/\"]}]},{\"@type\":\"BreadcrumbList\",\"@id\":\"https:\/\/www.prix.com.br\/prisma-inteligencia\/a-era-da-incerteza\/#breadcrumb\",\"itemListElement\":[{\"@type\":\"ListItem\",\"position\":1,\"name\":\"In\u00edcio\",\"item\":\"https:\/\/www.prix.com.br\/prisma-inteligencia\/\"},{\"@type\":\"ListItem\",\"position\":2,\"name\":\"A era da incerteza\"}]},{\"@type\":\"WebSite\",\"@id\":\"https:\/\/www.prix.com.br\/prisma-inteligencia\/#website\",\"url\":\"https:\/\/www.prix.com.br\/prisma-inteligencia\/\",\"name\":\"Prisma Intelig\u00eancia\",\"description\":\"Segundo o Instituto Ipsos especializado em h\u00e1bitos de consumo e comunica\u00e7\u00e3o, somos impactados diariamente, por mais seis mil mensagens publicit\u00e1rias.\",\"publisher\":{\"@id\":\"https:\/\/www.prix.com.br\/prisma-inteligencia\/#organization\"},\"potentialAction\":[{\"@type\":\"SearchAction\",\"target\":{\"@type\":\"EntryPoint\",\"urlTemplate\":\"https:\/\/www.prix.com.br\/prisma-inteligencia\/?s={search_term_string}\"},\"query-input\":\"required name=search_term_string\"}],\"inLanguage\":\"pt-BR\"},{\"@type\":\"Organization\",\"@id\":\"https:\/\/www.prix.com.br\/prisma-inteligencia\/#organization\",\"name\":\"Prisma Intelig\u00eancia\",\"url\":\"https:\/\/www.prix.com.br\/prisma-inteligencia\/\",\"logo\":{\"@type\":\"ImageObject\",\"inLanguage\":\"pt-BR\",\"@id\":\"https:\/\/www.prix.com.br\/prisma-inteligencia\/#\/schema\/logo\/image\/\",\"url\":\"https:\/\/www.prix.com.br\/prisma-inteligencia\/wp-content\/uploads\/2019\/09\/Logo-Prisma.png\",\"contentUrl\":\"https:\/\/www.prix.com.br\/prisma-inteligencia\/wp-content\/uploads\/2019\/09\/Logo-Prisma.png\",\"width\":554,\"height\":154,\"caption\":\"Prisma Intelig\u00eancia\"},\"image\":{\"@id\":\"https:\/\/www.prix.com.br\/prisma-inteligencia\/#\/schema\/logo\/image\/\"}},{\"@type\":\"Person\",\"@id\":\"https:\/\/www.prix.com.br\/prisma-inteligencia\/#\/schema\/person\/1b00e8d3734610e390fddaf46d05e59e\",\"name\":\"Fernando Manhaes\",\"image\":{\"@type\":\"ImageObject\",\"inLanguage\":\"pt-BR\",\"@id\":\"https:\/\/www.prix.com.br\/prisma-inteligencia\/#\/schema\/person\/image\/\",\"url\":\"https:\/\/secure.gravatar.com\/avatar\/075cc60521e8f87678c82def36ba0546?s=96&d=mm&r=g\",\"contentUrl\":\"https:\/\/secure.gravatar.com\/avatar\/075cc60521e8f87678c82def36ba0546?s=96&d=mm&r=g\",\"caption\":\"Fernando Manhaes\"},\"url\":\"https:\/\/www.prix.com.br\/prisma-inteligencia\/author\/fernandomanhaes\/\"}]}<\/script>\n<!-- \/ Yoast SEO plugin. -->","yoast_head_json":{"title":"A era da incerteza - Prisma Intelig\u00eancia","robots":{"index":"index","follow":"follow","max-snippet":"max-snippet:-1","max-image-preview":"max-image-preview:large","max-video-preview":"max-video-preview:-1"},"canonical":"https:\/\/www.prix.com.br\/prisma-inteligencia\/a-era-da-incerteza\/","og_locale":"pt_BR","og_type":"article","og_title":"A era da incerteza - Prisma Intelig\u00eancia","og_description":"O mundo vive um momento muito delicado do ponto de vista de sa\u00fade p\u00fablica e econ\u00f4mica. Com o surgimento da pandemia da COVID 19, muitas medidas de natureza restritiva foram adotadas por diversos pa\u00edses. Entretanto, as consequ\u00eancias dessas restri\u00e7\u00f5es v\u00e3o muito al\u00e9m. Vivemos num mundo totalmente globalizado em que o v\u00edrus se espalhou pelas cidades [...]","og_url":"https:\/\/www.prix.com.br\/prisma-inteligencia\/a-era-da-incerteza\/","og_site_name":"Prisma Intelig\u00eancia","article_published_time":"2020-12-18T20:23:05+00:00","article_modified_time":"2024-07-08T18:08:44+00:00","og_image":[{"width":1280,"height":853,"url":"http:\/\/www.prix.com.br\/prisma-inteligencia\/wp-content\/uploads\/2020\/12\/bridge-4441037_1280.jpg","type":"image\/jpeg"}],"author":"Fernando Manhaes","twitter_card":"summary_large_image","twitter_misc":{"Escrito por":"Fernando Manhaes","Est. tempo de leitura":"3 minutos"},"schema":{"@context":"https:\/\/schema.org","@graph":[{"@type":"Article","@id":"https:\/\/www.prix.com.br\/prisma-inteligencia\/a-era-da-incerteza\/#article","isPartOf":{"@id":"https:\/\/www.prix.com.br\/prisma-inteligencia\/a-era-da-incerteza\/"},"author":{"name":"Fernando Manhaes","@id":"https:\/\/www.prix.com.br\/prisma-inteligencia\/#\/schema\/person\/1b00e8d3734610e390fddaf46d05e59e"},"headline":"A era da incerteza","datePublished":"2020-12-18T20:23:05+00:00","dateModified":"2024-07-08T18:08:44+00:00","mainEntityOfPage":{"@id":"https:\/\/www.prix.com.br\/prisma-inteligencia\/a-era-da-incerteza\/"},"wordCount":549,"commentCount":0,"publisher":{"@id":"https:\/\/www.prix.com.br\/prisma-inteligencia\/#organization"},"keywords":["coronav\u00edrus","portugal"],"articleSection":["blog","Coronav\u00edrus"],"inLanguage":"pt-BR","potentialAction":[{"@type":"CommentAction","name":"Comment","target":["https:\/\/www.prix.com.br\/prisma-inteligencia\/a-era-da-incerteza\/#respond"]}]},{"@type":"WebPage","@id":"https:\/\/www.prix.com.br\/prisma-inteligencia\/a-era-da-incerteza\/","url":"https:\/\/www.prix.com.br\/prisma-inteligencia\/a-era-da-incerteza\/","name":"A era da incerteza - Prisma Intelig\u00eancia","isPartOf":{"@id":"https:\/\/www.prix.com.br\/prisma-inteligencia\/#website"},"datePublished":"2020-12-18T20:23:05+00:00","dateModified":"2024-07-08T18:08:44+00:00","breadcrumb":{"@id":"https:\/\/www.prix.com.br\/prisma-inteligencia\/a-era-da-incerteza\/#breadcrumb"},"inLanguage":"pt-BR","potentialAction":[{"@type":"ReadAction","target":["https:\/\/www.prix.com.br\/prisma-inteligencia\/a-era-da-incerteza\/"]}]},{"@type":"BreadcrumbList","@id":"https:\/\/www.prix.com.br\/prisma-inteligencia\/a-era-da-incerteza\/#breadcrumb","itemListElement":[{"@type":"ListItem","position":1,"name":"In\u00edcio","item":"https:\/\/www.prix.com.br\/prisma-inteligencia\/"},{"@type":"ListItem","position":2,"name":"A era da incerteza"}]},{"@type":"WebSite","@id":"https:\/\/www.prix.com.br\/prisma-inteligencia\/#website","url":"https:\/\/www.prix.com.br\/prisma-inteligencia\/","name":"Prisma Intelig\u00eancia","description":"Segundo o Instituto Ipsos especializado em h\u00e1bitos de consumo e comunica\u00e7\u00e3o, somos impactados diariamente, por mais seis mil mensagens publicit\u00e1rias.","publisher":{"@id":"https:\/\/www.prix.com.br\/prisma-inteligencia\/#organization"},"potentialAction":[{"@type":"SearchAction","target":{"@type":"EntryPoint","urlTemplate":"https:\/\/www.prix.com.br\/prisma-inteligencia\/?s={search_term_string}"},"query-input":"required name=search_term_string"}],"inLanguage":"pt-BR"},{"@type":"Organization","@id":"https:\/\/www.prix.com.br\/prisma-inteligencia\/#organization","name":"Prisma Intelig\u00eancia","url":"https:\/\/www.prix.com.br\/prisma-inteligencia\/","logo":{"@type":"ImageObject","inLanguage":"pt-BR","@id":"https:\/\/www.prix.com.br\/prisma-inteligencia\/#\/schema\/logo\/image\/","url":"https:\/\/www.prix.com.br\/prisma-inteligencia\/wp-content\/uploads\/2019\/09\/Logo-Prisma.png","contentUrl":"https:\/\/www.prix.com.br\/prisma-inteligencia\/wp-content\/uploads\/2019\/09\/Logo-Prisma.png","width":554,"height":154,"caption":"Prisma Intelig\u00eancia"},"image":{"@id":"https:\/\/www.prix.com.br\/prisma-inteligencia\/#\/schema\/logo\/image\/"}},{"@type":"Person","@id":"https:\/\/www.prix.com.br\/prisma-inteligencia\/#\/schema\/person\/1b00e8d3734610e390fddaf46d05e59e","name":"Fernando Manhaes","image":{"@type":"ImageObject","inLanguage":"pt-BR","@id":"https:\/\/www.prix.com.br\/prisma-inteligencia\/#\/schema\/person\/image\/","url":"https:\/\/secure.gravatar.com\/avatar\/075cc60521e8f87678c82def36ba0546?s=96&d=mm&r=g","contentUrl":"https:\/\/secure.gravatar.com\/avatar\/075cc60521e8f87678c82def36ba0546?s=96&d=mm&r=g","caption":"Fernando Manhaes"},"url":"https:\/\/www.prix.com.br\/prisma-inteligencia\/author\/fernandomanhaes\/"}]}},"_links":{"self":[{"href":"https:\/\/www.prix.com.br\/prisma-inteligencia\/wp-json\/wp\/v2\/posts\/1563"}],"collection":[{"href":"https:\/\/www.prix.com.br\/prisma-inteligencia\/wp-json\/wp\/v2\/posts"}],"about":[{"href":"https:\/\/www.prix.com.br\/prisma-inteligencia\/wp-json\/wp\/v2\/types\/post"}],"author":[{"embeddable":true,"href":"https:\/\/www.prix.com.br\/prisma-inteligencia\/wp-json\/wp\/v2\/users\/8"}],"replies":[{"embeddable":true,"href":"https:\/\/www.prix.com.br\/prisma-inteligencia\/wp-json\/wp\/v2\/comments?post=1563"}],"version-history":[{"count":2,"href":"https:\/\/www.prix.com.br\/prisma-inteligencia\/wp-json\/wp\/v2\/posts\/1563\/revisions"}],"predecessor-version":[{"id":1566,"href":"https:\/\/www.prix.com.br\/prisma-inteligencia\/wp-json\/wp\/v2\/posts\/1563\/revisions\/1566"}],"wp:featuredmedia":[{"embeddable":true,"href":"https:\/\/www.prix.com.br\/prisma-inteligencia\/wp-json\/wp\/v2\/media\/2204"}],"wp:attachment":[{"href":"https:\/\/www.prix.com.br\/prisma-inteligencia\/wp-json\/wp\/v2\/media?parent=1563"}],"wp:term":[{"taxonomy":"category","embeddable":true,"href":"https:\/\/www.prix.com.br\/prisma-inteligencia\/wp-json\/wp\/v2\/categories?post=1563"},{"taxonomy":"post_tag","embeddable":true,"href":"https:\/\/www.prix.com.br\/prisma-inteligencia\/wp-json\/wp\/v2\/tags?post=1563"}],"curies":[{"name":"wp","href":"https:\/\/api.w.org\/{rel}","templated":true}]}}