{"id":1651,"date":"2021-04-27T15:47:34","date_gmt":"2021-04-27T18:47:34","guid":{"rendered":"http:\/\/www.prix.com.br\/prisma-inteligencia\/?p=1651"},"modified":"2021-04-27T15:47:37","modified_gmt":"2021-04-27T18:47:37","slug":"o-devaneio-de-carie-lindenberg-para-a-propaganda-capixaba","status":"publish","type":"post","link":"https:\/\/www.prix.com.br\/prisma-inteligencia\/o-devaneio-de-carie-lindenberg-para-a-propaganda-capixaba\/","title":{"rendered":"O DEVANEIO DE CARI\u00ca LINDENBERG PARA A PROPAGANDA CAPIXABA"},"content":{"rendered":"\n<p>Fernando Manh\u00e3es<\/p>\n\n\n\n<p>Passado quase um m\u00eas do falecimento de Cari\u00ea Lindenberg, fa\u00e7o aqui meu registro e homenagem ao empres\u00e1rio da comunica\u00e7\u00e3o capixaba e ao m\u00fasico da bossa nova. Conheci Cari\u00ea em 1985 numa viagem a Goi\u00e2nia, quando fomos jurados do Pr\u00eamio Profissionais do Ano, da Rede Globo.&nbsp; Confesso que pouco sabia sobre ele, mas o suficiente para saber que era \u201co dono da Gazeta\u201d. Era minha primeira viagem para participar de um evento nacional do meio publicit\u00e1rio. Na \u00e9poca tinha 24 anos, rec\u00e9m-formado em Comunica\u00e7\u00e3o Social pela Ufes, conhecia apenas algumas pessoas do meio e fiquei muito impressionado como todos os profissionais de outros mercados se referiam a ele: Cari\u00ea simplesmente predominava, sem fazer qualquer esfor\u00e7o ou querer dominar a cena.&nbsp; &nbsp;<\/p>\n\n\n\n<p>De l\u00e1 pra c\u00e1 se passaram 36 anos. Foi um conv\u00edvio respeitoso, discreto e distante. Como l\u00edder sindical patronal da publicidade do Esp\u00edrito Santo por muitos anos, fui obrigado a ter alguns embates com a Rede Gazeta, o que num primeiro momento pode ter dificultado nosso relacionamento profissional e pessoal, mas depois, com o passar do tempo, tenho certeza, nos aproximou bastante. Estou falando da \u00e9poca de Xerxes Gusm\u00e3o Neto, Pl\u00ednio Marchini e Heitor Nogueira.&nbsp; Digo isso por que a adversidade nos aproximou. Mesmo depois quando o Caf\u00e9 j\u00e1 estava no comando da Rede Gazeta, Cari\u00ea ainda era muito zeloso com os neg\u00f3cios e principalmente com o Jornal A Gazeta. N\u00e3o consigo contar as vezes em que ele ligou para sondar sobre o desempenho dos seus diretores, para confirmar alguma informa\u00e7\u00e3o sobre o mercado ou mesmo para perguntar algo que havia ficado no passado sobre a publicidade. Curiosamente nunca falamos de neg\u00f3cios, exceto quando me apresentou o saudoso H\u00e9lio Mendon\u00e7a. &nbsp;&nbsp;&nbsp;<\/p>\n\n\n\n<p>O tempo passou e em novembro de 2005, em sua sala, nos reunimos para dar continuidade ao projeto de registrar em livro hist\u00f3rias sobre a atividade profissional da publicidade no Esp\u00edrito Santo. Uma ideia que havia sido lan\u00e7ada na Confraria da M\u00e3e Joana, por Antonio Carlos Barbieri e \u00c1lvaro Nazareth. E l\u00e1 formamos uma comiss\u00e3o composta por mim, Barbieri, Cacau, Maely, Calazans e o pr\u00f3prio Cari\u00ea. O projeto do livro foi ficando pelo caminho e s\u00f3 foi retomado em 2012 por mim, Barbieri e Maely. Em 2014 conseguimos public\u00e1-lo com ilustra\u00e7\u00f5es do Zota e depoimentos de diversos profissionais e dentre eles, abrindo o livro, o depoimento do Cari\u00ea. \u00c9 importante registrar o que muitos n\u00e3o sabem e pouco foi comentado nesses \u00faltimos dias: Cari\u00ea muito antes de A Gazeta, foi o fundador da primeira ag\u00eancia de propaganda do Estado, a Eldorado Publicidade, em 1965. Agora vejam como a vida \u00e9, e a volta que ela nos d\u00e1. Ele tinha uma empresa do ramo imobili\u00e1rio, chamada Eldorado Melhoramentos, que pela necessidade e demanda de trabalhos, foi transformada em ag\u00eancia de propaganda. A publicidade capixaba deve ao Cari\u00ea e a outros pioneiros, como, Gilberto Pacheco, Armando Rabelo, Jorge de Souza, Osvaldo Oleari, Janc, Milson Henriques, Jos\u00e9 Roberto Prado, Xerxes Gusm\u00e3o, Eleisson de Almeida, Leo Becher, Gilson Louren\u00e7o, Charles Donozor, Wagner Veiga, Wilde e tantos outros, o que de fato o mercado \u00e9 hoje. Foi atrav\u00e9s da publicidade forte que a independ\u00eancia jornal\u00edstica da Rede Gazeta se formou.<\/p>\n\n\n\n<p>A Eldorado encerrou suas atividades com o falecimento do seu \u00faltimo propriet\u00e1rio, o Haroldo Bussotti. Entretanto, &nbsp;o seu legado ficou para a hist\u00f3ria. E o Cari\u00ea, com sua sensibilidade, forjou para a propaganda capixaba, o seu verdadeiro devaneio. O depoimento de Cari\u00ea ou mesmo o conte\u00fado do livro <em>\u201cMem\u00f3ria da Propaganda Capixaba\u201d<\/em>, voc\u00ea encontra no endere\u00e7o: https:\/\/issuu.com\/livros0800\/docs\/mem__ria_da_publicidade_capixaba<\/p>\n\n\n\n<p><em>Ilustra\u00e7\u00e3o de Cari\u00ea Lindenberg. Cr\u00e9dito: Zota.<\/em><\/p>\n","protected":false},"excerpt":{"rendered":"<p>Fernando Manh\u00e3es Passado quase um m\u00eas do falecimento de Cari\u00ea Lindenberg, fa\u00e7o aqui meu registro e homenagem ao empres\u00e1rio da comunica\u00e7\u00e3o capixaba e ao m\u00fasico da bossa nova. Conheci Cari\u00ea em 1985 numa viagem a Goi\u00e2nia, quando fomos jurados do Pr\u00eamio Profissionais do Ano, da Rede Globo.&nbsp; Confesso que pouco sabia sobre ele, mas o [&#8230;]\n","protected":false},"author":16,"featured_media":1648,"comment_status":"open","ping_status":"open","sticky":false,"template":"","format":"standard","meta":[],"categories":[1],"tags":[],"yoast_head":"<!-- This site is optimized with the Yoast SEO plugin v21.8.1 - https:\/\/yoast.com\/wordpress\/plugins\/seo\/ -->\n<title>O DEVANEIO DE CARI\u00ca LINDENBERG PARA A PROPAGANDA CAPIXABA - Prisma Intelig\u00eancia<\/title>\n<meta name=\"robots\" content=\"index, follow, max-snippet:-1, max-image-preview:large, max-video-preview:-1\" \/>\n<link rel=\"canonical\" href=\"https:\/\/www.prix.com.br\/prisma-inteligencia\/o-devaneio-de-carie-lindenberg-para-a-propaganda-capixaba\/\" \/>\n<meta property=\"og:locale\" content=\"pt_BR\" \/>\n<meta property=\"og:type\" content=\"article\" \/>\n<meta property=\"og:title\" content=\"O DEVANEIO DE CARI\u00ca LINDENBERG PARA A PROPAGANDA CAPIXABA - Prisma Intelig\u00eancia\" \/>\n<meta property=\"og:description\" content=\"Fernando Manh\u00e3es Passado quase um m\u00eas do falecimento de Cari\u00ea Lindenberg, fa\u00e7o aqui meu registro e homenagem ao empres\u00e1rio da comunica\u00e7\u00e3o capixaba e ao m\u00fasico da bossa nova. Conheci Cari\u00ea em 1985 numa viagem a Goi\u00e2nia, quando fomos jurados do Pr\u00eamio Profissionais do Ano, da Rede Globo.&nbsp; Confesso que pouco sabia sobre ele, mas o [...]\" \/>\n<meta property=\"og:url\" content=\"https:\/\/www.prix.com.br\/prisma-inteligencia\/o-devaneio-de-carie-lindenberg-para-a-propaganda-capixaba\/\" \/>\n<meta property=\"og:site_name\" content=\"Prisma Intelig\u00eancia\" \/>\n<meta property=\"article:published_time\" content=\"2021-04-27T18:47:34+00:00\" \/>\n<meta property=\"article:modified_time\" content=\"2021-04-27T18:47:37+00:00\" \/>\n<meta property=\"og:image\" content=\"https:\/\/www.prix.com.br\/prisma-inteligencia\/wp-content\/uploads\/2021\/04\/Memoria-da-Propaganda-baixab-2.jpg\" \/>\n\t<meta property=\"og:image:width\" content=\"891\" \/>\n\t<meta property=\"og:image:height\" content=\"1048\" \/>\n\t<meta property=\"og:image:type\" content=\"image\/jpeg\" \/>\n<meta name=\"author\" content=\"cauet\" \/>\n<meta name=\"twitter:card\" content=\"summary_large_image\" \/>\n<meta name=\"twitter:label1\" content=\"Escrito por\" \/>\n\t<meta name=\"twitter:data1\" content=\"cauet\" \/>\n\t<meta name=\"twitter:label2\" content=\"Est. tempo de leitura\" \/>\n\t<meta name=\"twitter:data2\" content=\"3 minutos\" \/>\n<script type=\"application\/ld+json\" class=\"yoast-schema-graph\">{\"@context\":\"https:\/\/schema.org\",\"@graph\":[{\"@type\":\"Article\",\"@id\":\"https:\/\/www.prix.com.br\/prisma-inteligencia\/o-devaneio-de-carie-lindenberg-para-a-propaganda-capixaba\/#article\",\"isPartOf\":{\"@id\":\"https:\/\/www.prix.com.br\/prisma-inteligencia\/o-devaneio-de-carie-lindenberg-para-a-propaganda-capixaba\/\"},\"author\":{\"name\":\"cauet\",\"@id\":\"https:\/\/www.prix.com.br\/prisma-inteligencia\/#\/schema\/person\/ac28a8c39e9633145bd76c88aeb42c68\"},\"headline\":\"O DEVANEIO DE CARI\u00ca LINDENBERG PARA A PROPAGANDA CAPIXABA\",\"datePublished\":\"2021-04-27T18:47:34+00:00\",\"dateModified\":\"2021-04-27T18:47:37+00:00\",\"mainEntityOfPage\":{\"@id\":\"https:\/\/www.prix.com.br\/prisma-inteligencia\/o-devaneio-de-carie-lindenberg-para-a-propaganda-capixaba\/\"},\"wordCount\":652,\"commentCount\":0,\"publisher\":{\"@id\":\"https:\/\/www.prix.com.br\/prisma-inteligencia\/#organization\"},\"inLanguage\":\"pt-BR\",\"potentialAction\":[{\"@type\":\"CommentAction\",\"name\":\"Comment\",\"target\":[\"https:\/\/www.prix.com.br\/prisma-inteligencia\/o-devaneio-de-carie-lindenberg-para-a-propaganda-capixaba\/#respond\"]}]},{\"@type\":\"WebPage\",\"@id\":\"https:\/\/www.prix.com.br\/prisma-inteligencia\/o-devaneio-de-carie-lindenberg-para-a-propaganda-capixaba\/\",\"url\":\"https:\/\/www.prix.com.br\/prisma-inteligencia\/o-devaneio-de-carie-lindenberg-para-a-propaganda-capixaba\/\",\"name\":\"O DEVANEIO DE CARI\u00ca LINDENBERG PARA A PROPAGANDA CAPIXABA - Prisma Intelig\u00eancia\",\"isPartOf\":{\"@id\":\"https:\/\/www.prix.com.br\/prisma-inteligencia\/#website\"},\"datePublished\":\"2021-04-27T18:47:34+00:00\",\"dateModified\":\"2021-04-27T18:47:37+00:00\",\"breadcrumb\":{\"@id\":\"https:\/\/www.prix.com.br\/prisma-inteligencia\/o-devaneio-de-carie-lindenberg-para-a-propaganda-capixaba\/#breadcrumb\"},\"inLanguage\":\"pt-BR\",\"potentialAction\":[{\"@type\":\"ReadAction\",\"target\":[\"https:\/\/www.prix.com.br\/prisma-inteligencia\/o-devaneio-de-carie-lindenberg-para-a-propaganda-capixaba\/\"]}]},{\"@type\":\"BreadcrumbList\",\"@id\":\"https:\/\/www.prix.com.br\/prisma-inteligencia\/o-devaneio-de-carie-lindenberg-para-a-propaganda-capixaba\/#breadcrumb\",\"itemListElement\":[{\"@type\":\"ListItem\",\"position\":1,\"name\":\"In\u00edcio\",\"item\":\"https:\/\/www.prix.com.br\/prisma-inteligencia\/\"},{\"@type\":\"ListItem\",\"position\":2,\"name\":\"O DEVANEIO DE CARI\u00ca LINDENBERG PARA A PROPAGANDA CAPIXABA\"}]},{\"@type\":\"WebSite\",\"@id\":\"https:\/\/www.prix.com.br\/prisma-inteligencia\/#website\",\"url\":\"https:\/\/www.prix.com.br\/prisma-inteligencia\/\",\"name\":\"Prisma Intelig\u00eancia\",\"description\":\"Segundo o Instituto Ipsos especializado em h\u00e1bitos de consumo e comunica\u00e7\u00e3o, somos impactados diariamente, por mais seis mil mensagens publicit\u00e1rias.\",\"publisher\":{\"@id\":\"https:\/\/www.prix.com.br\/prisma-inteligencia\/#organization\"},\"potentialAction\":[{\"@type\":\"SearchAction\",\"target\":{\"@type\":\"EntryPoint\",\"urlTemplate\":\"https:\/\/www.prix.com.br\/prisma-inteligencia\/?s={search_term_string}\"},\"query-input\":\"required name=search_term_string\"}],\"inLanguage\":\"pt-BR\"},{\"@type\":\"Organization\",\"@id\":\"https:\/\/www.prix.com.br\/prisma-inteligencia\/#organization\",\"name\":\"Prisma Intelig\u00eancia\",\"url\":\"https:\/\/www.prix.com.br\/prisma-inteligencia\/\",\"logo\":{\"@type\":\"ImageObject\",\"inLanguage\":\"pt-BR\",\"@id\":\"https:\/\/www.prix.com.br\/prisma-inteligencia\/#\/schema\/logo\/image\/\",\"url\":\"https:\/\/www.prix.com.br\/prisma-inteligencia\/wp-content\/uploads\/2019\/09\/Logo-Prisma.png\",\"contentUrl\":\"https:\/\/www.prix.com.br\/prisma-inteligencia\/wp-content\/uploads\/2019\/09\/Logo-Prisma.png\",\"width\":554,\"height\":154,\"caption\":\"Prisma Intelig\u00eancia\"},\"image\":{\"@id\":\"https:\/\/www.prix.com.br\/prisma-inteligencia\/#\/schema\/logo\/image\/\"}},{\"@type\":\"Person\",\"@id\":\"https:\/\/www.prix.com.br\/prisma-inteligencia\/#\/schema\/person\/ac28a8c39e9633145bd76c88aeb42c68\",\"name\":\"cauet\",\"image\":{\"@type\":\"ImageObject\",\"inLanguage\":\"pt-BR\",\"@id\":\"https:\/\/www.prix.com.br\/prisma-inteligencia\/#\/schema\/person\/image\/\",\"url\":\"https:\/\/secure.gravatar.com\/avatar\/80c81432b31c68bbacd0975710f8d1d9?s=96&d=mm&r=g\",\"contentUrl\":\"https:\/\/secure.gravatar.com\/avatar\/80c81432b31c68bbacd0975710f8d1d9?s=96&d=mm&r=g\",\"caption\":\"cauet\"},\"url\":\"https:\/\/www.prix.com.br\/prisma-inteligencia\/author\/cauet\/\"}]}<\/script>\n<!-- \/ Yoast SEO plugin. -->","yoast_head_json":{"title":"O DEVANEIO DE CARI\u00ca LINDENBERG PARA A PROPAGANDA CAPIXABA - Prisma Intelig\u00eancia","robots":{"index":"index","follow":"follow","max-snippet":"max-snippet:-1","max-image-preview":"max-image-preview:large","max-video-preview":"max-video-preview:-1"},"canonical":"https:\/\/www.prix.com.br\/prisma-inteligencia\/o-devaneio-de-carie-lindenberg-para-a-propaganda-capixaba\/","og_locale":"pt_BR","og_type":"article","og_title":"O DEVANEIO DE CARI\u00ca LINDENBERG PARA A PROPAGANDA CAPIXABA - Prisma Intelig\u00eancia","og_description":"Fernando Manh\u00e3es Passado quase um m\u00eas do falecimento de Cari\u00ea Lindenberg, fa\u00e7o aqui meu registro e homenagem ao empres\u00e1rio da comunica\u00e7\u00e3o capixaba e ao m\u00fasico da bossa nova. Conheci Cari\u00ea em 1985 numa viagem a Goi\u00e2nia, quando fomos jurados do Pr\u00eamio Profissionais do Ano, da Rede Globo.&nbsp; Confesso que pouco sabia sobre ele, mas o [...]","og_url":"https:\/\/www.prix.com.br\/prisma-inteligencia\/o-devaneio-de-carie-lindenberg-para-a-propaganda-capixaba\/","og_site_name":"Prisma Intelig\u00eancia","article_published_time":"2021-04-27T18:47:34+00:00","article_modified_time":"2021-04-27T18:47:37+00:00","og_image":[{"width":891,"height":1048,"url":"https:\/\/www.prix.com.br\/prisma-inteligencia\/wp-content\/uploads\/2021\/04\/Memoria-da-Propaganda-baixab-2.jpg","type":"image\/jpeg"}],"author":"cauet","twitter_card":"summary_large_image","twitter_misc":{"Escrito por":"cauet","Est. tempo de leitura":"3 minutos"},"schema":{"@context":"https:\/\/schema.org","@graph":[{"@type":"Article","@id":"https:\/\/www.prix.com.br\/prisma-inteligencia\/o-devaneio-de-carie-lindenberg-para-a-propaganda-capixaba\/#article","isPartOf":{"@id":"https:\/\/www.prix.com.br\/prisma-inteligencia\/o-devaneio-de-carie-lindenberg-para-a-propaganda-capixaba\/"},"author":{"name":"cauet","@id":"https:\/\/www.prix.com.br\/prisma-inteligencia\/#\/schema\/person\/ac28a8c39e9633145bd76c88aeb42c68"},"headline":"O DEVANEIO DE CARI\u00ca LINDENBERG PARA A PROPAGANDA CAPIXABA","datePublished":"2021-04-27T18:47:34+00:00","dateModified":"2021-04-27T18:47:37+00:00","mainEntityOfPage":{"@id":"https:\/\/www.prix.com.br\/prisma-inteligencia\/o-devaneio-de-carie-lindenberg-para-a-propaganda-capixaba\/"},"wordCount":652,"commentCount":0,"publisher":{"@id":"https:\/\/www.prix.com.br\/prisma-inteligencia\/#organization"},"inLanguage":"pt-BR","potentialAction":[{"@type":"CommentAction","name":"Comment","target":["https:\/\/www.prix.com.br\/prisma-inteligencia\/o-devaneio-de-carie-lindenberg-para-a-propaganda-capixaba\/#respond"]}]},{"@type":"WebPage","@id":"https:\/\/www.prix.com.br\/prisma-inteligencia\/o-devaneio-de-carie-lindenberg-para-a-propaganda-capixaba\/","url":"https:\/\/www.prix.com.br\/prisma-inteligencia\/o-devaneio-de-carie-lindenberg-para-a-propaganda-capixaba\/","name":"O DEVANEIO DE CARI\u00ca LINDENBERG PARA A PROPAGANDA CAPIXABA - Prisma Intelig\u00eancia","isPartOf":{"@id":"https:\/\/www.prix.com.br\/prisma-inteligencia\/#website"},"datePublished":"2021-04-27T18:47:34+00:00","dateModified":"2021-04-27T18:47:37+00:00","breadcrumb":{"@id":"https:\/\/www.prix.com.br\/prisma-inteligencia\/o-devaneio-de-carie-lindenberg-para-a-propaganda-capixaba\/#breadcrumb"},"inLanguage":"pt-BR","potentialAction":[{"@type":"ReadAction","target":["https:\/\/www.prix.com.br\/prisma-inteligencia\/o-devaneio-de-carie-lindenberg-para-a-propaganda-capixaba\/"]}]},{"@type":"BreadcrumbList","@id":"https:\/\/www.prix.com.br\/prisma-inteligencia\/o-devaneio-de-carie-lindenberg-para-a-propaganda-capixaba\/#breadcrumb","itemListElement":[{"@type":"ListItem","position":1,"name":"In\u00edcio","item":"https:\/\/www.prix.com.br\/prisma-inteligencia\/"},{"@type":"ListItem","position":2,"name":"O DEVANEIO DE CARI\u00ca LINDENBERG PARA A PROPAGANDA CAPIXABA"}]},{"@type":"WebSite","@id":"https:\/\/www.prix.com.br\/prisma-inteligencia\/#website","url":"https:\/\/www.prix.com.br\/prisma-inteligencia\/","name":"Prisma Intelig\u00eancia","description":"Segundo o Instituto Ipsos especializado em h\u00e1bitos de consumo e comunica\u00e7\u00e3o, somos impactados diariamente, por mais seis mil mensagens publicit\u00e1rias.","publisher":{"@id":"https:\/\/www.prix.com.br\/prisma-inteligencia\/#organization"},"potentialAction":[{"@type":"SearchAction","target":{"@type":"EntryPoint","urlTemplate":"https:\/\/www.prix.com.br\/prisma-inteligencia\/?s={search_term_string}"},"query-input":"required name=search_term_string"}],"inLanguage":"pt-BR"},{"@type":"Organization","@id":"https:\/\/www.prix.com.br\/prisma-inteligencia\/#organization","name":"Prisma Intelig\u00eancia","url":"https:\/\/www.prix.com.br\/prisma-inteligencia\/","logo":{"@type":"ImageObject","inLanguage":"pt-BR","@id":"https:\/\/www.prix.com.br\/prisma-inteligencia\/#\/schema\/logo\/image\/","url":"https:\/\/www.prix.com.br\/prisma-inteligencia\/wp-content\/uploads\/2019\/09\/Logo-Prisma.png","contentUrl":"https:\/\/www.prix.com.br\/prisma-inteligencia\/wp-content\/uploads\/2019\/09\/Logo-Prisma.png","width":554,"height":154,"caption":"Prisma Intelig\u00eancia"},"image":{"@id":"https:\/\/www.prix.com.br\/prisma-inteligencia\/#\/schema\/logo\/image\/"}},{"@type":"Person","@id":"https:\/\/www.prix.com.br\/prisma-inteligencia\/#\/schema\/person\/ac28a8c39e9633145bd76c88aeb42c68","name":"cauet","image":{"@type":"ImageObject","inLanguage":"pt-BR","@id":"https:\/\/www.prix.com.br\/prisma-inteligencia\/#\/schema\/person\/image\/","url":"https:\/\/secure.gravatar.com\/avatar\/80c81432b31c68bbacd0975710f8d1d9?s=96&d=mm&r=g","contentUrl":"https:\/\/secure.gravatar.com\/avatar\/80c81432b31c68bbacd0975710f8d1d9?s=96&d=mm&r=g","caption":"cauet"},"url":"https:\/\/www.prix.com.br\/prisma-inteligencia\/author\/cauet\/"}]}},"_links":{"self":[{"href":"https:\/\/www.prix.com.br\/prisma-inteligencia\/wp-json\/wp\/v2\/posts\/1651"}],"collection":[{"href":"https:\/\/www.prix.com.br\/prisma-inteligencia\/wp-json\/wp\/v2\/posts"}],"about":[{"href":"https:\/\/www.prix.com.br\/prisma-inteligencia\/wp-json\/wp\/v2\/types\/post"}],"author":[{"embeddable":true,"href":"https:\/\/www.prix.com.br\/prisma-inteligencia\/wp-json\/wp\/v2\/users\/16"}],"replies":[{"embeddable":true,"href":"https:\/\/www.prix.com.br\/prisma-inteligencia\/wp-json\/wp\/v2\/comments?post=1651"}],"version-history":[{"count":1,"href":"https:\/\/www.prix.com.br\/prisma-inteligencia\/wp-json\/wp\/v2\/posts\/1651\/revisions"}],"predecessor-version":[{"id":1653,"href":"https:\/\/www.prix.com.br\/prisma-inteligencia\/wp-json\/wp\/v2\/posts\/1651\/revisions\/1653"}],"wp:featuredmedia":[{"embeddable":true,"href":"https:\/\/www.prix.com.br\/prisma-inteligencia\/wp-json\/wp\/v2\/media\/1648"}],"wp:attachment":[{"href":"https:\/\/www.prix.com.br\/prisma-inteligencia\/wp-json\/wp\/v2\/media?parent=1651"}],"wp:term":[{"taxonomy":"category","embeddable":true,"href":"https:\/\/www.prix.com.br\/prisma-inteligencia\/wp-json\/wp\/v2\/categories?post=1651"},{"taxonomy":"post_tag","embeddable":true,"href":"https:\/\/www.prix.com.br\/prisma-inteligencia\/wp-json\/wp\/v2\/tags?post=1651"}],"curies":[{"name":"wp","href":"https:\/\/api.w.org\/{rel}","templated":true}]}}