{"id":1668,"date":"2021-07-07T14:36:54","date_gmt":"2021-07-07T17:36:54","guid":{"rendered":"http:\/\/www.prix.com.br\/prisma-inteligencia\/?p=1668"},"modified":"2021-07-07T14:36:57","modified_gmt":"2021-07-07T17:36:57","slug":"primeiro-e-ultimo-encontro-com-o-fotografo-jorge-sagrilo","status":"publish","type":"post","link":"https:\/\/www.prix.com.br\/prisma-inteligencia\/primeiro-e-ultimo-encontro-com-o-fotografo-jorge-sagrilo\/","title":{"rendered":"PRIMEIRO E \u00daLTIMO ENCONTRO COM O FOT\u00d3GRAFO JORGE SAGRILO"},"content":{"rendered":"\n<p>Fernando Manh\u00e3es<\/p>\n\n\n\n<p>O mercado publicit\u00e1rio capixaba perdeu no m\u00eas passado um fot\u00f3grafo e um ser humano de m\u00e3o cheia, Jorge Luiz Sagrilo. Fa\u00e7o aqui meu registro e uma singela homenagem ao profissional que com seu olhar mudou a \u00f3tica da fotografia publicit\u00e1ria no Esp\u00edrito Santo. Conheci Sagrilo em 1982, quando trabalhava como produtor gr\u00e1fico na Quarupe Propaganda, de Edgar e Erildo dos Anjos. Lembro-me de ter agendado uma sess\u00e3o de fotos com ele para um lan\u00e7amento imobili\u00e1rio. Numa \u00e9poca sem celular, comunica\u00e7\u00e3o via telefonia fixa, precisei modificar o hor\u00e1rio das fotos, no mesmo dia far\u00edamos tamb\u00e9m a grava\u00e7\u00e3o do VT, l\u00e1 nos est\u00fadios da Rede Gazeta, ainda na General Os\u00f3rio, pois a modelo viria do Rio de Janeiro e seu retorno havia sido antecipado. Como n\u00e3o encontrei Sagrilo, deixei o recado com a sua fiel escudeira Laurinda. Ocorre que Sagrilo n\u00e3o me respondeu, marquei com outro fot\u00f3grafo que, sinceramente, n\u00e3o lembro o nome. No hor\u00e1rio combinado apareceram os dois, o novato e Sagrilo, que virou para mim e disse \u201cFernando, tranquilo, deixa o rapaz fazer\u201d. Por que estou contando essa hist\u00f3ria, porque al\u00e9m de mostrar sua generosidade com quem estava come\u00e7ando, me ajudou a resolver um problema. O fot\u00f3grafo inexperiente, que fez as fotos, aproveitou a luz da grava\u00e7\u00e3o do VT e o resultado, que s\u00f3 ver\u00edamos no dia seguinte, foi que as fotos ficaram horr\u00edveis e mesmo assim, Sagrilo me ajudou a melhorar o material.&nbsp;<\/p>\n\n\n\n<p>Desde ent\u00e3o, se passaram 39 anos. Sagrilo dedicou grande parte da sua carreira profissional \u00e0 fotografia publicit\u00e1ria. N\u00e3o s\u00f3 com a fotografia em si, mas tamb\u00e9m na melhoria do resultado final, na qualidade dos trabalhos de pr\u00e9-produ\u00e7\u00e3o e na produ\u00e7\u00e3o propriamente dita, como casting, cenografia, maquiagem e figurinos. Esse reconhecimento tanto \u00e9 verdade, que foi jurado no primeiro Pr\u00eamio Colibri, em 1986 e foi eleito fornecedor do ano, no mesmo Pr\u00eamio Colibri, por diversas vezes.<\/p>\n\n\n\n<p>Com a Prisma Intelig\u00eancia de Marketing foi uma parceria de longa data, mais precisamente por 34 anos e \u00e9 claro, temos muito orgulho disso. Foram centenas de trabalhos em que destaco dois: um que para n\u00f3s da Prisma \u00e9 de grande import\u00e2ncia, o an\u00fancio sequencial em A Gazeta para a Real Caf\u00e9, criado por Hilton Monteiro e at\u00e9 hoje, \u00e9 a primeira e \u00fanica conquista de um Le\u00e3o de Ouro no Festival de Cannes por uma ag\u00eancia capixaba, isso em 2003 e o outro, que o pr\u00f3prio Sagrilo gostava de destacar, a campanha em preto e branco \u201cA verdade tem muitas faces\u201d, tamb\u00e9m criada por Hilton, para o jornal A Gazeta, em julho de 2001. &nbsp;<\/p>\n\n\n\n<p>Sagrilo tamb\u00e9m foi um dos colaboradores do livro Mem\u00f3ria da Propaganda Capixaba lan\u00e7ado em 2014, com depoimentos de diversos profissionais do mercado publicit\u00e1rio capixaba. Nos \u00faltimos anos, os trabalhos foram diminuindo e novos profissionais surgiram, principalmente ap\u00f3s a digitaliza\u00e7\u00e3o da imagem fotogr\u00e1fica e consequentemente a nossa conviv\u00eancia foi se espa\u00e7ando. Nosso \u00faltimo encontro foi em 2018, totalmente casual e almo\u00e7amos juntos. Falamos de tudo um pouco: da comida, da vida e l\u00f3gico, da fotografia.<\/p>\n\n\n\n<p><a href=\"https:\/\/www.agazeta.com.br\/colunas\/fernando-manhaes\/primeiro-e-ultimo-encontro-com-o-fotografo-jorge-sagrilo-0721\">https:\/\/www.agazeta.com.br\/colunas\/fernando-manhaes\/primeiro-e-ultimo-encontro-com-o-fotografo-jorge-sagrilo-0721<\/a><\/p>\n\n\n\n<p><\/p>\n\n\n\n<p><\/p>\n","protected":false},"excerpt":{"rendered":"<p>Fernando Manh\u00e3es O mercado publicit\u00e1rio capixaba perdeu no m\u00eas passado um fot\u00f3grafo e um ser humano de m\u00e3o cheia, Jorge Luiz Sagrilo. Fa\u00e7o aqui meu registro e uma singela homenagem ao profissional que com seu olhar mudou a \u00f3tica da fotografia publicit\u00e1ria no Esp\u00edrito Santo. Conheci Sagrilo em 1982, quando trabalhava como produtor gr\u00e1fico na [&#8230;]\n","protected":false},"author":17,"featured_media":1669,"comment_status":"open","ping_status":"open","sticky":false,"template":"","format":"standard","meta":[],"categories":[11],"tags":[],"yoast_head":"<!-- This site is optimized with the Yoast SEO plugin v21.8.1 - https:\/\/yoast.com\/wordpress\/plugins\/seo\/ -->\n<title>PRIMEIRO E \u00daLTIMO ENCONTRO COM O FOT\u00d3GRAFO JORGE SAGRILO - Prisma Intelig\u00eancia<\/title>\n<meta name=\"robots\" content=\"index, follow, max-snippet:-1, max-image-preview:large, max-video-preview:-1\" \/>\n<link rel=\"canonical\" href=\"https:\/\/www.prix.com.br\/prisma-inteligencia\/primeiro-e-ultimo-encontro-com-o-fotografo-jorge-sagrilo\/\" \/>\n<meta property=\"og:locale\" content=\"pt_BR\" \/>\n<meta property=\"og:type\" content=\"article\" \/>\n<meta property=\"og:title\" content=\"PRIMEIRO E \u00daLTIMO ENCONTRO COM O FOT\u00d3GRAFO JORGE SAGRILO - Prisma Intelig\u00eancia\" \/>\n<meta property=\"og:description\" content=\"Fernando Manh\u00e3es O mercado publicit\u00e1rio capixaba perdeu no m\u00eas passado um fot\u00f3grafo e um ser humano de m\u00e3o cheia, Jorge Luiz Sagrilo. Fa\u00e7o aqui meu registro e uma singela homenagem ao profissional que com seu olhar mudou a \u00f3tica da fotografia publicit\u00e1ria no Esp\u00edrito Santo. Conheci Sagrilo em 1982, quando trabalhava como produtor gr\u00e1fico na [...]\" \/>\n<meta property=\"og:url\" content=\"https:\/\/www.prix.com.br\/prisma-inteligencia\/primeiro-e-ultimo-encontro-com-o-fotografo-jorge-sagrilo\/\" \/>\n<meta property=\"og:site_name\" content=\"Prisma Intelig\u00eancia\" \/>\n<meta property=\"article:published_time\" content=\"2021-07-07T17:36:54+00:00\" \/>\n<meta property=\"article:modified_time\" content=\"2021-07-07T17:36:57+00:00\" \/>\n<meta property=\"og:image\" content=\"https:\/\/www.prix.com.br\/prisma-inteligencia\/wp-content\/uploads\/2021\/07\/o-fotografo-jorge-sagrilo-537314-article-1.jpg\" \/>\n\t<meta property=\"og:image:width\" content=\"600\" \/>\n\t<meta property=\"og:image:height\" content=\"398\" \/>\n\t<meta property=\"og:image:type\" content=\"image\/jpeg\" \/>\n<meta name=\"author\" content=\"Yuri\" \/>\n<meta name=\"twitter:card\" content=\"summary_large_image\" \/>\n<meta name=\"twitter:label1\" content=\"Escrito por\" \/>\n\t<meta name=\"twitter:data1\" content=\"Yuri\" \/>\n\t<meta name=\"twitter:label2\" content=\"Est. tempo de leitura\" \/>\n\t<meta name=\"twitter:data2\" content=\"3 minutos\" \/>\n<script type=\"application\/ld+json\" class=\"yoast-schema-graph\">{\"@context\":\"https:\/\/schema.org\",\"@graph\":[{\"@type\":\"Article\",\"@id\":\"https:\/\/www.prix.com.br\/prisma-inteligencia\/primeiro-e-ultimo-encontro-com-o-fotografo-jorge-sagrilo\/#article\",\"isPartOf\":{\"@id\":\"https:\/\/www.prix.com.br\/prisma-inteligencia\/primeiro-e-ultimo-encontro-com-o-fotografo-jorge-sagrilo\/\"},\"author\":{\"name\":\"Yuri\",\"@id\":\"https:\/\/www.prix.com.br\/prisma-inteligencia\/#\/schema\/person\/dbdc4d6ca56380af3d5fc073cf9c1e86\"},\"headline\":\"PRIMEIRO E \u00daLTIMO ENCONTRO COM O FOT\u00d3GRAFO JORGE SAGRILO\",\"datePublished\":\"2021-07-07T17:36:54+00:00\",\"dateModified\":\"2021-07-07T17:36:57+00:00\",\"mainEntityOfPage\":{\"@id\":\"https:\/\/www.prix.com.br\/prisma-inteligencia\/primeiro-e-ultimo-encontro-com-o-fotografo-jorge-sagrilo\/\"},\"wordCount\":566,\"commentCount\":0,\"publisher\":{\"@id\":\"https:\/\/www.prix.com.br\/prisma-inteligencia\/#organization\"},\"articleSection\":[\"blog\"],\"inLanguage\":\"pt-BR\",\"potentialAction\":[{\"@type\":\"CommentAction\",\"name\":\"Comment\",\"target\":[\"https:\/\/www.prix.com.br\/prisma-inteligencia\/primeiro-e-ultimo-encontro-com-o-fotografo-jorge-sagrilo\/#respond\"]}]},{\"@type\":\"WebPage\",\"@id\":\"https:\/\/www.prix.com.br\/prisma-inteligencia\/primeiro-e-ultimo-encontro-com-o-fotografo-jorge-sagrilo\/\",\"url\":\"https:\/\/www.prix.com.br\/prisma-inteligencia\/primeiro-e-ultimo-encontro-com-o-fotografo-jorge-sagrilo\/\",\"name\":\"PRIMEIRO E \u00daLTIMO ENCONTRO COM O FOT\u00d3GRAFO JORGE SAGRILO - Prisma Intelig\u00eancia\",\"isPartOf\":{\"@id\":\"https:\/\/www.prix.com.br\/prisma-inteligencia\/#website\"},\"datePublished\":\"2021-07-07T17:36:54+00:00\",\"dateModified\":\"2021-07-07T17:36:57+00:00\",\"breadcrumb\":{\"@id\":\"https:\/\/www.prix.com.br\/prisma-inteligencia\/primeiro-e-ultimo-encontro-com-o-fotografo-jorge-sagrilo\/#breadcrumb\"},\"inLanguage\":\"pt-BR\",\"potentialAction\":[{\"@type\":\"ReadAction\",\"target\":[\"https:\/\/www.prix.com.br\/prisma-inteligencia\/primeiro-e-ultimo-encontro-com-o-fotografo-jorge-sagrilo\/\"]}]},{\"@type\":\"BreadcrumbList\",\"@id\":\"https:\/\/www.prix.com.br\/prisma-inteligencia\/primeiro-e-ultimo-encontro-com-o-fotografo-jorge-sagrilo\/#breadcrumb\",\"itemListElement\":[{\"@type\":\"ListItem\",\"position\":1,\"name\":\"In\u00edcio\",\"item\":\"https:\/\/www.prix.com.br\/prisma-inteligencia\/\"},{\"@type\":\"ListItem\",\"position\":2,\"name\":\"PRIMEIRO E \u00daLTIMO ENCONTRO COM O FOT\u00d3GRAFO JORGE SAGRILO\"}]},{\"@type\":\"WebSite\",\"@id\":\"https:\/\/www.prix.com.br\/prisma-inteligencia\/#website\",\"url\":\"https:\/\/www.prix.com.br\/prisma-inteligencia\/\",\"name\":\"Prisma Intelig\u00eancia\",\"description\":\"Segundo o Instituto Ipsos especializado em h\u00e1bitos de consumo e comunica\u00e7\u00e3o, somos impactados diariamente, por mais seis mil mensagens publicit\u00e1rias.\",\"publisher\":{\"@id\":\"https:\/\/www.prix.com.br\/prisma-inteligencia\/#organization\"},\"potentialAction\":[{\"@type\":\"SearchAction\",\"target\":{\"@type\":\"EntryPoint\",\"urlTemplate\":\"https:\/\/www.prix.com.br\/prisma-inteligencia\/?s={search_term_string}\"},\"query-input\":\"required name=search_term_string\"}],\"inLanguage\":\"pt-BR\"},{\"@type\":\"Organization\",\"@id\":\"https:\/\/www.prix.com.br\/prisma-inteligencia\/#organization\",\"name\":\"Prisma Intelig\u00eancia\",\"url\":\"https:\/\/www.prix.com.br\/prisma-inteligencia\/\",\"logo\":{\"@type\":\"ImageObject\",\"inLanguage\":\"pt-BR\",\"@id\":\"https:\/\/www.prix.com.br\/prisma-inteligencia\/#\/schema\/logo\/image\/\",\"url\":\"https:\/\/www.prix.com.br\/prisma-inteligencia\/wp-content\/uploads\/2019\/09\/Logo-Prisma.png\",\"contentUrl\":\"https:\/\/www.prix.com.br\/prisma-inteligencia\/wp-content\/uploads\/2019\/09\/Logo-Prisma.png\",\"width\":554,\"height\":154,\"caption\":\"Prisma Intelig\u00eancia\"},\"image\":{\"@id\":\"https:\/\/www.prix.com.br\/prisma-inteligencia\/#\/schema\/logo\/image\/\"}},{\"@type\":\"Person\",\"@id\":\"https:\/\/www.prix.com.br\/prisma-inteligencia\/#\/schema\/person\/dbdc4d6ca56380af3d5fc073cf9c1e86\",\"name\":\"Yuri\",\"image\":{\"@type\":\"ImageObject\",\"inLanguage\":\"pt-BR\",\"@id\":\"https:\/\/www.prix.com.br\/prisma-inteligencia\/#\/schema\/person\/image\/\",\"url\":\"https:\/\/secure.gravatar.com\/avatar\/4d7b924d20bf0b058c309115cd5e756e?s=96&d=mm&r=g\",\"contentUrl\":\"https:\/\/secure.gravatar.com\/avatar\/4d7b924d20bf0b058c309115cd5e756e?s=96&d=mm&r=g\",\"caption\":\"Yuri\"},\"url\":\"https:\/\/www.prix.com.br\/prisma-inteligencia\/author\/yuriartmark\/\"}]}<\/script>\n<!-- \/ Yoast SEO plugin. -->","yoast_head_json":{"title":"PRIMEIRO E \u00daLTIMO ENCONTRO COM O FOT\u00d3GRAFO JORGE SAGRILO - Prisma Intelig\u00eancia","robots":{"index":"index","follow":"follow","max-snippet":"max-snippet:-1","max-image-preview":"max-image-preview:large","max-video-preview":"max-video-preview:-1"},"canonical":"https:\/\/www.prix.com.br\/prisma-inteligencia\/primeiro-e-ultimo-encontro-com-o-fotografo-jorge-sagrilo\/","og_locale":"pt_BR","og_type":"article","og_title":"PRIMEIRO E \u00daLTIMO ENCONTRO COM O FOT\u00d3GRAFO JORGE SAGRILO - Prisma Intelig\u00eancia","og_description":"Fernando Manh\u00e3es O mercado publicit\u00e1rio capixaba perdeu no m\u00eas passado um fot\u00f3grafo e um ser humano de m\u00e3o cheia, Jorge Luiz Sagrilo. Fa\u00e7o aqui meu registro e uma singela homenagem ao profissional que com seu olhar mudou a \u00f3tica da fotografia publicit\u00e1ria no Esp\u00edrito Santo. Conheci Sagrilo em 1982, quando trabalhava como produtor gr\u00e1fico na [...]","og_url":"https:\/\/www.prix.com.br\/prisma-inteligencia\/primeiro-e-ultimo-encontro-com-o-fotografo-jorge-sagrilo\/","og_site_name":"Prisma Intelig\u00eancia","article_published_time":"2021-07-07T17:36:54+00:00","article_modified_time":"2021-07-07T17:36:57+00:00","og_image":[{"width":600,"height":398,"url":"https:\/\/www.prix.com.br\/prisma-inteligencia\/wp-content\/uploads\/2021\/07\/o-fotografo-jorge-sagrilo-537314-article-1.jpg","type":"image\/jpeg"}],"author":"Yuri","twitter_card":"summary_large_image","twitter_misc":{"Escrito por":"Yuri","Est. tempo de leitura":"3 minutos"},"schema":{"@context":"https:\/\/schema.org","@graph":[{"@type":"Article","@id":"https:\/\/www.prix.com.br\/prisma-inteligencia\/primeiro-e-ultimo-encontro-com-o-fotografo-jorge-sagrilo\/#article","isPartOf":{"@id":"https:\/\/www.prix.com.br\/prisma-inteligencia\/primeiro-e-ultimo-encontro-com-o-fotografo-jorge-sagrilo\/"},"author":{"name":"Yuri","@id":"https:\/\/www.prix.com.br\/prisma-inteligencia\/#\/schema\/person\/dbdc4d6ca56380af3d5fc073cf9c1e86"},"headline":"PRIMEIRO E \u00daLTIMO ENCONTRO COM O FOT\u00d3GRAFO JORGE SAGRILO","datePublished":"2021-07-07T17:36:54+00:00","dateModified":"2021-07-07T17:36:57+00:00","mainEntityOfPage":{"@id":"https:\/\/www.prix.com.br\/prisma-inteligencia\/primeiro-e-ultimo-encontro-com-o-fotografo-jorge-sagrilo\/"},"wordCount":566,"commentCount":0,"publisher":{"@id":"https:\/\/www.prix.com.br\/prisma-inteligencia\/#organization"},"articleSection":["blog"],"inLanguage":"pt-BR","potentialAction":[{"@type":"CommentAction","name":"Comment","target":["https:\/\/www.prix.com.br\/prisma-inteligencia\/primeiro-e-ultimo-encontro-com-o-fotografo-jorge-sagrilo\/#respond"]}]},{"@type":"WebPage","@id":"https:\/\/www.prix.com.br\/prisma-inteligencia\/primeiro-e-ultimo-encontro-com-o-fotografo-jorge-sagrilo\/","url":"https:\/\/www.prix.com.br\/prisma-inteligencia\/primeiro-e-ultimo-encontro-com-o-fotografo-jorge-sagrilo\/","name":"PRIMEIRO E \u00daLTIMO ENCONTRO COM O FOT\u00d3GRAFO JORGE SAGRILO - Prisma Intelig\u00eancia","isPartOf":{"@id":"https:\/\/www.prix.com.br\/prisma-inteligencia\/#website"},"datePublished":"2021-07-07T17:36:54+00:00","dateModified":"2021-07-07T17:36:57+00:00","breadcrumb":{"@id":"https:\/\/www.prix.com.br\/prisma-inteligencia\/primeiro-e-ultimo-encontro-com-o-fotografo-jorge-sagrilo\/#breadcrumb"},"inLanguage":"pt-BR","potentialAction":[{"@type":"ReadAction","target":["https:\/\/www.prix.com.br\/prisma-inteligencia\/primeiro-e-ultimo-encontro-com-o-fotografo-jorge-sagrilo\/"]}]},{"@type":"BreadcrumbList","@id":"https:\/\/www.prix.com.br\/prisma-inteligencia\/primeiro-e-ultimo-encontro-com-o-fotografo-jorge-sagrilo\/#breadcrumb","itemListElement":[{"@type":"ListItem","position":1,"name":"In\u00edcio","item":"https:\/\/www.prix.com.br\/prisma-inteligencia\/"},{"@type":"ListItem","position":2,"name":"PRIMEIRO E \u00daLTIMO ENCONTRO COM O FOT\u00d3GRAFO JORGE SAGRILO"}]},{"@type":"WebSite","@id":"https:\/\/www.prix.com.br\/prisma-inteligencia\/#website","url":"https:\/\/www.prix.com.br\/prisma-inteligencia\/","name":"Prisma Intelig\u00eancia","description":"Segundo o Instituto Ipsos especializado em h\u00e1bitos de consumo e comunica\u00e7\u00e3o, somos impactados diariamente, por mais seis mil mensagens publicit\u00e1rias.","publisher":{"@id":"https:\/\/www.prix.com.br\/prisma-inteligencia\/#organization"},"potentialAction":[{"@type":"SearchAction","target":{"@type":"EntryPoint","urlTemplate":"https:\/\/www.prix.com.br\/prisma-inteligencia\/?s={search_term_string}"},"query-input":"required name=search_term_string"}],"inLanguage":"pt-BR"},{"@type":"Organization","@id":"https:\/\/www.prix.com.br\/prisma-inteligencia\/#organization","name":"Prisma Intelig\u00eancia","url":"https:\/\/www.prix.com.br\/prisma-inteligencia\/","logo":{"@type":"ImageObject","inLanguage":"pt-BR","@id":"https:\/\/www.prix.com.br\/prisma-inteligencia\/#\/schema\/logo\/image\/","url":"https:\/\/www.prix.com.br\/prisma-inteligencia\/wp-content\/uploads\/2019\/09\/Logo-Prisma.png","contentUrl":"https:\/\/www.prix.com.br\/prisma-inteligencia\/wp-content\/uploads\/2019\/09\/Logo-Prisma.png","width":554,"height":154,"caption":"Prisma Intelig\u00eancia"},"image":{"@id":"https:\/\/www.prix.com.br\/prisma-inteligencia\/#\/schema\/logo\/image\/"}},{"@type":"Person","@id":"https:\/\/www.prix.com.br\/prisma-inteligencia\/#\/schema\/person\/dbdc4d6ca56380af3d5fc073cf9c1e86","name":"Yuri","image":{"@type":"ImageObject","inLanguage":"pt-BR","@id":"https:\/\/www.prix.com.br\/prisma-inteligencia\/#\/schema\/person\/image\/","url":"https:\/\/secure.gravatar.com\/avatar\/4d7b924d20bf0b058c309115cd5e756e?s=96&d=mm&r=g","contentUrl":"https:\/\/secure.gravatar.com\/avatar\/4d7b924d20bf0b058c309115cd5e756e?s=96&d=mm&r=g","caption":"Yuri"},"url":"https:\/\/www.prix.com.br\/prisma-inteligencia\/author\/yuriartmark\/"}]}},"_links":{"self":[{"href":"https:\/\/www.prix.com.br\/prisma-inteligencia\/wp-json\/wp\/v2\/posts\/1668"}],"collection":[{"href":"https:\/\/www.prix.com.br\/prisma-inteligencia\/wp-json\/wp\/v2\/posts"}],"about":[{"href":"https:\/\/www.prix.com.br\/prisma-inteligencia\/wp-json\/wp\/v2\/types\/post"}],"author":[{"embeddable":true,"href":"https:\/\/www.prix.com.br\/prisma-inteligencia\/wp-json\/wp\/v2\/users\/17"}],"replies":[{"embeddable":true,"href":"https:\/\/www.prix.com.br\/prisma-inteligencia\/wp-json\/wp\/v2\/comments?post=1668"}],"version-history":[{"count":1,"href":"https:\/\/www.prix.com.br\/prisma-inteligencia\/wp-json\/wp\/v2\/posts\/1668\/revisions"}],"predecessor-version":[{"id":1670,"href":"https:\/\/www.prix.com.br\/prisma-inteligencia\/wp-json\/wp\/v2\/posts\/1668\/revisions\/1670"}],"wp:featuredmedia":[{"embeddable":true,"href":"https:\/\/www.prix.com.br\/prisma-inteligencia\/wp-json\/wp\/v2\/media\/1669"}],"wp:attachment":[{"href":"https:\/\/www.prix.com.br\/prisma-inteligencia\/wp-json\/wp\/v2\/media?parent=1668"}],"wp:term":[{"taxonomy":"category","embeddable":true,"href":"https:\/\/www.prix.com.br\/prisma-inteligencia\/wp-json\/wp\/v2\/categories?post=1668"},{"taxonomy":"post_tag","embeddable":true,"href":"https:\/\/www.prix.com.br\/prisma-inteligencia\/wp-json\/wp\/v2\/tags?post=1668"}],"curies":[{"name":"wp","href":"https:\/\/api.w.org\/{rel}","templated":true}]}}