{"id":1713,"date":"2022-02-02T11:34:33","date_gmt":"2022-02-02T14:34:33","guid":{"rendered":"http:\/\/www.prix.com.br\/prisma-inteligencia\/?p=1713"},"modified":"2022-02-02T11:48:00","modified_gmt":"2022-02-02T14:48:00","slug":"marataizes-ganha-campanha-de-verao-assinada-pela-prisma-inteligencia-de-marketing","status":"publish","type":"post","link":"https:\/\/www.prix.com.br\/prisma-inteligencia\/marataizes-ganha-campanha-de-verao-assinada-pela-prisma-inteligencia-de-marketing\/","title":{"rendered":"Marata\u00edzes ganha campanha de ver\u00e3o assinada pela Prisma Intelig\u00eancia de Marketing"},"content":{"rendered":"\n<p>Por <strong>Gabriel Taveira<\/strong><\/p>\n\n\n\n<p>Marata\u00edzes est\u00e1 cada dia melhor. Melhor para investir, viver e curtir. Foi com essa motiva\u00e7\u00e3o que a Prisma Intelig\u00eancia de Marketing idealizou a campanha de turismo para o ver\u00e3o da p\u00e9rola capixaba.<\/p>\n\n\n\n<p>Apesar do reconhecimento da cidade como maior produtora de abacaxi do estado do Esp\u00edrito Santo, a produ\u00e7\u00e3o do material n\u00e3o foi vista como descascar nenhum, podemos garantir. Inspirado pela nova orla e as belas fal\u00e9sias presentes em Marata\u00edzes, o roteiro do v\u00eddeo foi desenvolvido e aprovado, nas vers\u00f5es de 30 segundos e 1 minuto. Com o texto fechado, ent\u00e3o \u00e9 hora de gravar.<\/p>\n\n\n\n<p>Embora os dias chuvosos tenham tomado conta do fim de ano capixaba, o sol apareceu no dia certo e a produtora Track Motion conseguiu captar belas imagens da cidade. Os 25 quil\u00f4metros de praia de Marata\u00edzes pareceram pouco perto do tamanho da \u00e1gua na boca sentida ao ver os pratos de frutos do mar, encontrados nos restaurantes da regi\u00e3o.<\/p>\n\n\n\n<p>O resultado ficou muito bacana, mesclando imagens com drones e closes, e, no texto, um grande convite para as pessoas conhecerem uma nova Marata\u00edzes. Afinal, n\u00e3o \u00e9 qualquer lugar que te acolhe nos bra\u00e7os do mar, n\u00e3o \u00e9 mesmo?<\/p>\n\n\n\n<figure class=\"wp-block-embed is-type-video is-provider-youtube wp-block-embed-youtube wp-embed-aspect-16-9 wp-has-aspect-ratio\"><div class=\"wp-block-embed__wrapper\">\n<iframe loading=\"lazy\" title=\"Perto do mar a gente \u00e9 mais feliz\" width=\"1020\" height=\"574\" src=\"https:\/\/www.youtube.com\/embed\/JXsXOKZSvJI?feature=oembed\" frameborder=\"0\" allow=\"accelerometer; autoplay; clipboard-write; encrypted-media; gyroscope; picture-in-picture\" allowfullscreen><\/iframe>\n<\/div><\/figure>\n\n\n\n<p>Ag\u00eancia: Prisma Intelig\u00eancia de Marketing<\/p>\n\n\n\n<p>Anunciante: Prefeitura de Marata\u00edzes<\/p>\n\n\n\n<p>Dire\u00e7\u00e3o: Raquel Rampon Medeiros<\/p>\n\n\n\n<p>Dire\u00e7\u00e3o de Arte: Leonardo Bassul<\/p>\n\n\n\n<p>Atendimento: Amanda Rodrigues<\/p>\n\n\n\n<p>M\u00eddia: Vanessa Ferreira<\/p>\n\n\n\n<p>Cria\u00e7\u00e3o: Gabriel Taveira Scopel<\/p>\n\n\n\n<p>Produtora: Track Motion&nbsp;<\/p>\n\n\n\n<p>Dire\u00e7\u00e3o: Dominique Lima<\/p>\n\n\n\n<p>Produ\u00e7\u00e3o: Iuri Galindo e Lucas Duarte<\/p>\n\n\n\n<p>Cinegrafista: Edu Donna<\/p>\n\n\n\n<p>Drone: Luciney Araujo<\/p>\n\n\n\n<p>Aprova\u00e7\u00e3o: Filipe Rodrigue<\/p>\n","protected":false},"excerpt":{"rendered":"<p>Marata\u00edzes est\u00e1 cada dia melhor. Melhor para investir, viver e curtir. Foi com essa motiva\u00e7\u00e3o que a Prisma Intelig\u00eancia de Marketing idealizou a campanha de turismo para o ver\u00e3o da p\u00e9rola capixaba.<\/p>\n","protected":false},"author":3,"featured_media":1714,"comment_status":"open","ping_status":"open","sticky":false,"template":"","format":"standard","meta":[],"categories":[1],"tags":[29,36,34,35,30],"yoast_head":"<!-- This site is optimized with the Yoast SEO plugin v21.8.1 - https:\/\/yoast.com\/wordpress\/plugins\/seo\/ -->\n<title>Marata\u00edzes ganha campanha de ver\u00e3o assinada pela Prisma Intelig\u00eancia de Marketing - Prisma Intelig\u00eancia<\/title>\n<meta name=\"robots\" content=\"index, follow, max-snippet:-1, max-image-preview:large, max-video-preview:-1\" \/>\n<link rel=\"canonical\" href=\"http:\/\/www.prix.com.br\/prisma-inteligencia\/marataizes-ganha-campanha-de-verao-assinada-pela-prisma-inteligencia-de-marketing\/\" \/>\n<meta property=\"og:locale\" content=\"pt_BR\" \/>\n<meta property=\"og:type\" content=\"article\" \/>\n<meta property=\"og:title\" content=\"Marata\u00edzes ganha campanha de ver\u00e3o assinada pela Prisma Intelig\u00eancia de Marketing - Prisma Intelig\u00eancia\" \/>\n<meta property=\"og:description\" content=\"Marata\u00edzes est\u00e1 cada dia melhor. Melhor para investir, viver e curtir. Foi com essa motiva\u00e7\u00e3o que a Prisma Intelig\u00eancia de Marketing idealizou a campanha de turismo para o ver\u00e3o da p\u00e9rola capixaba.\" \/>\n<meta property=\"og:url\" content=\"http:\/\/www.prix.com.br\/prisma-inteligencia\/marataizes-ganha-campanha-de-verao-assinada-pela-prisma-inteligencia-de-marketing\/\" \/>\n<meta property=\"og:site_name\" content=\"Prisma Intelig\u00eancia\" \/>\n<meta property=\"article:published_time\" content=\"2022-02-02T14:34:33+00:00\" \/>\n<meta property=\"article:modified_time\" content=\"2022-02-02T14:48:00+00:00\" \/>\n<meta property=\"og:image\" content=\"http:\/\/www.prix.com.br\/prisma-inteligencia\/wp-content\/uploads\/2022\/02\/Campanha-Marataizes-Falesias.png\" \/>\n\t<meta property=\"og:image:width\" content=\"1366\" \/>\n\t<meta property=\"og:image:height\" content=\"768\" \/>\n\t<meta property=\"og:image:type\" content=\"image\/png\" \/>\n<meta name=\"author\" content=\"prismapropaganda\" \/>\n<meta name=\"twitter:card\" content=\"summary_large_image\" \/>\n<meta name=\"twitter:label1\" content=\"Escrito por\" \/>\n\t<meta name=\"twitter:data1\" content=\"prismapropaganda\" \/>\n\t<meta name=\"twitter:label2\" content=\"Est. tempo de leitura\" \/>\n\t<meta name=\"twitter:data2\" content=\"2 minutos\" \/>\n<script type=\"application\/ld+json\" class=\"yoast-schema-graph\">{\"@context\":\"https:\/\/schema.org\",\"@graph\":[{\"@type\":\"Article\",\"@id\":\"http:\/\/www.prix.com.br\/prisma-inteligencia\/marataizes-ganha-campanha-de-verao-assinada-pela-prisma-inteligencia-de-marketing\/#article\",\"isPartOf\":{\"@id\":\"http:\/\/www.prix.com.br\/prisma-inteligencia\/marataizes-ganha-campanha-de-verao-assinada-pela-prisma-inteligencia-de-marketing\/\"},\"author\":{\"name\":\"prismapropaganda\",\"@id\":\"https:\/\/www.prix.com.br\/prisma-inteligencia\/#\/schema\/person\/d813d435436eba669bf9474f0b7ebe2e\"},\"headline\":\"Marata\u00edzes ganha campanha de ver\u00e3o assinada pela Prisma Intelig\u00eancia de Marketing\",\"datePublished\":\"2022-02-02T14:34:33+00:00\",\"dateModified\":\"2022-02-02T14:48:00+00:00\",\"mainEntityOfPage\":{\"@id\":\"http:\/\/www.prix.com.br\/prisma-inteligencia\/marataizes-ganha-campanha-de-verao-assinada-pela-prisma-inteligencia-de-marketing\/\"},\"wordCount\":291,\"commentCount\":0,\"publisher\":{\"@id\":\"https:\/\/www.prix.com.br\/prisma-inteligencia\/#organization\"},\"keywords\":[\"clientes\",\"inteligencia de marketing\",\"marataizes\",\"prisma\",\"ver\u00e3o\"],\"inLanguage\":\"pt-BR\",\"potentialAction\":[{\"@type\":\"CommentAction\",\"name\":\"Comment\",\"target\":[\"http:\/\/www.prix.com.br\/prisma-inteligencia\/marataizes-ganha-campanha-de-verao-assinada-pela-prisma-inteligencia-de-marketing\/#respond\"]}]},{\"@type\":\"WebPage\",\"@id\":\"http:\/\/www.prix.com.br\/prisma-inteligencia\/marataizes-ganha-campanha-de-verao-assinada-pela-prisma-inteligencia-de-marketing\/\",\"url\":\"http:\/\/www.prix.com.br\/prisma-inteligencia\/marataizes-ganha-campanha-de-verao-assinada-pela-prisma-inteligencia-de-marketing\/\",\"name\":\"Marata\u00edzes ganha campanha de ver\u00e3o assinada pela Prisma Intelig\u00eancia de Marketing - Prisma Intelig\u00eancia\",\"isPartOf\":{\"@id\":\"https:\/\/www.prix.com.br\/prisma-inteligencia\/#website\"},\"datePublished\":\"2022-02-02T14:34:33+00:00\",\"dateModified\":\"2022-02-02T14:48:00+00:00\",\"breadcrumb\":{\"@id\":\"http:\/\/www.prix.com.br\/prisma-inteligencia\/marataizes-ganha-campanha-de-verao-assinada-pela-prisma-inteligencia-de-marketing\/#breadcrumb\"},\"inLanguage\":\"pt-BR\",\"potentialAction\":[{\"@type\":\"ReadAction\",\"target\":[\"http:\/\/www.prix.com.br\/prisma-inteligencia\/marataizes-ganha-campanha-de-verao-assinada-pela-prisma-inteligencia-de-marketing\/\"]}]},{\"@type\":\"BreadcrumbList\",\"@id\":\"http:\/\/www.prix.com.br\/prisma-inteligencia\/marataizes-ganha-campanha-de-verao-assinada-pela-prisma-inteligencia-de-marketing\/#breadcrumb\",\"itemListElement\":[{\"@type\":\"ListItem\",\"position\":1,\"name\":\"In\u00edcio\",\"item\":\"https:\/\/www.prix.com.br\/prisma-inteligencia\/\"},{\"@type\":\"ListItem\",\"position\":2,\"name\":\"Marata\u00edzes ganha campanha de ver\u00e3o assinada pela Prisma Intelig\u00eancia de Marketing\"}]},{\"@type\":\"WebSite\",\"@id\":\"https:\/\/www.prix.com.br\/prisma-inteligencia\/#website\",\"url\":\"https:\/\/www.prix.com.br\/prisma-inteligencia\/\",\"name\":\"Prisma Intelig\u00eancia\",\"description\":\"Segundo o Instituto Ipsos especializado em h\u00e1bitos de consumo e comunica\u00e7\u00e3o, somos impactados diariamente, por mais seis mil mensagens publicit\u00e1rias.\",\"publisher\":{\"@id\":\"https:\/\/www.prix.com.br\/prisma-inteligencia\/#organization\"},\"potentialAction\":[{\"@type\":\"SearchAction\",\"target\":{\"@type\":\"EntryPoint\",\"urlTemplate\":\"https:\/\/www.prix.com.br\/prisma-inteligencia\/?s={search_term_string}\"},\"query-input\":\"required name=search_term_string\"}],\"inLanguage\":\"pt-BR\"},{\"@type\":\"Organization\",\"@id\":\"https:\/\/www.prix.com.br\/prisma-inteligencia\/#organization\",\"name\":\"Prisma Intelig\u00eancia\",\"url\":\"https:\/\/www.prix.com.br\/prisma-inteligencia\/\",\"logo\":{\"@type\":\"ImageObject\",\"inLanguage\":\"pt-BR\",\"@id\":\"https:\/\/www.prix.com.br\/prisma-inteligencia\/#\/schema\/logo\/image\/\",\"url\":\"https:\/\/www.prix.com.br\/prisma-inteligencia\/wp-content\/uploads\/2019\/09\/Logo-Prisma.png\",\"contentUrl\":\"https:\/\/www.prix.com.br\/prisma-inteligencia\/wp-content\/uploads\/2019\/09\/Logo-Prisma.png\",\"width\":554,\"height\":154,\"caption\":\"Prisma Intelig\u00eancia\"},\"image\":{\"@id\":\"https:\/\/www.prix.com.br\/prisma-inteligencia\/#\/schema\/logo\/image\/\"}},{\"@type\":\"Person\",\"@id\":\"https:\/\/www.prix.com.br\/prisma-inteligencia\/#\/schema\/person\/d813d435436eba669bf9474f0b7ebe2e\",\"name\":\"prismapropaganda\",\"image\":{\"@type\":\"ImageObject\",\"inLanguage\":\"pt-BR\",\"@id\":\"https:\/\/www.prix.com.br\/prisma-inteligencia\/#\/schema\/person\/image\/\",\"url\":\"https:\/\/secure.gravatar.com\/avatar\/eef51ad1a483453f26525d77f2278cfc?s=96&d=mm&r=g\",\"contentUrl\":\"https:\/\/secure.gravatar.com\/avatar\/eef51ad1a483453f26525d77f2278cfc?s=96&d=mm&r=g\",\"caption\":\"prismapropaganda\"},\"url\":\"https:\/\/www.prix.com.br\/prisma-inteligencia\/author\/prismapropaganda\/\"}]}<\/script>\n<!-- \/ Yoast SEO plugin. -->","yoast_head_json":{"title":"Marata\u00edzes ganha campanha de ver\u00e3o assinada pela Prisma Intelig\u00eancia de Marketing - Prisma Intelig\u00eancia","robots":{"index":"index","follow":"follow","max-snippet":"max-snippet:-1","max-image-preview":"max-image-preview:large","max-video-preview":"max-video-preview:-1"},"canonical":"http:\/\/www.prix.com.br\/prisma-inteligencia\/marataizes-ganha-campanha-de-verao-assinada-pela-prisma-inteligencia-de-marketing\/","og_locale":"pt_BR","og_type":"article","og_title":"Marata\u00edzes ganha campanha de ver\u00e3o assinada pela Prisma Intelig\u00eancia de Marketing - Prisma Intelig\u00eancia","og_description":"Marata\u00edzes est\u00e1 cada dia melhor. Melhor para investir, viver e curtir. Foi com essa motiva\u00e7\u00e3o que a Prisma Intelig\u00eancia de Marketing idealizou a campanha de turismo para o ver\u00e3o da p\u00e9rola capixaba.","og_url":"http:\/\/www.prix.com.br\/prisma-inteligencia\/marataizes-ganha-campanha-de-verao-assinada-pela-prisma-inteligencia-de-marketing\/","og_site_name":"Prisma Intelig\u00eancia","article_published_time":"2022-02-02T14:34:33+00:00","article_modified_time":"2022-02-02T14:48:00+00:00","og_image":[{"width":1366,"height":768,"url":"http:\/\/www.prix.com.br\/prisma-inteligencia\/wp-content\/uploads\/2022\/02\/Campanha-Marataizes-Falesias.png","type":"image\/png"}],"author":"prismapropaganda","twitter_card":"summary_large_image","twitter_misc":{"Escrito por":"prismapropaganda","Est. tempo de leitura":"2 minutos"},"schema":{"@context":"https:\/\/schema.org","@graph":[{"@type":"Article","@id":"http:\/\/www.prix.com.br\/prisma-inteligencia\/marataizes-ganha-campanha-de-verao-assinada-pela-prisma-inteligencia-de-marketing\/#article","isPartOf":{"@id":"http:\/\/www.prix.com.br\/prisma-inteligencia\/marataizes-ganha-campanha-de-verao-assinada-pela-prisma-inteligencia-de-marketing\/"},"author":{"name":"prismapropaganda","@id":"https:\/\/www.prix.com.br\/prisma-inteligencia\/#\/schema\/person\/d813d435436eba669bf9474f0b7ebe2e"},"headline":"Marata\u00edzes ganha campanha de ver\u00e3o assinada pela Prisma Intelig\u00eancia de Marketing","datePublished":"2022-02-02T14:34:33+00:00","dateModified":"2022-02-02T14:48:00+00:00","mainEntityOfPage":{"@id":"http:\/\/www.prix.com.br\/prisma-inteligencia\/marataizes-ganha-campanha-de-verao-assinada-pela-prisma-inteligencia-de-marketing\/"},"wordCount":291,"commentCount":0,"publisher":{"@id":"https:\/\/www.prix.com.br\/prisma-inteligencia\/#organization"},"keywords":["clientes","inteligencia de marketing","marataizes","prisma","ver\u00e3o"],"inLanguage":"pt-BR","potentialAction":[{"@type":"CommentAction","name":"Comment","target":["http:\/\/www.prix.com.br\/prisma-inteligencia\/marataizes-ganha-campanha-de-verao-assinada-pela-prisma-inteligencia-de-marketing\/#respond"]}]},{"@type":"WebPage","@id":"http:\/\/www.prix.com.br\/prisma-inteligencia\/marataizes-ganha-campanha-de-verao-assinada-pela-prisma-inteligencia-de-marketing\/","url":"http:\/\/www.prix.com.br\/prisma-inteligencia\/marataizes-ganha-campanha-de-verao-assinada-pela-prisma-inteligencia-de-marketing\/","name":"Marata\u00edzes ganha campanha de ver\u00e3o assinada pela Prisma Intelig\u00eancia de Marketing - Prisma Intelig\u00eancia","isPartOf":{"@id":"https:\/\/www.prix.com.br\/prisma-inteligencia\/#website"},"datePublished":"2022-02-02T14:34:33+00:00","dateModified":"2022-02-02T14:48:00+00:00","breadcrumb":{"@id":"http:\/\/www.prix.com.br\/prisma-inteligencia\/marataizes-ganha-campanha-de-verao-assinada-pela-prisma-inteligencia-de-marketing\/#breadcrumb"},"inLanguage":"pt-BR","potentialAction":[{"@type":"ReadAction","target":["http:\/\/www.prix.com.br\/prisma-inteligencia\/marataizes-ganha-campanha-de-verao-assinada-pela-prisma-inteligencia-de-marketing\/"]}]},{"@type":"BreadcrumbList","@id":"http:\/\/www.prix.com.br\/prisma-inteligencia\/marataizes-ganha-campanha-de-verao-assinada-pela-prisma-inteligencia-de-marketing\/#breadcrumb","itemListElement":[{"@type":"ListItem","position":1,"name":"In\u00edcio","item":"https:\/\/www.prix.com.br\/prisma-inteligencia\/"},{"@type":"ListItem","position":2,"name":"Marata\u00edzes ganha campanha de ver\u00e3o assinada pela Prisma Intelig\u00eancia de Marketing"}]},{"@type":"WebSite","@id":"https:\/\/www.prix.com.br\/prisma-inteligencia\/#website","url":"https:\/\/www.prix.com.br\/prisma-inteligencia\/","name":"Prisma Intelig\u00eancia","description":"Segundo o Instituto Ipsos especializado em h\u00e1bitos de consumo e comunica\u00e7\u00e3o, somos impactados diariamente, por mais seis mil mensagens publicit\u00e1rias.","publisher":{"@id":"https:\/\/www.prix.com.br\/prisma-inteligencia\/#organization"},"potentialAction":[{"@type":"SearchAction","target":{"@type":"EntryPoint","urlTemplate":"https:\/\/www.prix.com.br\/prisma-inteligencia\/?s={search_term_string}"},"query-input":"required name=search_term_string"}],"inLanguage":"pt-BR"},{"@type":"Organization","@id":"https:\/\/www.prix.com.br\/prisma-inteligencia\/#organization","name":"Prisma Intelig\u00eancia","url":"https:\/\/www.prix.com.br\/prisma-inteligencia\/","logo":{"@type":"ImageObject","inLanguage":"pt-BR","@id":"https:\/\/www.prix.com.br\/prisma-inteligencia\/#\/schema\/logo\/image\/","url":"https:\/\/www.prix.com.br\/prisma-inteligencia\/wp-content\/uploads\/2019\/09\/Logo-Prisma.png","contentUrl":"https:\/\/www.prix.com.br\/prisma-inteligencia\/wp-content\/uploads\/2019\/09\/Logo-Prisma.png","width":554,"height":154,"caption":"Prisma Intelig\u00eancia"},"image":{"@id":"https:\/\/www.prix.com.br\/prisma-inteligencia\/#\/schema\/logo\/image\/"}},{"@type":"Person","@id":"https:\/\/www.prix.com.br\/prisma-inteligencia\/#\/schema\/person\/d813d435436eba669bf9474f0b7ebe2e","name":"prismapropaganda","image":{"@type":"ImageObject","inLanguage":"pt-BR","@id":"https:\/\/www.prix.com.br\/prisma-inteligencia\/#\/schema\/person\/image\/","url":"https:\/\/secure.gravatar.com\/avatar\/eef51ad1a483453f26525d77f2278cfc?s=96&d=mm&r=g","contentUrl":"https:\/\/secure.gravatar.com\/avatar\/eef51ad1a483453f26525d77f2278cfc?s=96&d=mm&r=g","caption":"prismapropaganda"},"url":"https:\/\/www.prix.com.br\/prisma-inteligencia\/author\/prismapropaganda\/"}]}},"_links":{"self":[{"href":"https:\/\/www.prix.com.br\/prisma-inteligencia\/wp-json\/wp\/v2\/posts\/1713"}],"collection":[{"href":"https:\/\/www.prix.com.br\/prisma-inteligencia\/wp-json\/wp\/v2\/posts"}],"about":[{"href":"https:\/\/www.prix.com.br\/prisma-inteligencia\/wp-json\/wp\/v2\/types\/post"}],"author":[{"embeddable":true,"href":"https:\/\/www.prix.com.br\/prisma-inteligencia\/wp-json\/wp\/v2\/users\/3"}],"replies":[{"embeddable":true,"href":"https:\/\/www.prix.com.br\/prisma-inteligencia\/wp-json\/wp\/v2\/comments?post=1713"}],"version-history":[{"count":6,"href":"https:\/\/www.prix.com.br\/prisma-inteligencia\/wp-json\/wp\/v2\/posts\/1713\/revisions"}],"predecessor-version":[{"id":1723,"href":"https:\/\/www.prix.com.br\/prisma-inteligencia\/wp-json\/wp\/v2\/posts\/1713\/revisions\/1723"}],"wp:featuredmedia":[{"embeddable":true,"href":"https:\/\/www.prix.com.br\/prisma-inteligencia\/wp-json\/wp\/v2\/media\/1714"}],"wp:attachment":[{"href":"https:\/\/www.prix.com.br\/prisma-inteligencia\/wp-json\/wp\/v2\/media?parent=1713"}],"wp:term":[{"taxonomy":"category","embeddable":true,"href":"https:\/\/www.prix.com.br\/prisma-inteligencia\/wp-json\/wp\/v2\/categories?post=1713"},{"taxonomy":"post_tag","embeddable":true,"href":"https:\/\/www.prix.com.br\/prisma-inteligencia\/wp-json\/wp\/v2\/tags?post=1713"}],"curies":[{"name":"wp","href":"https:\/\/api.w.org\/{rel}","templated":true}]}}