{"id":1847,"date":"2022-02-25T19:07:53","date_gmt":"2022-02-25T22:07:53","guid":{"rendered":"http:\/\/www.prix.com.br\/prisma-inteligencia\/?p=1847"},"modified":"2022-02-25T19:12:16","modified_gmt":"2022-02-25T22:12:16","slug":"publicidade-quem-nao-apoiar-a-diversidade-sera-cada-vez-menor","status":"publish","type":"post","link":"https:\/\/www.prix.com.br\/prisma-inteligencia\/publicidade-quem-nao-apoiar-a-diversidade-sera-cada-vez-menor\/","title":{"rendered":"PUBLICIDADE \u2013 QUEM N\u00c3O APOIAR A DIVERSIDADE SER\u00c1 CADA VEZ MENOR"},"content":{"rendered":"\n<p>Os efeitos da pandemia t\u00eam provocado muitas mudan\u00e7as de comportamento e de h\u00e1bitos dos consumidores. Estamos experimentando modelos de abordagens publicit\u00e1rias junto aos clientes e muitas vezes os resultados n\u00e3o s\u00e3o os esperados. Fomos for\u00e7ados, de um momento para o outro, a nos distanciar das pessoas e muitas vezes tamb\u00e9m das marcas. Nunca, na era moderna, a tecnologia foi utilizada com tanta celeridade para aproximar pessoas que estavam distantes e concomitantemente provocou o afastamento dos que estavam t\u00e3o perto. Passamos a nos comunicar com pessoas do outro lado do mundo e, ao mesmo tempo, deixamos de nos comunicar com as pessoas do outro lado da rua.<\/p>\n\n\n\n<p>E na complexa engrenagem do branding, os anunciantes voltaram seus olhares para a publicidade. O digital at\u00e9 ent\u00e3o um diferencial, tornou-se obrigat\u00f3rio e normal. A disputa pela aten\u00e7\u00e3o dos canais digitais aumentou muito e os resultados mostram que o digital n\u00e3o faz milagre e que n\u00e3o evolui sozinho. A publicidade est\u00e1 cada vez mais diversa e plural. Os formatos que muitos j\u00e1 preconizavam como obsoletos, voltam a ser disputados. Basta observar a performance do meio televis\u00e3o e das r\u00e1dios. Ser diferente e se destacar dos outros, ainda \u00e9 o papel mais relevante da publicidade, atua como elo da liga\u00e7\u00e3o entre os consumidores e as marcas.<\/p>\n\n\n\n<p>Ter diversidade, significa dizer que as empresas querem e desejam um novo olhar, novas viv\u00eancias e consequentemente, uma comunica\u00e7\u00e3o mais assertiva. Uma comunica\u00e7\u00e3o mais transparente, que lide com pessoas diferentes que querem ser abordadas como tal. Pedem apenas para serem tratadas como indiv\u00edduos e n\u00e3o como n\u00fameros. Com o tempo essas diferen\u00e7as foram sendo evidenciadas, mas ainda s\u00e3o pouco representativas na comunica\u00e7\u00e3o dos anunciantes. Uma gera\u00e7\u00e3o p\u00f3s-pandemia pode exigir das marcas novas atitudes, atitudes que envolvam causas verdadeiramente leg\u00edtimas e que tragam um novo significado para a vida das pessoas. &nbsp;Com a publicidade isso n\u00e3o ser\u00e1 diferente. Ela ter\u00e1 que ser cada vez mais diversa, abrindo o caminho para consumidores mais conscientes, o que n\u00e3o significa a perda de efici\u00eancia e vendas. Muito pelo contr\u00e1rio. As marcas e suas causas far\u00e3o ainda mais sentido.<\/p>\n\n\n\n<p><strong>Fernando Manh\u00e3es \u2013 \u00c9 publicit\u00e1rio e professor do curso de Comunica\u00e7\u00e3o Social da UFES<\/strong>.<\/p>\n","protected":false},"excerpt":{"rendered":"<p>Os efeitos da pandemia t\u00eam provocado muitas mudan\u00e7as de comportamento e de h\u00e1bitos dos consumidores. Estamos experimentando modelos de abordagens publicit\u00e1rias junto aos clientes e muitas vezes os resultados n\u00e3o s\u00e3o os esperados. Fomos for\u00e7ados, de um momento para o outro, a nos distanciar das pessoas e muitas vezes tamb\u00e9m das marcas. Nunca, na era [&#8230;]\n","protected":false},"author":3,"featured_media":1849,"comment_status":"open","ping_status":"open","sticky":false,"template":"","format":"standard","meta":[],"categories":[1],"tags":[],"yoast_head":"<!-- This site is optimized with the Yoast SEO plugin v21.8.1 - https:\/\/yoast.com\/wordpress\/plugins\/seo\/ -->\n<title>PUBLICIDADE \u2013 QUEM N\u00c3O APOIAR A DIVERSIDADE SER\u00c1 CADA VEZ MENOR - Prisma Intelig\u00eancia<\/title>\n<meta name=\"robots\" content=\"index, follow, max-snippet:-1, max-image-preview:large, max-video-preview:-1\" \/>\n<link rel=\"canonical\" href=\"http:\/\/www.prix.com.br\/prisma-inteligencia\/publicidade-quem-nao-apoiar-a-diversidade-sera-cada-vez-menor\/\" \/>\n<meta property=\"og:locale\" content=\"pt_BR\" \/>\n<meta property=\"og:type\" content=\"article\" \/>\n<meta property=\"og:title\" content=\"PUBLICIDADE \u2013 QUEM N\u00c3O APOIAR A DIVERSIDADE SER\u00c1 CADA VEZ MENOR - Prisma Intelig\u00eancia\" \/>\n<meta property=\"og:description\" content=\"Os efeitos da pandemia t\u00eam provocado muitas mudan\u00e7as de comportamento e de h\u00e1bitos dos consumidores. Estamos experimentando modelos de abordagens publicit\u00e1rias junto aos clientes e muitas vezes os resultados n\u00e3o s\u00e3o os esperados. Fomos for\u00e7ados, de um momento para o outro, a nos distanciar das pessoas e muitas vezes tamb\u00e9m das marcas. Nunca, na era [...]\" \/>\n<meta property=\"og:url\" content=\"http:\/\/www.prix.com.br\/prisma-inteligencia\/publicidade-quem-nao-apoiar-a-diversidade-sera-cada-vez-menor\/\" \/>\n<meta property=\"og:site_name\" content=\"Prisma Intelig\u00eancia\" \/>\n<meta property=\"article:published_time\" content=\"2022-02-25T22:07:53+00:00\" \/>\n<meta property=\"article:modified_time\" content=\"2022-02-25T22:12:16+00:00\" \/>\n<meta property=\"og:image\" content=\"http:\/\/www.prix.com.br\/prisma-inteligencia\/wp-content\/uploads\/2022\/02\/freepik-publicidade.jpg\" \/>\n\t<meta property=\"og:image:width\" content=\"740\" \/>\n\t<meta property=\"og:image:height\" content=\"493\" \/>\n\t<meta property=\"og:image:type\" content=\"image\/jpeg\" \/>\n<meta name=\"author\" content=\"prismapropaganda\" \/>\n<meta name=\"twitter:card\" content=\"summary_large_image\" \/>\n<meta name=\"twitter:label1\" content=\"Escrito por\" \/>\n\t<meta name=\"twitter:data1\" content=\"prismapropaganda\" \/>\n\t<meta name=\"twitter:label2\" content=\"Est. tempo de leitura\" \/>\n\t<meta name=\"twitter:data2\" content=\"2 minutos\" \/>\n<script type=\"application\/ld+json\" class=\"yoast-schema-graph\">{\"@context\":\"https:\/\/schema.org\",\"@graph\":[{\"@type\":\"Article\",\"@id\":\"http:\/\/www.prix.com.br\/prisma-inteligencia\/publicidade-quem-nao-apoiar-a-diversidade-sera-cada-vez-menor\/#article\",\"isPartOf\":{\"@id\":\"http:\/\/www.prix.com.br\/prisma-inteligencia\/publicidade-quem-nao-apoiar-a-diversidade-sera-cada-vez-menor\/\"},\"author\":{\"name\":\"prismapropaganda\",\"@id\":\"https:\/\/www.prix.com.br\/prisma-inteligencia\/#\/schema\/person\/d813d435436eba669bf9474f0b7ebe2e\"},\"headline\":\"PUBLICIDADE \u2013 QUEM N\u00c3O APOIAR A DIVERSIDADE SER\u00c1 CADA VEZ MENOR\",\"datePublished\":\"2022-02-25T22:07:53+00:00\",\"dateModified\":\"2022-02-25T22:12:16+00:00\",\"mainEntityOfPage\":{\"@id\":\"http:\/\/www.prix.com.br\/prisma-inteligencia\/publicidade-quem-nao-apoiar-a-diversidade-sera-cada-vez-menor\/\"},\"wordCount\":405,\"commentCount\":0,\"publisher\":{\"@id\":\"https:\/\/www.prix.com.br\/prisma-inteligencia\/#organization\"},\"inLanguage\":\"pt-BR\",\"potentialAction\":[{\"@type\":\"CommentAction\",\"name\":\"Comment\",\"target\":[\"http:\/\/www.prix.com.br\/prisma-inteligencia\/publicidade-quem-nao-apoiar-a-diversidade-sera-cada-vez-menor\/#respond\"]}]},{\"@type\":\"WebPage\",\"@id\":\"http:\/\/www.prix.com.br\/prisma-inteligencia\/publicidade-quem-nao-apoiar-a-diversidade-sera-cada-vez-menor\/\",\"url\":\"http:\/\/www.prix.com.br\/prisma-inteligencia\/publicidade-quem-nao-apoiar-a-diversidade-sera-cada-vez-menor\/\",\"name\":\"PUBLICIDADE \u2013 QUEM N\u00c3O APOIAR A DIVERSIDADE SER\u00c1 CADA VEZ MENOR - Prisma Intelig\u00eancia\",\"isPartOf\":{\"@id\":\"https:\/\/www.prix.com.br\/prisma-inteligencia\/#website\"},\"datePublished\":\"2022-02-25T22:07:53+00:00\",\"dateModified\":\"2022-02-25T22:12:16+00:00\",\"breadcrumb\":{\"@id\":\"http:\/\/www.prix.com.br\/prisma-inteligencia\/publicidade-quem-nao-apoiar-a-diversidade-sera-cada-vez-menor\/#breadcrumb\"},\"inLanguage\":\"pt-BR\",\"potentialAction\":[{\"@type\":\"ReadAction\",\"target\":[\"http:\/\/www.prix.com.br\/prisma-inteligencia\/publicidade-quem-nao-apoiar-a-diversidade-sera-cada-vez-menor\/\"]}]},{\"@type\":\"BreadcrumbList\",\"@id\":\"http:\/\/www.prix.com.br\/prisma-inteligencia\/publicidade-quem-nao-apoiar-a-diversidade-sera-cada-vez-menor\/#breadcrumb\",\"itemListElement\":[{\"@type\":\"ListItem\",\"position\":1,\"name\":\"In\u00edcio\",\"item\":\"https:\/\/www.prix.com.br\/prisma-inteligencia\/\"},{\"@type\":\"ListItem\",\"position\":2,\"name\":\"PUBLICIDADE \u2013 QUEM N\u00c3O APOIAR A DIVERSIDADE SER\u00c1 CADA VEZ MENOR\"}]},{\"@type\":\"WebSite\",\"@id\":\"https:\/\/www.prix.com.br\/prisma-inteligencia\/#website\",\"url\":\"https:\/\/www.prix.com.br\/prisma-inteligencia\/\",\"name\":\"Prisma Intelig\u00eancia\",\"description\":\"Segundo o Instituto Ipsos especializado em h\u00e1bitos de consumo e comunica\u00e7\u00e3o, somos impactados diariamente, por mais seis mil mensagens publicit\u00e1rias.\",\"publisher\":{\"@id\":\"https:\/\/www.prix.com.br\/prisma-inteligencia\/#organization\"},\"potentialAction\":[{\"@type\":\"SearchAction\",\"target\":{\"@type\":\"EntryPoint\",\"urlTemplate\":\"https:\/\/www.prix.com.br\/prisma-inteligencia\/?s={search_term_string}\"},\"query-input\":\"required name=search_term_string\"}],\"inLanguage\":\"pt-BR\"},{\"@type\":\"Organization\",\"@id\":\"https:\/\/www.prix.com.br\/prisma-inteligencia\/#organization\",\"name\":\"Prisma Intelig\u00eancia\",\"url\":\"https:\/\/www.prix.com.br\/prisma-inteligencia\/\",\"logo\":{\"@type\":\"ImageObject\",\"inLanguage\":\"pt-BR\",\"@id\":\"https:\/\/www.prix.com.br\/prisma-inteligencia\/#\/schema\/logo\/image\/\",\"url\":\"https:\/\/www.prix.com.br\/prisma-inteligencia\/wp-content\/uploads\/2019\/09\/Logo-Prisma.png\",\"contentUrl\":\"https:\/\/www.prix.com.br\/prisma-inteligencia\/wp-content\/uploads\/2019\/09\/Logo-Prisma.png\",\"width\":554,\"height\":154,\"caption\":\"Prisma Intelig\u00eancia\"},\"image\":{\"@id\":\"https:\/\/www.prix.com.br\/prisma-inteligencia\/#\/schema\/logo\/image\/\"}},{\"@type\":\"Person\",\"@id\":\"https:\/\/www.prix.com.br\/prisma-inteligencia\/#\/schema\/person\/d813d435436eba669bf9474f0b7ebe2e\",\"name\":\"prismapropaganda\",\"image\":{\"@type\":\"ImageObject\",\"inLanguage\":\"pt-BR\",\"@id\":\"https:\/\/www.prix.com.br\/prisma-inteligencia\/#\/schema\/person\/image\/\",\"url\":\"https:\/\/secure.gravatar.com\/avatar\/eef51ad1a483453f26525d77f2278cfc?s=96&d=mm&r=g\",\"contentUrl\":\"https:\/\/secure.gravatar.com\/avatar\/eef51ad1a483453f26525d77f2278cfc?s=96&d=mm&r=g\",\"caption\":\"prismapropaganda\"},\"url\":\"https:\/\/www.prix.com.br\/prisma-inteligencia\/author\/prismapropaganda\/\"}]}<\/script>\n<!-- \/ Yoast SEO plugin. -->","yoast_head_json":{"title":"PUBLICIDADE \u2013 QUEM N\u00c3O APOIAR A DIVERSIDADE SER\u00c1 CADA VEZ MENOR - Prisma Intelig\u00eancia","robots":{"index":"index","follow":"follow","max-snippet":"max-snippet:-1","max-image-preview":"max-image-preview:large","max-video-preview":"max-video-preview:-1"},"canonical":"http:\/\/www.prix.com.br\/prisma-inteligencia\/publicidade-quem-nao-apoiar-a-diversidade-sera-cada-vez-menor\/","og_locale":"pt_BR","og_type":"article","og_title":"PUBLICIDADE \u2013 QUEM N\u00c3O APOIAR A DIVERSIDADE SER\u00c1 CADA VEZ MENOR - Prisma Intelig\u00eancia","og_description":"Os efeitos da pandemia t\u00eam provocado muitas mudan\u00e7as de comportamento e de h\u00e1bitos dos consumidores. Estamos experimentando modelos de abordagens publicit\u00e1rias junto aos clientes e muitas vezes os resultados n\u00e3o s\u00e3o os esperados. Fomos for\u00e7ados, de um momento para o outro, a nos distanciar das pessoas e muitas vezes tamb\u00e9m das marcas. Nunca, na era [...]","og_url":"http:\/\/www.prix.com.br\/prisma-inteligencia\/publicidade-quem-nao-apoiar-a-diversidade-sera-cada-vez-menor\/","og_site_name":"Prisma Intelig\u00eancia","article_published_time":"2022-02-25T22:07:53+00:00","article_modified_time":"2022-02-25T22:12:16+00:00","og_image":[{"width":740,"height":493,"url":"http:\/\/www.prix.com.br\/prisma-inteligencia\/wp-content\/uploads\/2022\/02\/freepik-publicidade.jpg","type":"image\/jpeg"}],"author":"prismapropaganda","twitter_card":"summary_large_image","twitter_misc":{"Escrito por":"prismapropaganda","Est. tempo de leitura":"2 minutos"},"schema":{"@context":"https:\/\/schema.org","@graph":[{"@type":"Article","@id":"http:\/\/www.prix.com.br\/prisma-inteligencia\/publicidade-quem-nao-apoiar-a-diversidade-sera-cada-vez-menor\/#article","isPartOf":{"@id":"http:\/\/www.prix.com.br\/prisma-inteligencia\/publicidade-quem-nao-apoiar-a-diversidade-sera-cada-vez-menor\/"},"author":{"name":"prismapropaganda","@id":"https:\/\/www.prix.com.br\/prisma-inteligencia\/#\/schema\/person\/d813d435436eba669bf9474f0b7ebe2e"},"headline":"PUBLICIDADE \u2013 QUEM N\u00c3O APOIAR A DIVERSIDADE SER\u00c1 CADA VEZ MENOR","datePublished":"2022-02-25T22:07:53+00:00","dateModified":"2022-02-25T22:12:16+00:00","mainEntityOfPage":{"@id":"http:\/\/www.prix.com.br\/prisma-inteligencia\/publicidade-quem-nao-apoiar-a-diversidade-sera-cada-vez-menor\/"},"wordCount":405,"commentCount":0,"publisher":{"@id":"https:\/\/www.prix.com.br\/prisma-inteligencia\/#organization"},"inLanguage":"pt-BR","potentialAction":[{"@type":"CommentAction","name":"Comment","target":["http:\/\/www.prix.com.br\/prisma-inteligencia\/publicidade-quem-nao-apoiar-a-diversidade-sera-cada-vez-menor\/#respond"]}]},{"@type":"WebPage","@id":"http:\/\/www.prix.com.br\/prisma-inteligencia\/publicidade-quem-nao-apoiar-a-diversidade-sera-cada-vez-menor\/","url":"http:\/\/www.prix.com.br\/prisma-inteligencia\/publicidade-quem-nao-apoiar-a-diversidade-sera-cada-vez-menor\/","name":"PUBLICIDADE \u2013 QUEM N\u00c3O APOIAR A DIVERSIDADE SER\u00c1 CADA VEZ MENOR - Prisma Intelig\u00eancia","isPartOf":{"@id":"https:\/\/www.prix.com.br\/prisma-inteligencia\/#website"},"datePublished":"2022-02-25T22:07:53+00:00","dateModified":"2022-02-25T22:12:16+00:00","breadcrumb":{"@id":"http:\/\/www.prix.com.br\/prisma-inteligencia\/publicidade-quem-nao-apoiar-a-diversidade-sera-cada-vez-menor\/#breadcrumb"},"inLanguage":"pt-BR","potentialAction":[{"@type":"ReadAction","target":["http:\/\/www.prix.com.br\/prisma-inteligencia\/publicidade-quem-nao-apoiar-a-diversidade-sera-cada-vez-menor\/"]}]},{"@type":"BreadcrumbList","@id":"http:\/\/www.prix.com.br\/prisma-inteligencia\/publicidade-quem-nao-apoiar-a-diversidade-sera-cada-vez-menor\/#breadcrumb","itemListElement":[{"@type":"ListItem","position":1,"name":"In\u00edcio","item":"https:\/\/www.prix.com.br\/prisma-inteligencia\/"},{"@type":"ListItem","position":2,"name":"PUBLICIDADE \u2013 QUEM N\u00c3O APOIAR A DIVERSIDADE SER\u00c1 CADA VEZ MENOR"}]},{"@type":"WebSite","@id":"https:\/\/www.prix.com.br\/prisma-inteligencia\/#website","url":"https:\/\/www.prix.com.br\/prisma-inteligencia\/","name":"Prisma Intelig\u00eancia","description":"Segundo o Instituto Ipsos especializado em h\u00e1bitos de consumo e comunica\u00e7\u00e3o, somos impactados diariamente, por mais seis mil mensagens publicit\u00e1rias.","publisher":{"@id":"https:\/\/www.prix.com.br\/prisma-inteligencia\/#organization"},"potentialAction":[{"@type":"SearchAction","target":{"@type":"EntryPoint","urlTemplate":"https:\/\/www.prix.com.br\/prisma-inteligencia\/?s={search_term_string}"},"query-input":"required name=search_term_string"}],"inLanguage":"pt-BR"},{"@type":"Organization","@id":"https:\/\/www.prix.com.br\/prisma-inteligencia\/#organization","name":"Prisma Intelig\u00eancia","url":"https:\/\/www.prix.com.br\/prisma-inteligencia\/","logo":{"@type":"ImageObject","inLanguage":"pt-BR","@id":"https:\/\/www.prix.com.br\/prisma-inteligencia\/#\/schema\/logo\/image\/","url":"https:\/\/www.prix.com.br\/prisma-inteligencia\/wp-content\/uploads\/2019\/09\/Logo-Prisma.png","contentUrl":"https:\/\/www.prix.com.br\/prisma-inteligencia\/wp-content\/uploads\/2019\/09\/Logo-Prisma.png","width":554,"height":154,"caption":"Prisma Intelig\u00eancia"},"image":{"@id":"https:\/\/www.prix.com.br\/prisma-inteligencia\/#\/schema\/logo\/image\/"}},{"@type":"Person","@id":"https:\/\/www.prix.com.br\/prisma-inteligencia\/#\/schema\/person\/d813d435436eba669bf9474f0b7ebe2e","name":"prismapropaganda","image":{"@type":"ImageObject","inLanguage":"pt-BR","@id":"https:\/\/www.prix.com.br\/prisma-inteligencia\/#\/schema\/person\/image\/","url":"https:\/\/secure.gravatar.com\/avatar\/eef51ad1a483453f26525d77f2278cfc?s=96&d=mm&r=g","contentUrl":"https:\/\/secure.gravatar.com\/avatar\/eef51ad1a483453f26525d77f2278cfc?s=96&d=mm&r=g","caption":"prismapropaganda"},"url":"https:\/\/www.prix.com.br\/prisma-inteligencia\/author\/prismapropaganda\/"}]}},"_links":{"self":[{"href":"https:\/\/www.prix.com.br\/prisma-inteligencia\/wp-json\/wp\/v2\/posts\/1847"}],"collection":[{"href":"https:\/\/www.prix.com.br\/prisma-inteligencia\/wp-json\/wp\/v2\/posts"}],"about":[{"href":"https:\/\/www.prix.com.br\/prisma-inteligencia\/wp-json\/wp\/v2\/types\/post"}],"author":[{"embeddable":true,"href":"https:\/\/www.prix.com.br\/prisma-inteligencia\/wp-json\/wp\/v2\/users\/3"}],"replies":[{"embeddable":true,"href":"https:\/\/www.prix.com.br\/prisma-inteligencia\/wp-json\/wp\/v2\/comments?post=1847"}],"version-history":[{"count":2,"href":"https:\/\/www.prix.com.br\/prisma-inteligencia\/wp-json\/wp\/v2\/posts\/1847\/revisions"}],"predecessor-version":[{"id":1850,"href":"https:\/\/www.prix.com.br\/prisma-inteligencia\/wp-json\/wp\/v2\/posts\/1847\/revisions\/1850"}],"wp:featuredmedia":[{"embeddable":true,"href":"https:\/\/www.prix.com.br\/prisma-inteligencia\/wp-json\/wp\/v2\/media\/1849"}],"wp:attachment":[{"href":"https:\/\/www.prix.com.br\/prisma-inteligencia\/wp-json\/wp\/v2\/media?parent=1847"}],"wp:term":[{"taxonomy":"category","embeddable":true,"href":"https:\/\/www.prix.com.br\/prisma-inteligencia\/wp-json\/wp\/v2\/categories?post=1847"},{"taxonomy":"post_tag","embeddable":true,"href":"https:\/\/www.prix.com.br\/prisma-inteligencia\/wp-json\/wp\/v2\/tags?post=1847"}],"curies":[{"name":"wp","href":"https:\/\/api.w.org\/{rel}","templated":true}]}}