{"id":1857,"date":"2022-03-28T11:02:15","date_gmt":"2022-03-28T14:02:15","guid":{"rendered":"http:\/\/www.prix.com.br\/prisma-inteligencia\/?p=1857"},"modified":"2022-03-28T11:20:06","modified_gmt":"2022-03-28T14:20:06","slug":"200-anos-do-dia-do-fico","status":"publish","type":"post","link":"https:\/\/www.prix.com.br\/prisma-inteligencia\/200-anos-do-dia-do-fico\/","title":{"rendered":"200 ANOS DO DIA DO FICO"},"content":{"rendered":"\n<p>O hist\u00f3rico dia do Fico deu-se em 9 de janeiro de 1822. Fato que talvez tenha passado despercebido para muitos. Completamos assim, 200 anos em que o pr\u00edncipe regente D. Pedro I declarou que n\u00e3o seguiria mais as ordens da coroa portuguesa e que permaneceria no Brasil. Sem d\u00favida nenhuma, foi um dos fatos mais relevantes para, meses depois, o Brasil se tornar um pa\u00eds independente. Melhor dizendo, talvez tenha sido o fato que mudou o destino do povo brasileiro. \u00c9 curioso que aprendemos isso na escola e depois acabamos esquecendo ou mesmo relativizando a sua import\u00e2ncia para o desenvolvimento social, pol\u00edtico e econ\u00f4mico do Brasil.<\/p>\n\n\n\n<p>Vivendo em Portugal \u00e9 f\u00e1cil perceber como as not\u00edcias do Brasil tem import\u00e2ncia aqui. Mas a rec\u00edproca n\u00e3o \u00e9 verdadeira. Pouco sabia do que ocorria em Portugal quando vivia no Brasil. \u00c9 l\u00f3gico que a quest\u00e3o da dimens\u00e3o econ\u00f4mica e populacional tem influ\u00eancia nesse aspecto. Portugal tem pouco mais de 10 milh\u00f5es de habitantes e o Brasil \u00e9 um gigante de 213 milh\u00f5es de pessoas e de dimens\u00f5es continentais. O fato \u00e9 que a import\u00e2ncia hist\u00f3rica do Dia do Fico \u00e9 mais relevante para o Brasil do que para Portugal. Entretanto, nossa liga\u00e7\u00e3o com Portugal nos faz entender muito dos nossos h\u00e1bitos e costumes.<\/p>\n\n\n\n<p>Al\u00e9m dessa data comemorativa dos 200 anos e a sua contribui\u00e7\u00e3o social e econ\u00f4mica, fa\u00e7o uma correla\u00e7\u00e3o com o lan\u00e7amento do FIC \u2013 Fundo de Investimento Comunit\u00e1rio Capixaba, capitaneado pela FUNDAES \u2013 Federa\u00e7\u00e3o das Funda\u00e7\u00f5es e Associa\u00e7\u00f5es do ES, que une e congrega as entidades do Terceiro Setor Capixaba. Trata-se de uma iniciativa in\u00e9dita no Esp\u00edrito Santo visando apoiar projetos sociais em todo Estado. Com parceiros estrat\u00e9gicos como IDIS \u2013 Instituto de Desenvolvimento e Investimento Social e a Mott Foundation, o FIC ser\u00e1 lan\u00e7ado no pr\u00f3ximo dia 31, no audit\u00f3rio da FUCAPE, com palestras de especialistas de renome nacional e internacional para uma melhor compreens\u00e3o do tema.<\/p>\n\n\n\n<p>Assim como D. Pedro I marcou a vida dos brasileiros e acelerou a independ\u00eancia do Brasil, acredito que al\u00e9m da semelhan\u00e7a dos nomes e da sonoridade, o FIC talvez seja para \u00e1rea social do Esp\u00edrito Santo, um novo passo em dire\u00e7\u00e3o a um Estado mais inclusivo, igual e atento \u00e0s oportunidades que alavanquem o fortalecimento do terceiro setor. O FIC veio para ficar.<\/p>\n\n\n\n<p><strong>Fernando Manh\u00e3es \u2013 \u00c9 publicit\u00e1rio e professor do curso de Comunica\u00e7\u00e3o Social da UFES<\/strong><\/p>\n","protected":false},"excerpt":{"rendered":"<p>O hist\u00f3rico dia do Fico deu-se em 9 de janeiro de 1822. Fato que talvez tenha passado despercebido para muitos. Completamos assim, 200 anos em que o pr\u00edncipe regente D. Pedro I declarou que n\u00e3o seguiria mais as ordens da coroa portuguesa e que permaneceria no Brasil. Sem d\u00favida nenhuma, foi um dos fatos mais [&#8230;]\n","protected":false},"author":3,"featured_media":1859,"comment_status":"open","ping_status":"open","sticky":false,"template":"","format":"standard","meta":[],"categories":[11,1],"tags":[38,37],"yoast_head":"<!-- This site is optimized with the Yoast SEO plugin v21.8.1 - https:\/\/yoast.com\/wordpress\/plugins\/seo\/ -->\n<title>200 ANOS DO DIA DO FICO - Prisma Intelig\u00eancia<\/title>\n<meta name=\"robots\" content=\"index, follow, max-snippet:-1, max-image-preview:large, max-video-preview:-1\" \/>\n<link rel=\"canonical\" href=\"http:\/\/www.prix.com.br\/prisma-inteligencia\/200-anos-do-dia-do-fico\/\" \/>\n<meta property=\"og:locale\" content=\"pt_BR\" \/>\n<meta property=\"og:type\" content=\"article\" \/>\n<meta property=\"og:title\" content=\"200 ANOS DO DIA DO FICO - Prisma Intelig\u00eancia\" \/>\n<meta property=\"og:description\" content=\"O hist\u00f3rico dia do Fico deu-se em 9 de janeiro de 1822. Fato que talvez tenha passado despercebido para muitos. Completamos assim, 200 anos em que o pr\u00edncipe regente D. Pedro I declarou que n\u00e3o seguiria mais as ordens da coroa portuguesa e que permaneceria no Brasil. Sem d\u00favida nenhuma, foi um dos fatos mais [...]\" \/>\n<meta property=\"og:url\" content=\"http:\/\/www.prix.com.br\/prisma-inteligencia\/200-anos-do-dia-do-fico\/\" \/>\n<meta property=\"og:site_name\" content=\"Prisma Intelig\u00eancia\" \/>\n<meta property=\"article:published_time\" content=\"2022-03-28T14:02:15+00:00\" \/>\n<meta property=\"article:modified_time\" content=\"2022-03-28T14:20:06+00:00\" \/>\n<meta property=\"og:image\" content=\"http:\/\/www.prix.com.br\/prisma-inteligencia\/wp-content\/uploads\/2022\/03\/feliz-dia-de-colombo-tres-caravelas_516397-16.jpg\" \/>\n\t<meta property=\"og:image:width\" content=\"900\" \/>\n\t<meta property=\"og:image:height\" content=\"506\" \/>\n\t<meta property=\"og:image:type\" content=\"image\/jpeg\" \/>\n<meta name=\"author\" content=\"prismapropaganda\" \/>\n<meta name=\"twitter:card\" content=\"summary_large_image\" \/>\n<meta name=\"twitter:label1\" content=\"Escrito por\" \/>\n\t<meta name=\"twitter:data1\" content=\"prismapropaganda\" \/>\n\t<meta name=\"twitter:label2\" content=\"Est. tempo de leitura\" \/>\n\t<meta name=\"twitter:data2\" content=\"3 minutos\" \/>\n<script type=\"application\/ld+json\" class=\"yoast-schema-graph\">{\"@context\":\"https:\/\/schema.org\",\"@graph\":[{\"@type\":\"Article\",\"@id\":\"http:\/\/www.prix.com.br\/prisma-inteligencia\/200-anos-do-dia-do-fico\/#article\",\"isPartOf\":{\"@id\":\"http:\/\/www.prix.com.br\/prisma-inteligencia\/200-anos-do-dia-do-fico\/\"},\"author\":{\"name\":\"prismapropaganda\",\"@id\":\"https:\/\/www.prix.com.br\/prisma-inteligencia\/#\/schema\/person\/d813d435436eba669bf9474f0b7ebe2e\"},\"headline\":\"200 ANOS DO DIA DO FICO\",\"datePublished\":\"2022-03-28T14:02:15+00:00\",\"dateModified\":\"2022-03-28T14:20:06+00:00\",\"mainEntityOfPage\":{\"@id\":\"http:\/\/www.prix.com.br\/prisma-inteligencia\/200-anos-do-dia-do-fico\/\"},\"wordCount\":430,\"commentCount\":0,\"publisher\":{\"@id\":\"https:\/\/www.prix.com.br\/prisma-inteligencia\/#organization\"},\"keywords\":[\"dom pedro I\",\"fico\"],\"articleSection\":[\"blog\"],\"inLanguage\":\"pt-BR\",\"potentialAction\":[{\"@type\":\"CommentAction\",\"name\":\"Comment\",\"target\":[\"http:\/\/www.prix.com.br\/prisma-inteligencia\/200-anos-do-dia-do-fico\/#respond\"]}]},{\"@type\":\"WebPage\",\"@id\":\"http:\/\/www.prix.com.br\/prisma-inteligencia\/200-anos-do-dia-do-fico\/\",\"url\":\"http:\/\/www.prix.com.br\/prisma-inteligencia\/200-anos-do-dia-do-fico\/\",\"name\":\"200 ANOS DO DIA DO FICO - Prisma Intelig\u00eancia\",\"isPartOf\":{\"@id\":\"https:\/\/www.prix.com.br\/prisma-inteligencia\/#website\"},\"datePublished\":\"2022-03-28T14:02:15+00:00\",\"dateModified\":\"2022-03-28T14:20:06+00:00\",\"breadcrumb\":{\"@id\":\"http:\/\/www.prix.com.br\/prisma-inteligencia\/200-anos-do-dia-do-fico\/#breadcrumb\"},\"inLanguage\":\"pt-BR\",\"potentialAction\":[{\"@type\":\"ReadAction\",\"target\":[\"http:\/\/www.prix.com.br\/prisma-inteligencia\/200-anos-do-dia-do-fico\/\"]}]},{\"@type\":\"BreadcrumbList\",\"@id\":\"http:\/\/www.prix.com.br\/prisma-inteligencia\/200-anos-do-dia-do-fico\/#breadcrumb\",\"itemListElement\":[{\"@type\":\"ListItem\",\"position\":1,\"name\":\"In\u00edcio\",\"item\":\"https:\/\/www.prix.com.br\/prisma-inteligencia\/\"},{\"@type\":\"ListItem\",\"position\":2,\"name\":\"200 ANOS DO DIA DO FICO\"}]},{\"@type\":\"WebSite\",\"@id\":\"https:\/\/www.prix.com.br\/prisma-inteligencia\/#website\",\"url\":\"https:\/\/www.prix.com.br\/prisma-inteligencia\/\",\"name\":\"Prisma Intelig\u00eancia\",\"description\":\"Segundo o Instituto Ipsos especializado em h\u00e1bitos de consumo e comunica\u00e7\u00e3o, somos impactados diariamente, por mais seis mil mensagens publicit\u00e1rias.\",\"publisher\":{\"@id\":\"https:\/\/www.prix.com.br\/prisma-inteligencia\/#organization\"},\"potentialAction\":[{\"@type\":\"SearchAction\",\"target\":{\"@type\":\"EntryPoint\",\"urlTemplate\":\"https:\/\/www.prix.com.br\/prisma-inteligencia\/?s={search_term_string}\"},\"query-input\":\"required name=search_term_string\"}],\"inLanguage\":\"pt-BR\"},{\"@type\":\"Organization\",\"@id\":\"https:\/\/www.prix.com.br\/prisma-inteligencia\/#organization\",\"name\":\"Prisma Intelig\u00eancia\",\"url\":\"https:\/\/www.prix.com.br\/prisma-inteligencia\/\",\"logo\":{\"@type\":\"ImageObject\",\"inLanguage\":\"pt-BR\",\"@id\":\"https:\/\/www.prix.com.br\/prisma-inteligencia\/#\/schema\/logo\/image\/\",\"url\":\"https:\/\/www.prix.com.br\/prisma-inteligencia\/wp-content\/uploads\/2019\/09\/Logo-Prisma.png\",\"contentUrl\":\"https:\/\/www.prix.com.br\/prisma-inteligencia\/wp-content\/uploads\/2019\/09\/Logo-Prisma.png\",\"width\":554,\"height\":154,\"caption\":\"Prisma Intelig\u00eancia\"},\"image\":{\"@id\":\"https:\/\/www.prix.com.br\/prisma-inteligencia\/#\/schema\/logo\/image\/\"}},{\"@type\":\"Person\",\"@id\":\"https:\/\/www.prix.com.br\/prisma-inteligencia\/#\/schema\/person\/d813d435436eba669bf9474f0b7ebe2e\",\"name\":\"prismapropaganda\",\"image\":{\"@type\":\"ImageObject\",\"inLanguage\":\"pt-BR\",\"@id\":\"https:\/\/www.prix.com.br\/prisma-inteligencia\/#\/schema\/person\/image\/\",\"url\":\"https:\/\/secure.gravatar.com\/avatar\/eef51ad1a483453f26525d77f2278cfc?s=96&d=mm&r=g\",\"contentUrl\":\"https:\/\/secure.gravatar.com\/avatar\/eef51ad1a483453f26525d77f2278cfc?s=96&d=mm&r=g\",\"caption\":\"prismapropaganda\"},\"url\":\"https:\/\/www.prix.com.br\/prisma-inteligencia\/author\/prismapropaganda\/\"}]}<\/script>\n<!-- \/ Yoast SEO plugin. -->","yoast_head_json":{"title":"200 ANOS DO DIA DO FICO - Prisma Intelig\u00eancia","robots":{"index":"index","follow":"follow","max-snippet":"max-snippet:-1","max-image-preview":"max-image-preview:large","max-video-preview":"max-video-preview:-1"},"canonical":"http:\/\/www.prix.com.br\/prisma-inteligencia\/200-anos-do-dia-do-fico\/","og_locale":"pt_BR","og_type":"article","og_title":"200 ANOS DO DIA DO FICO - Prisma Intelig\u00eancia","og_description":"O hist\u00f3rico dia do Fico deu-se em 9 de janeiro de 1822. Fato que talvez tenha passado despercebido para muitos. Completamos assim, 200 anos em que o pr\u00edncipe regente D. Pedro I declarou que n\u00e3o seguiria mais as ordens da coroa portuguesa e que permaneceria no Brasil. Sem d\u00favida nenhuma, foi um dos fatos mais [...]","og_url":"http:\/\/www.prix.com.br\/prisma-inteligencia\/200-anos-do-dia-do-fico\/","og_site_name":"Prisma Intelig\u00eancia","article_published_time":"2022-03-28T14:02:15+00:00","article_modified_time":"2022-03-28T14:20:06+00:00","og_image":[{"width":900,"height":506,"url":"http:\/\/www.prix.com.br\/prisma-inteligencia\/wp-content\/uploads\/2022\/03\/feliz-dia-de-colombo-tres-caravelas_516397-16.jpg","type":"image\/jpeg"}],"author":"prismapropaganda","twitter_card":"summary_large_image","twitter_misc":{"Escrito por":"prismapropaganda","Est. tempo de leitura":"3 minutos"},"schema":{"@context":"https:\/\/schema.org","@graph":[{"@type":"Article","@id":"http:\/\/www.prix.com.br\/prisma-inteligencia\/200-anos-do-dia-do-fico\/#article","isPartOf":{"@id":"http:\/\/www.prix.com.br\/prisma-inteligencia\/200-anos-do-dia-do-fico\/"},"author":{"name":"prismapropaganda","@id":"https:\/\/www.prix.com.br\/prisma-inteligencia\/#\/schema\/person\/d813d435436eba669bf9474f0b7ebe2e"},"headline":"200 ANOS DO DIA DO FICO","datePublished":"2022-03-28T14:02:15+00:00","dateModified":"2022-03-28T14:20:06+00:00","mainEntityOfPage":{"@id":"http:\/\/www.prix.com.br\/prisma-inteligencia\/200-anos-do-dia-do-fico\/"},"wordCount":430,"commentCount":0,"publisher":{"@id":"https:\/\/www.prix.com.br\/prisma-inteligencia\/#organization"},"keywords":["dom pedro I","fico"],"articleSection":["blog"],"inLanguage":"pt-BR","potentialAction":[{"@type":"CommentAction","name":"Comment","target":["http:\/\/www.prix.com.br\/prisma-inteligencia\/200-anos-do-dia-do-fico\/#respond"]}]},{"@type":"WebPage","@id":"http:\/\/www.prix.com.br\/prisma-inteligencia\/200-anos-do-dia-do-fico\/","url":"http:\/\/www.prix.com.br\/prisma-inteligencia\/200-anos-do-dia-do-fico\/","name":"200 ANOS DO DIA DO FICO - Prisma Intelig\u00eancia","isPartOf":{"@id":"https:\/\/www.prix.com.br\/prisma-inteligencia\/#website"},"datePublished":"2022-03-28T14:02:15+00:00","dateModified":"2022-03-28T14:20:06+00:00","breadcrumb":{"@id":"http:\/\/www.prix.com.br\/prisma-inteligencia\/200-anos-do-dia-do-fico\/#breadcrumb"},"inLanguage":"pt-BR","potentialAction":[{"@type":"ReadAction","target":["http:\/\/www.prix.com.br\/prisma-inteligencia\/200-anos-do-dia-do-fico\/"]}]},{"@type":"BreadcrumbList","@id":"http:\/\/www.prix.com.br\/prisma-inteligencia\/200-anos-do-dia-do-fico\/#breadcrumb","itemListElement":[{"@type":"ListItem","position":1,"name":"In\u00edcio","item":"https:\/\/www.prix.com.br\/prisma-inteligencia\/"},{"@type":"ListItem","position":2,"name":"200 ANOS DO DIA DO FICO"}]},{"@type":"WebSite","@id":"https:\/\/www.prix.com.br\/prisma-inteligencia\/#website","url":"https:\/\/www.prix.com.br\/prisma-inteligencia\/","name":"Prisma Intelig\u00eancia","description":"Segundo o Instituto Ipsos especializado em h\u00e1bitos de consumo e comunica\u00e7\u00e3o, somos impactados diariamente, por mais seis mil mensagens publicit\u00e1rias.","publisher":{"@id":"https:\/\/www.prix.com.br\/prisma-inteligencia\/#organization"},"potentialAction":[{"@type":"SearchAction","target":{"@type":"EntryPoint","urlTemplate":"https:\/\/www.prix.com.br\/prisma-inteligencia\/?s={search_term_string}"},"query-input":"required name=search_term_string"}],"inLanguage":"pt-BR"},{"@type":"Organization","@id":"https:\/\/www.prix.com.br\/prisma-inteligencia\/#organization","name":"Prisma Intelig\u00eancia","url":"https:\/\/www.prix.com.br\/prisma-inteligencia\/","logo":{"@type":"ImageObject","inLanguage":"pt-BR","@id":"https:\/\/www.prix.com.br\/prisma-inteligencia\/#\/schema\/logo\/image\/","url":"https:\/\/www.prix.com.br\/prisma-inteligencia\/wp-content\/uploads\/2019\/09\/Logo-Prisma.png","contentUrl":"https:\/\/www.prix.com.br\/prisma-inteligencia\/wp-content\/uploads\/2019\/09\/Logo-Prisma.png","width":554,"height":154,"caption":"Prisma Intelig\u00eancia"},"image":{"@id":"https:\/\/www.prix.com.br\/prisma-inteligencia\/#\/schema\/logo\/image\/"}},{"@type":"Person","@id":"https:\/\/www.prix.com.br\/prisma-inteligencia\/#\/schema\/person\/d813d435436eba669bf9474f0b7ebe2e","name":"prismapropaganda","image":{"@type":"ImageObject","inLanguage":"pt-BR","@id":"https:\/\/www.prix.com.br\/prisma-inteligencia\/#\/schema\/person\/image\/","url":"https:\/\/secure.gravatar.com\/avatar\/eef51ad1a483453f26525d77f2278cfc?s=96&d=mm&r=g","contentUrl":"https:\/\/secure.gravatar.com\/avatar\/eef51ad1a483453f26525d77f2278cfc?s=96&d=mm&r=g","caption":"prismapropaganda"},"url":"https:\/\/www.prix.com.br\/prisma-inteligencia\/author\/prismapropaganda\/"}]}},"_links":{"self":[{"href":"https:\/\/www.prix.com.br\/prisma-inteligencia\/wp-json\/wp\/v2\/posts\/1857"}],"collection":[{"href":"https:\/\/www.prix.com.br\/prisma-inteligencia\/wp-json\/wp\/v2\/posts"}],"about":[{"href":"https:\/\/www.prix.com.br\/prisma-inteligencia\/wp-json\/wp\/v2\/types\/post"}],"author":[{"embeddable":true,"href":"https:\/\/www.prix.com.br\/prisma-inteligencia\/wp-json\/wp\/v2\/users\/3"}],"replies":[{"embeddable":true,"href":"https:\/\/www.prix.com.br\/prisma-inteligencia\/wp-json\/wp\/v2\/comments?post=1857"}],"version-history":[{"count":1,"href":"https:\/\/www.prix.com.br\/prisma-inteligencia\/wp-json\/wp\/v2\/posts\/1857\/revisions"}],"predecessor-version":[{"id":1858,"href":"https:\/\/www.prix.com.br\/prisma-inteligencia\/wp-json\/wp\/v2\/posts\/1857\/revisions\/1858"}],"wp:featuredmedia":[{"embeddable":true,"href":"https:\/\/www.prix.com.br\/prisma-inteligencia\/wp-json\/wp\/v2\/media\/1859"}],"wp:attachment":[{"href":"https:\/\/www.prix.com.br\/prisma-inteligencia\/wp-json\/wp\/v2\/media?parent=1857"}],"wp:term":[{"taxonomy":"category","embeddable":true,"href":"https:\/\/www.prix.com.br\/prisma-inteligencia\/wp-json\/wp\/v2\/categories?post=1857"},{"taxonomy":"post_tag","embeddable":true,"href":"https:\/\/www.prix.com.br\/prisma-inteligencia\/wp-json\/wp\/v2\/tags?post=1857"}],"curies":[{"name":"wp","href":"https:\/\/api.w.org\/{rel}","templated":true}]}}