{"id":1894,"date":"2022-06-23T10:59:45","date_gmt":"2022-06-23T13:59:45","guid":{"rendered":"http:\/\/www.prix.com.br\/prisma-inteligencia\/?p=1894"},"modified":"2022-06-23T11:01:54","modified_gmt":"2022-06-23T14:01:54","slug":"fernando-manhaes-recebe-comenda-domingos-martins-da-assembleia-legislativa-do-es","status":"publish","type":"post","link":"https:\/\/www.prix.com.br\/prisma-inteligencia\/fernando-manhaes-recebe-comenda-domingos-martins-da-assembleia-legislativa-do-es\/","title":{"rendered":"Fernando Manh\u00e3es recebe comenda Domingos Martins da Assembleia Legislativa do ES"},"content":{"rendered":"\n<p>O professor universit\u00e1rio e empres\u00e1rio Fernando Manh\u00e3es, recebeu, neste m\u00eas de junho, uma das mais altas honrarias da&nbsp;<a href=\"https:\/\/www.al.es.gov.br\/\">Assembleia Legislativa do Estado do Esp\u00edrito Santo (Ales)<\/a>: a Comenda Domingos Martins.<\/p>\n\n\n\n<p>O t\u00edtulo \u00e9 entregue para personalidades e institui\u00e7\u00f5es que prestam relevante servi\u00e7o para a popula\u00e7\u00e3o capixaba. A homenagem foi uma indica\u00e7\u00e3o do deputado&nbsp;<a href=\"https:\/\/www.al.es.gov.br\/Deputado\/RenzoVasconcelos\">Renzo Vasconcelos (PSC)<\/a>.<\/p>\n\n\n\n<div class=\"wp-block-image\"><figure class=\"alignleft\"><a href=\"https:\/\/prix.com.br\/wp-content\/uploads\/2022\/06\/Comenda-Domingos-Martins-Fernando-6.jpeg\"><img decoding=\"async\" src=\"https:\/\/prix.com.br\/wp-content\/uploads\/2022\/06\/Comenda-Domingos-Martins-Fernando-6-300x200.jpeg\" alt=\"\" class=\"wp-image-6333\"\/><\/a><\/figure><\/div>\n\n\n\n<p>Fernando Manh\u00e3es \u00e9 professor da&nbsp;<a href=\"https:\/\/www.ufes.br\/\">Universidade Federal do Esp\u00edrito Santo (Ufes)<\/a>&nbsp;e presidente do&nbsp;<a href=\"https:\/\/prix.com.br\/\">Grupo Prix<\/a>, uma holding de comunica\u00e7\u00e3o, que conta com as empresas&nbsp;<a href=\"https:\/\/www.prix.com.br\/prisma-inteligencia\/\">Prisma Intelig\u00eancia de Marketing<\/a>,&nbsp;<a href=\"https:\/\/atitudeedu.com.br\/\">Atitude \u2013 Educa\u00e7\u00e3o Executiva<\/a>&nbsp;e&nbsp;<a href=\"https:\/\/vitoriacoworking.com.br\/\">Vit\u00f3ria Coworking<\/a>. E atualmente reside em Braga, Portugal, onde aperfei\u00e7oa os estudos em comunica\u00e7\u00e3o.<\/p>\n\n\n\n<p>A Prisma, que neste ano completa 35 anos, \u00e9 uma das mais importantes ag\u00eancias de publicidade do Esp\u00edrito Santo, sendo a \u00fanica capixaba ganhadora do Le\u00e3o de Cannes, pr\u00eamio recebido em 2001 pela criatividade em um an\u00fancio de jornal impresso.<\/p>\n\n\n\n<p>Manh\u00e3es \u00e9 uma das figuras mais atuantes no mercado publicit\u00e1rio capixaba e viu as transforma\u00e7\u00f5es do setor de comunica\u00e7\u00e3o onde antes eram usadas m\u00e1quinas e produ\u00e7\u00f5es a m\u00e3o e hoje s\u00e3o utilizadas as transforma\u00e7\u00f5es da tecnologia.<\/p>\n","protected":false},"excerpt":{"rendered":"<p>O professor universit\u00e1rio e empres\u00e1rio Fernando Manh\u00e3es, recebeu, neste m\u00eas de junho, uma das mais altas honrarias da&nbsp;Assembleia Legislativa do Estado do Esp\u00edrito Santo (Ales): a Comenda Domingos Martins. O t\u00edtulo \u00e9 entregue para personalidades e institui\u00e7\u00f5es que prestam relevante servi\u00e7o para a popula\u00e7\u00e3o capixaba. A homenagem foi uma indica\u00e7\u00e3o do deputado&nbsp;Renzo Vasconcelos (PSC). Fernando [&#8230;]\n","protected":false},"author":3,"featured_media":1896,"comment_status":"open","ping_status":"open","sticky":false,"template":"","format":"standard","meta":[],"categories":[11],"tags":[],"yoast_head":"<!-- This site is optimized with the Yoast SEO plugin v21.8.1 - https:\/\/yoast.com\/wordpress\/plugins\/seo\/ -->\n<title>Fernando Manh\u00e3es recebe comenda Domingos Martins da Assembleia Legislativa do ES - Prisma Intelig\u00eancia<\/title>\n<meta name=\"robots\" content=\"index, follow, max-snippet:-1, max-image-preview:large, max-video-preview:-1\" \/>\n<link rel=\"canonical\" href=\"http:\/\/www.prix.com.br\/prisma-inteligencia\/fernando-manhaes-recebe-comenda-domingos-martins-da-assembleia-legislativa-do-es\/\" \/>\n<meta property=\"og:locale\" content=\"pt_BR\" \/>\n<meta property=\"og:type\" content=\"article\" \/>\n<meta property=\"og:title\" content=\"Fernando Manh\u00e3es recebe comenda Domingos Martins da Assembleia Legislativa do ES - Prisma Intelig\u00eancia\" \/>\n<meta property=\"og:description\" content=\"O professor universit\u00e1rio e empres\u00e1rio Fernando Manh\u00e3es, recebeu, neste m\u00eas de junho, uma das mais altas honrarias da&nbsp;Assembleia Legislativa do Estado do Esp\u00edrito Santo (Ales): a Comenda Domingos Martins. O t\u00edtulo \u00e9 entregue para personalidades e institui\u00e7\u00f5es que prestam relevante servi\u00e7o para a popula\u00e7\u00e3o capixaba. A homenagem foi uma indica\u00e7\u00e3o do deputado&nbsp;Renzo Vasconcelos (PSC). Fernando [...]\" \/>\n<meta property=\"og:url\" content=\"http:\/\/www.prix.com.br\/prisma-inteligencia\/fernando-manhaes-recebe-comenda-domingos-martins-da-assembleia-legislativa-do-es\/\" \/>\n<meta property=\"og:site_name\" content=\"Prisma Intelig\u00eancia\" \/>\n<meta property=\"article:published_time\" content=\"2022-06-23T13:59:45+00:00\" \/>\n<meta property=\"article:modified_time\" content=\"2022-06-23T14:01:54+00:00\" \/>\n<meta property=\"og:image\" content=\"http:\/\/www.prix.com.br\/prisma-inteligencia\/wp-content\/uploads\/2022\/06\/Comenda-Domingos-Martins-Fernando-3.jpeg\" \/>\n\t<meta property=\"og:image:width\" content=\"1280\" \/>\n\t<meta property=\"og:image:height\" content=\"853\" \/>\n\t<meta property=\"og:image:type\" content=\"image\/jpeg\" \/>\n<meta name=\"author\" content=\"prismapropaganda\" \/>\n<meta name=\"twitter:card\" content=\"summary_large_image\" \/>\n<meta name=\"twitter:label1\" content=\"Escrito por\" \/>\n\t<meta name=\"twitter:data1\" content=\"prismapropaganda\" \/>\n\t<meta name=\"twitter:label2\" content=\"Est. tempo de leitura\" \/>\n\t<meta name=\"twitter:data2\" content=\"2 minutos\" \/>\n<script type=\"application\/ld+json\" class=\"yoast-schema-graph\">{\"@context\":\"https:\/\/schema.org\",\"@graph\":[{\"@type\":\"Article\",\"@id\":\"http:\/\/www.prix.com.br\/prisma-inteligencia\/fernando-manhaes-recebe-comenda-domingos-martins-da-assembleia-legislativa-do-es\/#article\",\"isPartOf\":{\"@id\":\"http:\/\/www.prix.com.br\/prisma-inteligencia\/fernando-manhaes-recebe-comenda-domingos-martins-da-assembleia-legislativa-do-es\/\"},\"author\":{\"name\":\"prismapropaganda\",\"@id\":\"https:\/\/www.prix.com.br\/prisma-inteligencia\/#\/schema\/person\/d813d435436eba669bf9474f0b7ebe2e\"},\"headline\":\"Fernando Manh\u00e3es recebe comenda Domingos Martins da Assembleia Legislativa do ES\",\"datePublished\":\"2022-06-23T13:59:45+00:00\",\"dateModified\":\"2022-06-23T14:01:54+00:00\",\"mainEntityOfPage\":{\"@id\":\"http:\/\/www.prix.com.br\/prisma-inteligencia\/fernando-manhaes-recebe-comenda-domingos-martins-da-assembleia-legislativa-do-es\/\"},\"wordCount\":226,\"commentCount\":0,\"publisher\":{\"@id\":\"https:\/\/www.prix.com.br\/prisma-inteligencia\/#organization\"},\"articleSection\":[\"blog\"],\"inLanguage\":\"pt-BR\",\"potentialAction\":[{\"@type\":\"CommentAction\",\"name\":\"Comment\",\"target\":[\"http:\/\/www.prix.com.br\/prisma-inteligencia\/fernando-manhaes-recebe-comenda-domingos-martins-da-assembleia-legislativa-do-es\/#respond\"]}]},{\"@type\":\"WebPage\",\"@id\":\"http:\/\/www.prix.com.br\/prisma-inteligencia\/fernando-manhaes-recebe-comenda-domingos-martins-da-assembleia-legislativa-do-es\/\",\"url\":\"http:\/\/www.prix.com.br\/prisma-inteligencia\/fernando-manhaes-recebe-comenda-domingos-martins-da-assembleia-legislativa-do-es\/\",\"name\":\"Fernando Manh\u00e3es recebe comenda Domingos Martins da Assembleia Legislativa do ES - Prisma Intelig\u00eancia\",\"isPartOf\":{\"@id\":\"https:\/\/www.prix.com.br\/prisma-inteligencia\/#website\"},\"datePublished\":\"2022-06-23T13:59:45+00:00\",\"dateModified\":\"2022-06-23T14:01:54+00:00\",\"breadcrumb\":{\"@id\":\"http:\/\/www.prix.com.br\/prisma-inteligencia\/fernando-manhaes-recebe-comenda-domingos-martins-da-assembleia-legislativa-do-es\/#breadcrumb\"},\"inLanguage\":\"pt-BR\",\"potentialAction\":[{\"@type\":\"ReadAction\",\"target\":[\"http:\/\/www.prix.com.br\/prisma-inteligencia\/fernando-manhaes-recebe-comenda-domingos-martins-da-assembleia-legislativa-do-es\/\"]}]},{\"@type\":\"BreadcrumbList\",\"@id\":\"http:\/\/www.prix.com.br\/prisma-inteligencia\/fernando-manhaes-recebe-comenda-domingos-martins-da-assembleia-legislativa-do-es\/#breadcrumb\",\"itemListElement\":[{\"@type\":\"ListItem\",\"position\":1,\"name\":\"In\u00edcio\",\"item\":\"https:\/\/www.prix.com.br\/prisma-inteligencia\/\"},{\"@type\":\"ListItem\",\"position\":2,\"name\":\"Fernando Manh\u00e3es recebe comenda Domingos Martins da Assembleia Legislativa do ES\"}]},{\"@type\":\"WebSite\",\"@id\":\"https:\/\/www.prix.com.br\/prisma-inteligencia\/#website\",\"url\":\"https:\/\/www.prix.com.br\/prisma-inteligencia\/\",\"name\":\"Prisma Intelig\u00eancia\",\"description\":\"Segundo o Instituto Ipsos especializado em h\u00e1bitos de consumo e comunica\u00e7\u00e3o, somos impactados diariamente, por mais seis mil mensagens publicit\u00e1rias.\",\"publisher\":{\"@id\":\"https:\/\/www.prix.com.br\/prisma-inteligencia\/#organization\"},\"potentialAction\":[{\"@type\":\"SearchAction\",\"target\":{\"@type\":\"EntryPoint\",\"urlTemplate\":\"https:\/\/www.prix.com.br\/prisma-inteligencia\/?s={search_term_string}\"},\"query-input\":\"required name=search_term_string\"}],\"inLanguage\":\"pt-BR\"},{\"@type\":\"Organization\",\"@id\":\"https:\/\/www.prix.com.br\/prisma-inteligencia\/#organization\",\"name\":\"Prisma Intelig\u00eancia\",\"url\":\"https:\/\/www.prix.com.br\/prisma-inteligencia\/\",\"logo\":{\"@type\":\"ImageObject\",\"inLanguage\":\"pt-BR\",\"@id\":\"https:\/\/www.prix.com.br\/prisma-inteligencia\/#\/schema\/logo\/image\/\",\"url\":\"https:\/\/www.prix.com.br\/prisma-inteligencia\/wp-content\/uploads\/2019\/09\/Logo-Prisma.png\",\"contentUrl\":\"https:\/\/www.prix.com.br\/prisma-inteligencia\/wp-content\/uploads\/2019\/09\/Logo-Prisma.png\",\"width\":554,\"height\":154,\"caption\":\"Prisma Intelig\u00eancia\"},\"image\":{\"@id\":\"https:\/\/www.prix.com.br\/prisma-inteligencia\/#\/schema\/logo\/image\/\"}},{\"@type\":\"Person\",\"@id\":\"https:\/\/www.prix.com.br\/prisma-inteligencia\/#\/schema\/person\/d813d435436eba669bf9474f0b7ebe2e\",\"name\":\"prismapropaganda\",\"image\":{\"@type\":\"ImageObject\",\"inLanguage\":\"pt-BR\",\"@id\":\"https:\/\/www.prix.com.br\/prisma-inteligencia\/#\/schema\/person\/image\/\",\"url\":\"https:\/\/secure.gravatar.com\/avatar\/eef51ad1a483453f26525d77f2278cfc?s=96&d=mm&r=g\",\"contentUrl\":\"https:\/\/secure.gravatar.com\/avatar\/eef51ad1a483453f26525d77f2278cfc?s=96&d=mm&r=g\",\"caption\":\"prismapropaganda\"},\"url\":\"https:\/\/www.prix.com.br\/prisma-inteligencia\/author\/prismapropaganda\/\"}]}<\/script>\n<!-- \/ Yoast SEO plugin. -->","yoast_head_json":{"title":"Fernando Manh\u00e3es recebe comenda Domingos Martins da Assembleia Legislativa do ES - Prisma Intelig\u00eancia","robots":{"index":"index","follow":"follow","max-snippet":"max-snippet:-1","max-image-preview":"max-image-preview:large","max-video-preview":"max-video-preview:-1"},"canonical":"http:\/\/www.prix.com.br\/prisma-inteligencia\/fernando-manhaes-recebe-comenda-domingos-martins-da-assembleia-legislativa-do-es\/","og_locale":"pt_BR","og_type":"article","og_title":"Fernando Manh\u00e3es recebe comenda Domingos Martins da Assembleia Legislativa do ES - Prisma Intelig\u00eancia","og_description":"O professor universit\u00e1rio e empres\u00e1rio Fernando Manh\u00e3es, recebeu, neste m\u00eas de junho, uma das mais altas honrarias da&nbsp;Assembleia Legislativa do Estado do Esp\u00edrito Santo (Ales): a Comenda Domingos Martins. O t\u00edtulo \u00e9 entregue para personalidades e institui\u00e7\u00f5es que prestam relevante servi\u00e7o para a popula\u00e7\u00e3o capixaba. A homenagem foi uma indica\u00e7\u00e3o do deputado&nbsp;Renzo Vasconcelos (PSC). Fernando [...]","og_url":"http:\/\/www.prix.com.br\/prisma-inteligencia\/fernando-manhaes-recebe-comenda-domingos-martins-da-assembleia-legislativa-do-es\/","og_site_name":"Prisma Intelig\u00eancia","article_published_time":"2022-06-23T13:59:45+00:00","article_modified_time":"2022-06-23T14:01:54+00:00","og_image":[{"width":1280,"height":853,"url":"http:\/\/www.prix.com.br\/prisma-inteligencia\/wp-content\/uploads\/2022\/06\/Comenda-Domingos-Martins-Fernando-3.jpeg","type":"image\/jpeg"}],"author":"prismapropaganda","twitter_card":"summary_large_image","twitter_misc":{"Escrito por":"prismapropaganda","Est. tempo de leitura":"2 minutos"},"schema":{"@context":"https:\/\/schema.org","@graph":[{"@type":"Article","@id":"http:\/\/www.prix.com.br\/prisma-inteligencia\/fernando-manhaes-recebe-comenda-domingos-martins-da-assembleia-legislativa-do-es\/#article","isPartOf":{"@id":"http:\/\/www.prix.com.br\/prisma-inteligencia\/fernando-manhaes-recebe-comenda-domingos-martins-da-assembleia-legislativa-do-es\/"},"author":{"name":"prismapropaganda","@id":"https:\/\/www.prix.com.br\/prisma-inteligencia\/#\/schema\/person\/d813d435436eba669bf9474f0b7ebe2e"},"headline":"Fernando Manh\u00e3es recebe comenda Domingos Martins da Assembleia Legislativa do ES","datePublished":"2022-06-23T13:59:45+00:00","dateModified":"2022-06-23T14:01:54+00:00","mainEntityOfPage":{"@id":"http:\/\/www.prix.com.br\/prisma-inteligencia\/fernando-manhaes-recebe-comenda-domingos-martins-da-assembleia-legislativa-do-es\/"},"wordCount":226,"commentCount":0,"publisher":{"@id":"https:\/\/www.prix.com.br\/prisma-inteligencia\/#organization"},"articleSection":["blog"],"inLanguage":"pt-BR","potentialAction":[{"@type":"CommentAction","name":"Comment","target":["http:\/\/www.prix.com.br\/prisma-inteligencia\/fernando-manhaes-recebe-comenda-domingos-martins-da-assembleia-legislativa-do-es\/#respond"]}]},{"@type":"WebPage","@id":"http:\/\/www.prix.com.br\/prisma-inteligencia\/fernando-manhaes-recebe-comenda-domingos-martins-da-assembleia-legislativa-do-es\/","url":"http:\/\/www.prix.com.br\/prisma-inteligencia\/fernando-manhaes-recebe-comenda-domingos-martins-da-assembleia-legislativa-do-es\/","name":"Fernando Manh\u00e3es recebe comenda Domingos Martins da Assembleia Legislativa do ES - Prisma Intelig\u00eancia","isPartOf":{"@id":"https:\/\/www.prix.com.br\/prisma-inteligencia\/#website"},"datePublished":"2022-06-23T13:59:45+00:00","dateModified":"2022-06-23T14:01:54+00:00","breadcrumb":{"@id":"http:\/\/www.prix.com.br\/prisma-inteligencia\/fernando-manhaes-recebe-comenda-domingos-martins-da-assembleia-legislativa-do-es\/#breadcrumb"},"inLanguage":"pt-BR","potentialAction":[{"@type":"ReadAction","target":["http:\/\/www.prix.com.br\/prisma-inteligencia\/fernando-manhaes-recebe-comenda-domingos-martins-da-assembleia-legislativa-do-es\/"]}]},{"@type":"BreadcrumbList","@id":"http:\/\/www.prix.com.br\/prisma-inteligencia\/fernando-manhaes-recebe-comenda-domingos-martins-da-assembleia-legislativa-do-es\/#breadcrumb","itemListElement":[{"@type":"ListItem","position":1,"name":"In\u00edcio","item":"https:\/\/www.prix.com.br\/prisma-inteligencia\/"},{"@type":"ListItem","position":2,"name":"Fernando Manh\u00e3es recebe comenda Domingos Martins da Assembleia Legislativa do ES"}]},{"@type":"WebSite","@id":"https:\/\/www.prix.com.br\/prisma-inteligencia\/#website","url":"https:\/\/www.prix.com.br\/prisma-inteligencia\/","name":"Prisma Intelig\u00eancia","description":"Segundo o Instituto Ipsos especializado em h\u00e1bitos de consumo e comunica\u00e7\u00e3o, somos impactados diariamente, por mais seis mil mensagens publicit\u00e1rias.","publisher":{"@id":"https:\/\/www.prix.com.br\/prisma-inteligencia\/#organization"},"potentialAction":[{"@type":"SearchAction","target":{"@type":"EntryPoint","urlTemplate":"https:\/\/www.prix.com.br\/prisma-inteligencia\/?s={search_term_string}"},"query-input":"required name=search_term_string"}],"inLanguage":"pt-BR"},{"@type":"Organization","@id":"https:\/\/www.prix.com.br\/prisma-inteligencia\/#organization","name":"Prisma Intelig\u00eancia","url":"https:\/\/www.prix.com.br\/prisma-inteligencia\/","logo":{"@type":"ImageObject","inLanguage":"pt-BR","@id":"https:\/\/www.prix.com.br\/prisma-inteligencia\/#\/schema\/logo\/image\/","url":"https:\/\/www.prix.com.br\/prisma-inteligencia\/wp-content\/uploads\/2019\/09\/Logo-Prisma.png","contentUrl":"https:\/\/www.prix.com.br\/prisma-inteligencia\/wp-content\/uploads\/2019\/09\/Logo-Prisma.png","width":554,"height":154,"caption":"Prisma Intelig\u00eancia"},"image":{"@id":"https:\/\/www.prix.com.br\/prisma-inteligencia\/#\/schema\/logo\/image\/"}},{"@type":"Person","@id":"https:\/\/www.prix.com.br\/prisma-inteligencia\/#\/schema\/person\/d813d435436eba669bf9474f0b7ebe2e","name":"prismapropaganda","image":{"@type":"ImageObject","inLanguage":"pt-BR","@id":"https:\/\/www.prix.com.br\/prisma-inteligencia\/#\/schema\/person\/image\/","url":"https:\/\/secure.gravatar.com\/avatar\/eef51ad1a483453f26525d77f2278cfc?s=96&d=mm&r=g","contentUrl":"https:\/\/secure.gravatar.com\/avatar\/eef51ad1a483453f26525d77f2278cfc?s=96&d=mm&r=g","caption":"prismapropaganda"},"url":"https:\/\/www.prix.com.br\/prisma-inteligencia\/author\/prismapropaganda\/"}]}},"_links":{"self":[{"href":"https:\/\/www.prix.com.br\/prisma-inteligencia\/wp-json\/wp\/v2\/posts\/1894"}],"collection":[{"href":"https:\/\/www.prix.com.br\/prisma-inteligencia\/wp-json\/wp\/v2\/posts"}],"about":[{"href":"https:\/\/www.prix.com.br\/prisma-inteligencia\/wp-json\/wp\/v2\/types\/post"}],"author":[{"embeddable":true,"href":"https:\/\/www.prix.com.br\/prisma-inteligencia\/wp-json\/wp\/v2\/users\/3"}],"replies":[{"embeddable":true,"href":"https:\/\/www.prix.com.br\/prisma-inteligencia\/wp-json\/wp\/v2\/comments?post=1894"}],"version-history":[{"count":1,"href":"https:\/\/www.prix.com.br\/prisma-inteligencia\/wp-json\/wp\/v2\/posts\/1894\/revisions"}],"predecessor-version":[{"id":1895,"href":"https:\/\/www.prix.com.br\/prisma-inteligencia\/wp-json\/wp\/v2\/posts\/1894\/revisions\/1895"}],"wp:featuredmedia":[{"embeddable":true,"href":"https:\/\/www.prix.com.br\/prisma-inteligencia\/wp-json\/wp\/v2\/media\/1896"}],"wp:attachment":[{"href":"https:\/\/www.prix.com.br\/prisma-inteligencia\/wp-json\/wp\/v2\/media?parent=1894"}],"wp:term":[{"taxonomy":"category","embeddable":true,"href":"https:\/\/www.prix.com.br\/prisma-inteligencia\/wp-json\/wp\/v2\/categories?post=1894"},{"taxonomy":"post_tag","embeddable":true,"href":"https:\/\/www.prix.com.br\/prisma-inteligencia\/wp-json\/wp\/v2\/tags?post=1894"}],"curies":[{"name":"wp","href":"https:\/\/api.w.org\/{rel}","templated":true}]}}