{"id":2030,"date":"2023-01-31T16:00:20","date_gmt":"2023-01-31T19:00:20","guid":{"rendered":"http:\/\/www.prix.com.br\/prisma-inteligencia\/?p=2030"},"modified":"2023-01-31T16:02:34","modified_gmt":"2023-01-31T19:02:34","slug":"35-anos-de-conquistas-do-premio-colibri","status":"publish","type":"post","link":"https:\/\/www.prix.com.br\/prisma-inteligencia\/35-anos-de-conquistas-do-premio-colibri\/","title":{"rendered":"35 anos de conquistas do Pr\u00eamio Colibri"},"content":{"rendered":"\n<p>O Pr\u00eamio Colibri chegou aos seus 35 anos de idade. Na semana passada foi realizada a festa de premia\u00e7\u00e3o aos vencedores, relativa \u00e0 produ\u00e7\u00e3o das ag\u00eancias em 2021. O mais antigo e ininterrupto pr\u00eamio da publicidade regional brasileira, al\u00e9m da festa, houve um dia inteiro com conte\u00fados profissionais e significativos da atividade publicit\u00e1ria.<\/p>\n\n\n\n<p>O Pr\u00eamio Colibri \u00e9 promovido anualmente pelo SINAPRO-ES \u2013 Sindicato das Ag\u00eancias de Propaganda do Estado do Esp\u00edrito Santo e premia as ag\u00eancias capixabas e seus profissionais que cotidianamente criam e produzem pe\u00e7as e a\u00e7\u00f5es publicit\u00e1rias, invadindo os diversos meios de comunica\u00e7\u00e3o, nas ruas, nos carros e nos nossos lares.<\/p>\n\n\n\n<p>O Colibri deste ano tamb\u00e9m resgatou a estatueta no formato original, dando mais leveza e simplicidade ao Pr\u00eamio. Outro destaque foi a homenagem aos fundadores da ag\u00eancia mais antiga em atividade no Estado, a Tema Propaganda, dos irm\u00e3os Takaschi e Massaru Sugui (in memorian), recebendo a medalha de m\u00e9rito da comunica\u00e7\u00e3o Cacau Monjardim, que tamb\u00e9m nos deixou neste ano, reconhecido como uma das pessoas mais importantes de toda a hist\u00f3ria do pr\u00eamio, pois partiu dele a ideia da cria\u00e7\u00e3o do Pr\u00eamio Colibri. Ainda no campo das homenagens, a publicit\u00e1ria M\u00f4nica Debann\u00e9 recebeu como reconhecimento do mercado, o Pr\u00eamio \u00cdcones da Publicidade. Pr\u00eamio esse que ser\u00e1 reeditado a cada 5 anos.<\/p>\n\n\n\n<p>Por fim, n\u00e3o menos importante, o Colibri segue na busca de sua renova\u00e7\u00e3o e atratividade com o pr\u00eamio para os estudantes de comunica\u00e7\u00e3o, fazendo com que n\u00e3o s\u00f3 os estudantes se voltem para a viv\u00eancia profissional do mercado, como tamb\u00e9m a pr\u00f3pria academia, que muitas vezes est\u00e1 desconectada do pragmatismo do mercado. Neste ano, o trof\u00e9u de ouro foi para a dupla da UFES- Universidade Federal do Esp\u00edrito Santo, Loren Nunes e K\u00e9zia Castro.<\/p>\n\n\n\n<p>A contribui\u00e7\u00e3o do Colibri para o mercado \u00e9 ineg\u00e1vel. Como tudo que muda e se renova, ele tem procurado acompanhar as novas demandas mercadol\u00f3gicas e criativas. \u00c9 preciso seguir em frente. Atualizar as categorias com exig\u00eancias cada vez mais digitais. Envolver mais as escolas de comunica\u00e7\u00e3o, premiando tamb\u00e9m professores orientadores, atrair o anunciante no processo criativo do Pr\u00eamio e buscar o envolvimento do Governo do Estado do Esp\u00edrito Santo como patrocinador principal do pr\u00eamio, como j\u00e1 foi no passado e nunca deveria ter deixado ser.<\/p>\n\n\n\n<p><em>Fernando Manh\u00e3es \u2013 \u00c9 publicit\u00e1rio e professor do curso de Comunica\u00e7\u00e3o Social da UFES<\/em><\/p>\n\n\n\n<p><em>Email: fernandomanhaes@prix.com.br<\/em><\/p>\n","protected":false},"excerpt":{"rendered":"<p>O Pr\u00eamio Colibri chegou aos seus 35 anos de idade. Na semana passada foi realizada a festa de premia\u00e7\u00e3o aos vencedores, relativa \u00e0 produ\u00e7\u00e3o das ag\u00eancias em 2021. O mais antigo e ininterrupto pr\u00eamio da publicidade regional brasileira, al\u00e9m da festa, houve um dia inteiro com conte\u00fados profissionais e significativos da atividade publicit\u00e1ria. O Pr\u00eamio [&#8230;]\n","protected":false},"author":6,"featured_media":2032,"comment_status":"open","ping_status":"open","sticky":false,"template":"","format":"standard","meta":[],"categories":[1],"tags":[],"yoast_head":"<!-- This site is optimized with the Yoast SEO plugin v21.8.1 - https:\/\/yoast.com\/wordpress\/plugins\/seo\/ -->\n<title>35 anos de conquistas do Pr\u00eamio Colibri - Prisma Intelig\u00eancia<\/title>\n<meta name=\"robots\" content=\"index, follow, max-snippet:-1, max-image-preview:large, max-video-preview:-1\" \/>\n<link rel=\"canonical\" href=\"http:\/\/www.prix.com.br\/prisma-inteligencia\/35-anos-de-conquistas-do-premio-colibri\/\" \/>\n<meta property=\"og:locale\" content=\"pt_BR\" \/>\n<meta property=\"og:type\" content=\"article\" \/>\n<meta property=\"og:title\" content=\"35 anos de conquistas do Pr\u00eamio Colibri - Prisma Intelig\u00eancia\" \/>\n<meta property=\"og:description\" content=\"O Pr\u00eamio Colibri chegou aos seus 35 anos de idade. Na semana passada foi realizada a festa de premia\u00e7\u00e3o aos vencedores, relativa \u00e0 produ\u00e7\u00e3o das ag\u00eancias em 2021. O mais antigo e ininterrupto pr\u00eamio da publicidade regional brasileira, al\u00e9m da festa, houve um dia inteiro com conte\u00fados profissionais e significativos da atividade publicit\u00e1ria. O Pr\u00eamio [...]\" \/>\n<meta property=\"og:url\" content=\"http:\/\/www.prix.com.br\/prisma-inteligencia\/35-anos-de-conquistas-do-premio-colibri\/\" \/>\n<meta property=\"og:site_name\" content=\"Prisma Intelig\u00eancia\" \/>\n<meta property=\"article:published_time\" content=\"2023-01-31T19:00:20+00:00\" \/>\n<meta property=\"article:modified_time\" content=\"2023-01-31T19:02:34+00:00\" \/>\n<meta property=\"og:image\" content=\"http:\/\/www.prix.com.br\/prisma-inteligencia\/wp-content\/uploads\/2023\/01\/COLIBRI-919-1-300x200-1.png\" \/>\n\t<meta property=\"og:image:width\" content=\"300\" \/>\n\t<meta property=\"og:image:height\" content=\"200\" \/>\n\t<meta property=\"og:image:type\" content=\"image\/png\" \/>\n<meta name=\"author\" content=\"Matheus Galv\u00e3o\" \/>\n<meta name=\"twitter:card\" content=\"summary_large_image\" \/>\n<meta name=\"twitter:label1\" content=\"Escrito por\" \/>\n\t<meta name=\"twitter:data1\" content=\"Matheus Galv\u00e3o\" \/>\n\t<meta name=\"twitter:label2\" content=\"Est. tempo de leitura\" \/>\n\t<meta name=\"twitter:data2\" content=\"3 minutos\" \/>\n<script type=\"application\/ld+json\" class=\"yoast-schema-graph\">{\"@context\":\"https:\/\/schema.org\",\"@graph\":[{\"@type\":\"Article\",\"@id\":\"http:\/\/www.prix.com.br\/prisma-inteligencia\/35-anos-de-conquistas-do-premio-colibri\/#article\",\"isPartOf\":{\"@id\":\"http:\/\/www.prix.com.br\/prisma-inteligencia\/35-anos-de-conquistas-do-premio-colibri\/\"},\"author\":{\"name\":\"Matheus Galv\u00e3o\",\"@id\":\"https:\/\/www.prix.com.br\/prisma-inteligencia\/#\/schema\/person\/976579f27135ac1cbd1a49da1a78347f\"},\"headline\":\"35 anos de conquistas do Pr\u00eamio Colibri\",\"datePublished\":\"2023-01-31T19:00:20+00:00\",\"dateModified\":\"2023-01-31T19:02:34+00:00\",\"mainEntityOfPage\":{\"@id\":\"http:\/\/www.prix.com.br\/prisma-inteligencia\/35-anos-de-conquistas-do-premio-colibri\/\"},\"wordCount\":442,\"commentCount\":0,\"publisher\":{\"@id\":\"https:\/\/www.prix.com.br\/prisma-inteligencia\/#organization\"},\"inLanguage\":\"pt-BR\",\"potentialAction\":[{\"@type\":\"CommentAction\",\"name\":\"Comment\",\"target\":[\"http:\/\/www.prix.com.br\/prisma-inteligencia\/35-anos-de-conquistas-do-premio-colibri\/#respond\"]}]},{\"@type\":\"WebPage\",\"@id\":\"http:\/\/www.prix.com.br\/prisma-inteligencia\/35-anos-de-conquistas-do-premio-colibri\/\",\"url\":\"http:\/\/www.prix.com.br\/prisma-inteligencia\/35-anos-de-conquistas-do-premio-colibri\/\",\"name\":\"35 anos de conquistas do Pr\u00eamio Colibri - Prisma Intelig\u00eancia\",\"isPartOf\":{\"@id\":\"https:\/\/www.prix.com.br\/prisma-inteligencia\/#website\"},\"datePublished\":\"2023-01-31T19:00:20+00:00\",\"dateModified\":\"2023-01-31T19:02:34+00:00\",\"breadcrumb\":{\"@id\":\"http:\/\/www.prix.com.br\/prisma-inteligencia\/35-anos-de-conquistas-do-premio-colibri\/#breadcrumb\"},\"inLanguage\":\"pt-BR\",\"potentialAction\":[{\"@type\":\"ReadAction\",\"target\":[\"http:\/\/www.prix.com.br\/prisma-inteligencia\/35-anos-de-conquistas-do-premio-colibri\/\"]}]},{\"@type\":\"BreadcrumbList\",\"@id\":\"http:\/\/www.prix.com.br\/prisma-inteligencia\/35-anos-de-conquistas-do-premio-colibri\/#breadcrumb\",\"itemListElement\":[{\"@type\":\"ListItem\",\"position\":1,\"name\":\"In\u00edcio\",\"item\":\"https:\/\/www.prix.com.br\/prisma-inteligencia\/\"},{\"@type\":\"ListItem\",\"position\":2,\"name\":\"35 anos de conquistas do Pr\u00eamio Colibri\"}]},{\"@type\":\"WebSite\",\"@id\":\"https:\/\/www.prix.com.br\/prisma-inteligencia\/#website\",\"url\":\"https:\/\/www.prix.com.br\/prisma-inteligencia\/\",\"name\":\"Prisma Intelig\u00eancia\",\"description\":\"Segundo o Instituto Ipsos especializado em h\u00e1bitos de consumo e comunica\u00e7\u00e3o, somos impactados diariamente, por mais seis mil mensagens publicit\u00e1rias.\",\"publisher\":{\"@id\":\"https:\/\/www.prix.com.br\/prisma-inteligencia\/#organization\"},\"potentialAction\":[{\"@type\":\"SearchAction\",\"target\":{\"@type\":\"EntryPoint\",\"urlTemplate\":\"https:\/\/www.prix.com.br\/prisma-inteligencia\/?s={search_term_string}\"},\"query-input\":\"required name=search_term_string\"}],\"inLanguage\":\"pt-BR\"},{\"@type\":\"Organization\",\"@id\":\"https:\/\/www.prix.com.br\/prisma-inteligencia\/#organization\",\"name\":\"Prisma Intelig\u00eancia\",\"url\":\"https:\/\/www.prix.com.br\/prisma-inteligencia\/\",\"logo\":{\"@type\":\"ImageObject\",\"inLanguage\":\"pt-BR\",\"@id\":\"https:\/\/www.prix.com.br\/prisma-inteligencia\/#\/schema\/logo\/image\/\",\"url\":\"https:\/\/www.prix.com.br\/prisma-inteligencia\/wp-content\/uploads\/2019\/09\/Logo-Prisma.png\",\"contentUrl\":\"https:\/\/www.prix.com.br\/prisma-inteligencia\/wp-content\/uploads\/2019\/09\/Logo-Prisma.png\",\"width\":554,\"height\":154,\"caption\":\"Prisma Intelig\u00eancia\"},\"image\":{\"@id\":\"https:\/\/www.prix.com.br\/prisma-inteligencia\/#\/schema\/logo\/image\/\"}},{\"@type\":\"Person\",\"@id\":\"https:\/\/www.prix.com.br\/prisma-inteligencia\/#\/schema\/person\/976579f27135ac1cbd1a49da1a78347f\",\"name\":\"Matheus Galv\u00e3o\",\"image\":{\"@type\":\"ImageObject\",\"inLanguage\":\"pt-BR\",\"@id\":\"https:\/\/www.prix.com.br\/prisma-inteligencia\/#\/schema\/person\/image\/\",\"url\":\"https:\/\/secure.gravatar.com\/avatar\/01a73771894dcb861cd73e5da454e0d0?s=96&d=mm&r=g\",\"contentUrl\":\"https:\/\/secure.gravatar.com\/avatar\/01a73771894dcb861cd73e5da454e0d0?s=96&d=mm&r=g\",\"caption\":\"Matheus Galv\u00e3o\"},\"sameAs\":[\"http:\/\/www.prix.com.br\/prisma-inteligencia\/\"],\"url\":\"https:\/\/www.prix.com.br\/prisma-inteligencia\/author\/matheusgalvao\/\"}]}<\/script>\n<!-- \/ Yoast SEO plugin. -->","yoast_head_json":{"title":"35 anos de conquistas do Pr\u00eamio Colibri - Prisma Intelig\u00eancia","robots":{"index":"index","follow":"follow","max-snippet":"max-snippet:-1","max-image-preview":"max-image-preview:large","max-video-preview":"max-video-preview:-1"},"canonical":"http:\/\/www.prix.com.br\/prisma-inteligencia\/35-anos-de-conquistas-do-premio-colibri\/","og_locale":"pt_BR","og_type":"article","og_title":"35 anos de conquistas do Pr\u00eamio Colibri - Prisma Intelig\u00eancia","og_description":"O Pr\u00eamio Colibri chegou aos seus 35 anos de idade. Na semana passada foi realizada a festa de premia\u00e7\u00e3o aos vencedores, relativa \u00e0 produ\u00e7\u00e3o das ag\u00eancias em 2021. O mais antigo e ininterrupto pr\u00eamio da publicidade regional brasileira, al\u00e9m da festa, houve um dia inteiro com conte\u00fados profissionais e significativos da atividade publicit\u00e1ria. O Pr\u00eamio [...]","og_url":"http:\/\/www.prix.com.br\/prisma-inteligencia\/35-anos-de-conquistas-do-premio-colibri\/","og_site_name":"Prisma Intelig\u00eancia","article_published_time":"2023-01-31T19:00:20+00:00","article_modified_time":"2023-01-31T19:02:34+00:00","og_image":[{"width":300,"height":200,"url":"http:\/\/www.prix.com.br\/prisma-inteligencia\/wp-content\/uploads\/2023\/01\/COLIBRI-919-1-300x200-1.png","type":"image\/png"}],"author":"Matheus Galv\u00e3o","twitter_card":"summary_large_image","twitter_misc":{"Escrito por":"Matheus Galv\u00e3o","Est. tempo de leitura":"3 minutos"},"schema":{"@context":"https:\/\/schema.org","@graph":[{"@type":"Article","@id":"http:\/\/www.prix.com.br\/prisma-inteligencia\/35-anos-de-conquistas-do-premio-colibri\/#article","isPartOf":{"@id":"http:\/\/www.prix.com.br\/prisma-inteligencia\/35-anos-de-conquistas-do-premio-colibri\/"},"author":{"name":"Matheus Galv\u00e3o","@id":"https:\/\/www.prix.com.br\/prisma-inteligencia\/#\/schema\/person\/976579f27135ac1cbd1a49da1a78347f"},"headline":"35 anos de conquistas do Pr\u00eamio Colibri","datePublished":"2023-01-31T19:00:20+00:00","dateModified":"2023-01-31T19:02:34+00:00","mainEntityOfPage":{"@id":"http:\/\/www.prix.com.br\/prisma-inteligencia\/35-anos-de-conquistas-do-premio-colibri\/"},"wordCount":442,"commentCount":0,"publisher":{"@id":"https:\/\/www.prix.com.br\/prisma-inteligencia\/#organization"},"inLanguage":"pt-BR","potentialAction":[{"@type":"CommentAction","name":"Comment","target":["http:\/\/www.prix.com.br\/prisma-inteligencia\/35-anos-de-conquistas-do-premio-colibri\/#respond"]}]},{"@type":"WebPage","@id":"http:\/\/www.prix.com.br\/prisma-inteligencia\/35-anos-de-conquistas-do-premio-colibri\/","url":"http:\/\/www.prix.com.br\/prisma-inteligencia\/35-anos-de-conquistas-do-premio-colibri\/","name":"35 anos de conquistas do Pr\u00eamio Colibri - Prisma Intelig\u00eancia","isPartOf":{"@id":"https:\/\/www.prix.com.br\/prisma-inteligencia\/#website"},"datePublished":"2023-01-31T19:00:20+00:00","dateModified":"2023-01-31T19:02:34+00:00","breadcrumb":{"@id":"http:\/\/www.prix.com.br\/prisma-inteligencia\/35-anos-de-conquistas-do-premio-colibri\/#breadcrumb"},"inLanguage":"pt-BR","potentialAction":[{"@type":"ReadAction","target":["http:\/\/www.prix.com.br\/prisma-inteligencia\/35-anos-de-conquistas-do-premio-colibri\/"]}]},{"@type":"BreadcrumbList","@id":"http:\/\/www.prix.com.br\/prisma-inteligencia\/35-anos-de-conquistas-do-premio-colibri\/#breadcrumb","itemListElement":[{"@type":"ListItem","position":1,"name":"In\u00edcio","item":"https:\/\/www.prix.com.br\/prisma-inteligencia\/"},{"@type":"ListItem","position":2,"name":"35 anos de conquistas do Pr\u00eamio Colibri"}]},{"@type":"WebSite","@id":"https:\/\/www.prix.com.br\/prisma-inteligencia\/#website","url":"https:\/\/www.prix.com.br\/prisma-inteligencia\/","name":"Prisma Intelig\u00eancia","description":"Segundo o Instituto Ipsos especializado em h\u00e1bitos de consumo e comunica\u00e7\u00e3o, somos impactados diariamente, por mais seis mil mensagens publicit\u00e1rias.","publisher":{"@id":"https:\/\/www.prix.com.br\/prisma-inteligencia\/#organization"},"potentialAction":[{"@type":"SearchAction","target":{"@type":"EntryPoint","urlTemplate":"https:\/\/www.prix.com.br\/prisma-inteligencia\/?s={search_term_string}"},"query-input":"required name=search_term_string"}],"inLanguage":"pt-BR"},{"@type":"Organization","@id":"https:\/\/www.prix.com.br\/prisma-inteligencia\/#organization","name":"Prisma Intelig\u00eancia","url":"https:\/\/www.prix.com.br\/prisma-inteligencia\/","logo":{"@type":"ImageObject","inLanguage":"pt-BR","@id":"https:\/\/www.prix.com.br\/prisma-inteligencia\/#\/schema\/logo\/image\/","url":"https:\/\/www.prix.com.br\/prisma-inteligencia\/wp-content\/uploads\/2019\/09\/Logo-Prisma.png","contentUrl":"https:\/\/www.prix.com.br\/prisma-inteligencia\/wp-content\/uploads\/2019\/09\/Logo-Prisma.png","width":554,"height":154,"caption":"Prisma Intelig\u00eancia"},"image":{"@id":"https:\/\/www.prix.com.br\/prisma-inteligencia\/#\/schema\/logo\/image\/"}},{"@type":"Person","@id":"https:\/\/www.prix.com.br\/prisma-inteligencia\/#\/schema\/person\/976579f27135ac1cbd1a49da1a78347f","name":"Matheus Galv\u00e3o","image":{"@type":"ImageObject","inLanguage":"pt-BR","@id":"https:\/\/www.prix.com.br\/prisma-inteligencia\/#\/schema\/person\/image\/","url":"https:\/\/secure.gravatar.com\/avatar\/01a73771894dcb861cd73e5da454e0d0?s=96&d=mm&r=g","contentUrl":"https:\/\/secure.gravatar.com\/avatar\/01a73771894dcb861cd73e5da454e0d0?s=96&d=mm&r=g","caption":"Matheus Galv\u00e3o"},"sameAs":["http:\/\/www.prix.com.br\/prisma-inteligencia\/"],"url":"https:\/\/www.prix.com.br\/prisma-inteligencia\/author\/matheusgalvao\/"}]}},"_links":{"self":[{"href":"https:\/\/www.prix.com.br\/prisma-inteligencia\/wp-json\/wp\/v2\/posts\/2030"}],"collection":[{"href":"https:\/\/www.prix.com.br\/prisma-inteligencia\/wp-json\/wp\/v2\/posts"}],"about":[{"href":"https:\/\/www.prix.com.br\/prisma-inteligencia\/wp-json\/wp\/v2\/types\/post"}],"author":[{"embeddable":true,"href":"https:\/\/www.prix.com.br\/prisma-inteligencia\/wp-json\/wp\/v2\/users\/6"}],"replies":[{"embeddable":true,"href":"https:\/\/www.prix.com.br\/prisma-inteligencia\/wp-json\/wp\/v2\/comments?post=2030"}],"version-history":[{"count":2,"href":"https:\/\/www.prix.com.br\/prisma-inteligencia\/wp-json\/wp\/v2\/posts\/2030\/revisions"}],"predecessor-version":[{"id":2033,"href":"https:\/\/www.prix.com.br\/prisma-inteligencia\/wp-json\/wp\/v2\/posts\/2030\/revisions\/2033"}],"wp:featuredmedia":[{"embeddable":true,"href":"https:\/\/www.prix.com.br\/prisma-inteligencia\/wp-json\/wp\/v2\/media\/2032"}],"wp:attachment":[{"href":"https:\/\/www.prix.com.br\/prisma-inteligencia\/wp-json\/wp\/v2\/media?parent=2030"}],"wp:term":[{"taxonomy":"category","embeddable":true,"href":"https:\/\/www.prix.com.br\/prisma-inteligencia\/wp-json\/wp\/v2\/categories?post=2030"},{"taxonomy":"post_tag","embeddable":true,"href":"https:\/\/www.prix.com.br\/prisma-inteligencia\/wp-json\/wp\/v2\/tags?post=2030"}],"curies":[{"name":"wp","href":"https:\/\/api.w.org\/{rel}","templated":true}]}}