{"id":2034,"date":"2023-01-31T16:11:52","date_gmt":"2023-01-31T19:11:52","guid":{"rendered":"http:\/\/www.prix.com.br\/prisma-inteligencia\/?p=2034"},"modified":"2023-01-31T16:11:54","modified_gmt":"2023-01-31T19:11:54","slug":"a-criatividade-e-o-coracao-e-a-alma-de-quem-somos-nada-pode-substituir-a-capacidade-de-se-conectar","status":"publish","type":"post","link":"https:\/\/www.prix.com.br\/prisma-inteligencia\/a-criatividade-e-o-coracao-e-a-alma-de-quem-somos-nada-pode-substituir-a-capacidade-de-se-conectar\/","title":{"rendered":"A criatividade \u00e9 o cora\u00e7\u00e3o e a alma de quem somos&#8230;nada pode substituir a capacidade de se conectar"},"content":{"rendered":"\n<p>Uma constante d\u00favida que paira entre as empresas ap\u00f3s a pandemia \u00e9: qual o melhor modelo de trabalho? Home office, flex office\/ h\u00edbrido, presencial? Acredito que n\u00e3o teremos a resposta correta, at\u00e9 porque depende muito de empresa para empresa. Entretanto, algo que acredito plenamente \u00e9 que nada substituir\u00e1 a conex\u00e3o olho a olho.<\/p>\n\n\n\n<p>O presidente-executivo da Walt Disney, Bob Iger, definiu a volta do time para o escrit\u00f3rio no pr\u00f3ximo dia 1\u00ba de mar\u00e7o, em um modelo h\u00edbrido, no qual os profissionais dever\u00e3o estar presentes quatro dias por semana. Segundo ele, essa mudan\u00e7a \u00e9 uma estrat\u00e9gia para estimular a&nbsp;<strong>inova\u00e7\u00e3o&nbsp;<\/strong>dos times.<\/p>\n\n\n\n<p>&#8220;A criatividade \u00e9 o cora\u00e7\u00e3o e a alma de quem somos e do que fazemos na&nbsp;Disney&#8230;&#8221; e completa: &#8220;em um neg\u00f3cio criativo como o nosso, nada pode substituir a capacidade de se conectar, observar e criar com colegas fisicamente juntos\u201d.<\/p>\n\n\n\n<p>Essa opini\u00e3o corrobora com uma pesquisa do MIT batizada&nbsp;<em>The Future of Workplace Learning \u2013 A Survey,&nbsp;<\/em>que diz que apesar dos esfor\u00e7os das equipes de trabalho para alcan\u00e7ar inova\u00e7\u00f5es revolucion\u00e1rias, resolver problemas complexos, construir cultura e gerenciar conflitos ainda s\u00e3o realizados de forma muito mais eficaz pessoalmente, dadas as limita\u00e7\u00f5es atuais da tecnologia. Incluo a isso, a falta de preparo de n\u00f3s gestores e l\u00edderes em atuar nestes dois ambientes &#8211; virtual e presencial. Estamos tendo que nos capacitar e ao mesmo tempo j\u00e1 colocar em pr\u00e1tica.<\/p>\n\n\n\n<p>Aqui na&nbsp;<a href=\"https:\/\/www.linkedin.com\/company\/prisma-inteligencia\/\">Prisma Intelig\u00eancia de Marketing<\/a>&nbsp;temos adotado o modelo h\u00edbrido. Adaptamos o trabalho, mas n\u00e3o deixamos de ter o contato presencial, os workshops, as reuni\u00f5es de alinhamento, o contato com o cliente para tomar um caf\u00e9 e tirar os melhores insights. Como empresa de criatividade, que entrega estrat\u00e9gias para empresas e pessoas, precisamos entender o que elas querem afundo, imergir, perguntar, traduzir o olhar, traduzir o sorriso, traduzir uma poss\u00edvel d\u00favida&#8230;E nada como o presencial para mostrar de forma mais fidedigna.<\/p>\n\n\n\n<p>Aliado a isso, entendemos tamb\u00e9m que o profissional que est\u00e1 conosco aprendeu e valoriza o seu momento de trabalho em casa ou em outro lugar que lhe seja poss\u00edvel fazer entregas. Mais do que bater ponto, queremos produtividade, resultados, criatividade e uma mente com focos em a\u00e7\u00f5es voltadas \u00e0 inova\u00e7\u00e3o. Por isso, passamos pelo exerc\u00edcio di\u00e1rio de avaliar as melhores solu\u00e7\u00f5es.<\/p>\n\n\n\n<p>Encontrar o melhor modelo de trabalho em um cen\u00e1rio p\u00f3s-pandemia, convenhamos, n\u00e3o \u00e9 uma tarefa t\u00e3o simples, mas acreditamos que a cultura e a criatividade se fortalecem quando n\u00e3o deixamos de nos conectar.<\/p>\n\n\n\n<p><em>Raquel Rampom Medeiros &#8211; Diretora Executiva da Prisma Intelig\u00eancia de Marketing<\/em><\/p>\n","protected":false},"excerpt":{"rendered":"<p>Uma constante d\u00favida que paira entre as empresas ap\u00f3s a pandemia \u00e9: qual o melhor modelo de trabalho? Home office, flex office\/ h\u00edbrido, presencial? Acredito que n\u00e3o teremos a resposta correta, at\u00e9 porque depende muito de empresa para empresa. Entretanto, algo que acredito plenamente \u00e9 que nada substituir\u00e1 a conex\u00e3o olho a olho. O presidente-executivo [&#8230;]\n","protected":false},"author":3,"featured_media":2035,"comment_status":"open","ping_status":"open","sticky":false,"template":"","format":"standard","meta":[],"categories":[1],"tags":[],"yoast_head":"<!-- This site is optimized with the Yoast SEO plugin v21.8.1 - https:\/\/yoast.com\/wordpress\/plugins\/seo\/ -->\n<title>A criatividade \u00e9 o cora\u00e7\u00e3o e a alma de quem somos...nada pode substituir a capacidade de se conectar - Prisma Intelig\u00eancia<\/title>\n<meta name=\"robots\" content=\"index, follow, max-snippet:-1, max-image-preview:large, max-video-preview:-1\" \/>\n<link rel=\"canonical\" href=\"http:\/\/www.prix.com.br\/prisma-inteligencia\/a-criatividade-e-o-coracao-e-a-alma-de-quem-somos-nada-pode-substituir-a-capacidade-de-se-conectar\/\" \/>\n<meta property=\"og:locale\" content=\"pt_BR\" \/>\n<meta property=\"og:type\" content=\"article\" \/>\n<meta property=\"og:title\" content=\"A criatividade \u00e9 o cora\u00e7\u00e3o e a alma de quem somos...nada pode substituir a capacidade de se conectar - Prisma Intelig\u00eancia\" \/>\n<meta property=\"og:description\" content=\"Uma constante d\u00favida que paira entre as empresas ap\u00f3s a pandemia \u00e9: qual o melhor modelo de trabalho? Home office, flex office\/ h\u00edbrido, presencial? Acredito que n\u00e3o teremos a resposta correta, at\u00e9 porque depende muito de empresa para empresa. Entretanto, algo que acredito plenamente \u00e9 que nada substituir\u00e1 a conex\u00e3o olho a olho. O presidente-executivo [...]\" \/>\n<meta property=\"og:url\" content=\"http:\/\/www.prix.com.br\/prisma-inteligencia\/a-criatividade-e-o-coracao-e-a-alma-de-quem-somos-nada-pode-substituir-a-capacidade-de-se-conectar\/\" \/>\n<meta property=\"og:site_name\" content=\"Prisma Intelig\u00eancia\" \/>\n<meta property=\"article:published_time\" content=\"2023-01-31T19:11:52+00:00\" \/>\n<meta property=\"article:modified_time\" content=\"2023-01-31T19:11:54+00:00\" \/>\n<meta property=\"og:image\" content=\"http:\/\/www.prix.com.br\/prisma-inteligencia\/wp-content\/uploads\/2023\/01\/1673473028931.jpeg\" \/>\n\t<meta property=\"og:image:width\" content=\"700\" \/>\n\t<meta property=\"og:image:height\" content=\"378\" \/>\n\t<meta property=\"og:image:type\" content=\"image\/jpeg\" \/>\n<meta name=\"author\" content=\"prismapropaganda\" \/>\n<meta name=\"twitter:card\" content=\"summary_large_image\" \/>\n<meta name=\"twitter:label1\" content=\"Escrito por\" \/>\n\t<meta name=\"twitter:data1\" content=\"prismapropaganda\" \/>\n\t<meta name=\"twitter:label2\" content=\"Est. tempo de leitura\" \/>\n\t<meta name=\"twitter:data2\" content=\"3 minutos\" \/>\n<script type=\"application\/ld+json\" class=\"yoast-schema-graph\">{\"@context\":\"https:\/\/schema.org\",\"@graph\":[{\"@type\":\"Article\",\"@id\":\"http:\/\/www.prix.com.br\/prisma-inteligencia\/a-criatividade-e-o-coracao-e-a-alma-de-quem-somos-nada-pode-substituir-a-capacidade-de-se-conectar\/#article\",\"isPartOf\":{\"@id\":\"http:\/\/www.prix.com.br\/prisma-inteligencia\/a-criatividade-e-o-coracao-e-a-alma-de-quem-somos-nada-pode-substituir-a-capacidade-de-se-conectar\/\"},\"author\":{\"name\":\"prismapropaganda\",\"@id\":\"https:\/\/www.prix.com.br\/prisma-inteligencia\/#\/schema\/person\/d813d435436eba669bf9474f0b7ebe2e\"},\"headline\":\"A criatividade \u00e9 o cora\u00e7\u00e3o e a alma de quem somos&#8230;nada pode substituir a capacidade de se conectar\",\"datePublished\":\"2023-01-31T19:11:52+00:00\",\"dateModified\":\"2023-01-31T19:11:54+00:00\",\"mainEntityOfPage\":{\"@id\":\"http:\/\/www.prix.com.br\/prisma-inteligencia\/a-criatividade-e-o-coracao-e-a-alma-de-quem-somos-nada-pode-substituir-a-capacidade-de-se-conectar\/\"},\"wordCount\":482,\"commentCount\":0,\"publisher\":{\"@id\":\"https:\/\/www.prix.com.br\/prisma-inteligencia\/#organization\"},\"inLanguage\":\"pt-BR\",\"potentialAction\":[{\"@type\":\"CommentAction\",\"name\":\"Comment\",\"target\":[\"http:\/\/www.prix.com.br\/prisma-inteligencia\/a-criatividade-e-o-coracao-e-a-alma-de-quem-somos-nada-pode-substituir-a-capacidade-de-se-conectar\/#respond\"]}]},{\"@type\":\"WebPage\",\"@id\":\"http:\/\/www.prix.com.br\/prisma-inteligencia\/a-criatividade-e-o-coracao-e-a-alma-de-quem-somos-nada-pode-substituir-a-capacidade-de-se-conectar\/\",\"url\":\"http:\/\/www.prix.com.br\/prisma-inteligencia\/a-criatividade-e-o-coracao-e-a-alma-de-quem-somos-nada-pode-substituir-a-capacidade-de-se-conectar\/\",\"name\":\"A criatividade \u00e9 o cora\u00e7\u00e3o e a alma de quem somos...nada pode substituir a capacidade de se conectar - Prisma Intelig\u00eancia\",\"isPartOf\":{\"@id\":\"https:\/\/www.prix.com.br\/prisma-inteligencia\/#website\"},\"datePublished\":\"2023-01-31T19:11:52+00:00\",\"dateModified\":\"2023-01-31T19:11:54+00:00\",\"breadcrumb\":{\"@id\":\"http:\/\/www.prix.com.br\/prisma-inteligencia\/a-criatividade-e-o-coracao-e-a-alma-de-quem-somos-nada-pode-substituir-a-capacidade-de-se-conectar\/#breadcrumb\"},\"inLanguage\":\"pt-BR\",\"potentialAction\":[{\"@type\":\"ReadAction\",\"target\":[\"http:\/\/www.prix.com.br\/prisma-inteligencia\/a-criatividade-e-o-coracao-e-a-alma-de-quem-somos-nada-pode-substituir-a-capacidade-de-se-conectar\/\"]}]},{\"@type\":\"BreadcrumbList\",\"@id\":\"http:\/\/www.prix.com.br\/prisma-inteligencia\/a-criatividade-e-o-coracao-e-a-alma-de-quem-somos-nada-pode-substituir-a-capacidade-de-se-conectar\/#breadcrumb\",\"itemListElement\":[{\"@type\":\"ListItem\",\"position\":1,\"name\":\"In\u00edcio\",\"item\":\"https:\/\/www.prix.com.br\/prisma-inteligencia\/\"},{\"@type\":\"ListItem\",\"position\":2,\"name\":\"A criatividade \u00e9 o cora\u00e7\u00e3o e a alma de quem somos&#8230;nada pode substituir a capacidade de se conectar\"}]},{\"@type\":\"WebSite\",\"@id\":\"https:\/\/www.prix.com.br\/prisma-inteligencia\/#website\",\"url\":\"https:\/\/www.prix.com.br\/prisma-inteligencia\/\",\"name\":\"Prisma Intelig\u00eancia\",\"description\":\"Segundo o Instituto Ipsos especializado em h\u00e1bitos de consumo e comunica\u00e7\u00e3o, somos impactados diariamente, por mais seis mil mensagens publicit\u00e1rias.\",\"publisher\":{\"@id\":\"https:\/\/www.prix.com.br\/prisma-inteligencia\/#organization\"},\"potentialAction\":[{\"@type\":\"SearchAction\",\"target\":{\"@type\":\"EntryPoint\",\"urlTemplate\":\"https:\/\/www.prix.com.br\/prisma-inteligencia\/?s={search_term_string}\"},\"query-input\":\"required name=search_term_string\"}],\"inLanguage\":\"pt-BR\"},{\"@type\":\"Organization\",\"@id\":\"https:\/\/www.prix.com.br\/prisma-inteligencia\/#organization\",\"name\":\"Prisma Intelig\u00eancia\",\"url\":\"https:\/\/www.prix.com.br\/prisma-inteligencia\/\",\"logo\":{\"@type\":\"ImageObject\",\"inLanguage\":\"pt-BR\",\"@id\":\"https:\/\/www.prix.com.br\/prisma-inteligencia\/#\/schema\/logo\/image\/\",\"url\":\"https:\/\/www.prix.com.br\/prisma-inteligencia\/wp-content\/uploads\/2019\/09\/Logo-Prisma.png\",\"contentUrl\":\"https:\/\/www.prix.com.br\/prisma-inteligencia\/wp-content\/uploads\/2019\/09\/Logo-Prisma.png\",\"width\":554,\"height\":154,\"caption\":\"Prisma Intelig\u00eancia\"},\"image\":{\"@id\":\"https:\/\/www.prix.com.br\/prisma-inteligencia\/#\/schema\/logo\/image\/\"}},{\"@type\":\"Person\",\"@id\":\"https:\/\/www.prix.com.br\/prisma-inteligencia\/#\/schema\/person\/d813d435436eba669bf9474f0b7ebe2e\",\"name\":\"prismapropaganda\",\"image\":{\"@type\":\"ImageObject\",\"inLanguage\":\"pt-BR\",\"@id\":\"https:\/\/www.prix.com.br\/prisma-inteligencia\/#\/schema\/person\/image\/\",\"url\":\"https:\/\/secure.gravatar.com\/avatar\/eef51ad1a483453f26525d77f2278cfc?s=96&d=mm&r=g\",\"contentUrl\":\"https:\/\/secure.gravatar.com\/avatar\/eef51ad1a483453f26525d77f2278cfc?s=96&d=mm&r=g\",\"caption\":\"prismapropaganda\"},\"url\":\"https:\/\/www.prix.com.br\/prisma-inteligencia\/author\/prismapropaganda\/\"}]}<\/script>\n<!-- \/ Yoast SEO plugin. -->","yoast_head_json":{"title":"A criatividade \u00e9 o cora\u00e7\u00e3o e a alma de quem somos...nada pode substituir a capacidade de se conectar - Prisma Intelig\u00eancia","robots":{"index":"index","follow":"follow","max-snippet":"max-snippet:-1","max-image-preview":"max-image-preview:large","max-video-preview":"max-video-preview:-1"},"canonical":"http:\/\/www.prix.com.br\/prisma-inteligencia\/a-criatividade-e-o-coracao-e-a-alma-de-quem-somos-nada-pode-substituir-a-capacidade-de-se-conectar\/","og_locale":"pt_BR","og_type":"article","og_title":"A criatividade \u00e9 o cora\u00e7\u00e3o e a alma de quem somos...nada pode substituir a capacidade de se conectar - Prisma Intelig\u00eancia","og_description":"Uma constante d\u00favida que paira entre as empresas ap\u00f3s a pandemia \u00e9: qual o melhor modelo de trabalho? Home office, flex office\/ h\u00edbrido, presencial? Acredito que n\u00e3o teremos a resposta correta, at\u00e9 porque depende muito de empresa para empresa. Entretanto, algo que acredito plenamente \u00e9 que nada substituir\u00e1 a conex\u00e3o olho a olho. O presidente-executivo [...]","og_url":"http:\/\/www.prix.com.br\/prisma-inteligencia\/a-criatividade-e-o-coracao-e-a-alma-de-quem-somos-nada-pode-substituir-a-capacidade-de-se-conectar\/","og_site_name":"Prisma Intelig\u00eancia","article_published_time":"2023-01-31T19:11:52+00:00","article_modified_time":"2023-01-31T19:11:54+00:00","og_image":[{"width":700,"height":378,"url":"http:\/\/www.prix.com.br\/prisma-inteligencia\/wp-content\/uploads\/2023\/01\/1673473028931.jpeg","type":"image\/jpeg"}],"author":"prismapropaganda","twitter_card":"summary_large_image","twitter_misc":{"Escrito por":"prismapropaganda","Est. tempo de leitura":"3 minutos"},"schema":{"@context":"https:\/\/schema.org","@graph":[{"@type":"Article","@id":"http:\/\/www.prix.com.br\/prisma-inteligencia\/a-criatividade-e-o-coracao-e-a-alma-de-quem-somos-nada-pode-substituir-a-capacidade-de-se-conectar\/#article","isPartOf":{"@id":"http:\/\/www.prix.com.br\/prisma-inteligencia\/a-criatividade-e-o-coracao-e-a-alma-de-quem-somos-nada-pode-substituir-a-capacidade-de-se-conectar\/"},"author":{"name":"prismapropaganda","@id":"https:\/\/www.prix.com.br\/prisma-inteligencia\/#\/schema\/person\/d813d435436eba669bf9474f0b7ebe2e"},"headline":"A criatividade \u00e9 o cora\u00e7\u00e3o e a alma de quem somos&#8230;nada pode substituir a capacidade de se conectar","datePublished":"2023-01-31T19:11:52+00:00","dateModified":"2023-01-31T19:11:54+00:00","mainEntityOfPage":{"@id":"http:\/\/www.prix.com.br\/prisma-inteligencia\/a-criatividade-e-o-coracao-e-a-alma-de-quem-somos-nada-pode-substituir-a-capacidade-de-se-conectar\/"},"wordCount":482,"commentCount":0,"publisher":{"@id":"https:\/\/www.prix.com.br\/prisma-inteligencia\/#organization"},"inLanguage":"pt-BR","potentialAction":[{"@type":"CommentAction","name":"Comment","target":["http:\/\/www.prix.com.br\/prisma-inteligencia\/a-criatividade-e-o-coracao-e-a-alma-de-quem-somos-nada-pode-substituir-a-capacidade-de-se-conectar\/#respond"]}]},{"@type":"WebPage","@id":"http:\/\/www.prix.com.br\/prisma-inteligencia\/a-criatividade-e-o-coracao-e-a-alma-de-quem-somos-nada-pode-substituir-a-capacidade-de-se-conectar\/","url":"http:\/\/www.prix.com.br\/prisma-inteligencia\/a-criatividade-e-o-coracao-e-a-alma-de-quem-somos-nada-pode-substituir-a-capacidade-de-se-conectar\/","name":"A criatividade \u00e9 o cora\u00e7\u00e3o e a alma de quem somos...nada pode substituir a capacidade de se conectar - Prisma Intelig\u00eancia","isPartOf":{"@id":"https:\/\/www.prix.com.br\/prisma-inteligencia\/#website"},"datePublished":"2023-01-31T19:11:52+00:00","dateModified":"2023-01-31T19:11:54+00:00","breadcrumb":{"@id":"http:\/\/www.prix.com.br\/prisma-inteligencia\/a-criatividade-e-o-coracao-e-a-alma-de-quem-somos-nada-pode-substituir-a-capacidade-de-se-conectar\/#breadcrumb"},"inLanguage":"pt-BR","potentialAction":[{"@type":"ReadAction","target":["http:\/\/www.prix.com.br\/prisma-inteligencia\/a-criatividade-e-o-coracao-e-a-alma-de-quem-somos-nada-pode-substituir-a-capacidade-de-se-conectar\/"]}]},{"@type":"BreadcrumbList","@id":"http:\/\/www.prix.com.br\/prisma-inteligencia\/a-criatividade-e-o-coracao-e-a-alma-de-quem-somos-nada-pode-substituir-a-capacidade-de-se-conectar\/#breadcrumb","itemListElement":[{"@type":"ListItem","position":1,"name":"In\u00edcio","item":"https:\/\/www.prix.com.br\/prisma-inteligencia\/"},{"@type":"ListItem","position":2,"name":"A criatividade \u00e9 o cora\u00e7\u00e3o e a alma de quem somos&#8230;nada pode substituir a capacidade de se conectar"}]},{"@type":"WebSite","@id":"https:\/\/www.prix.com.br\/prisma-inteligencia\/#website","url":"https:\/\/www.prix.com.br\/prisma-inteligencia\/","name":"Prisma Intelig\u00eancia","description":"Segundo o Instituto Ipsos especializado em h\u00e1bitos de consumo e comunica\u00e7\u00e3o, somos impactados diariamente, por mais seis mil mensagens publicit\u00e1rias.","publisher":{"@id":"https:\/\/www.prix.com.br\/prisma-inteligencia\/#organization"},"potentialAction":[{"@type":"SearchAction","target":{"@type":"EntryPoint","urlTemplate":"https:\/\/www.prix.com.br\/prisma-inteligencia\/?s={search_term_string}"},"query-input":"required name=search_term_string"}],"inLanguage":"pt-BR"},{"@type":"Organization","@id":"https:\/\/www.prix.com.br\/prisma-inteligencia\/#organization","name":"Prisma Intelig\u00eancia","url":"https:\/\/www.prix.com.br\/prisma-inteligencia\/","logo":{"@type":"ImageObject","inLanguage":"pt-BR","@id":"https:\/\/www.prix.com.br\/prisma-inteligencia\/#\/schema\/logo\/image\/","url":"https:\/\/www.prix.com.br\/prisma-inteligencia\/wp-content\/uploads\/2019\/09\/Logo-Prisma.png","contentUrl":"https:\/\/www.prix.com.br\/prisma-inteligencia\/wp-content\/uploads\/2019\/09\/Logo-Prisma.png","width":554,"height":154,"caption":"Prisma Intelig\u00eancia"},"image":{"@id":"https:\/\/www.prix.com.br\/prisma-inteligencia\/#\/schema\/logo\/image\/"}},{"@type":"Person","@id":"https:\/\/www.prix.com.br\/prisma-inteligencia\/#\/schema\/person\/d813d435436eba669bf9474f0b7ebe2e","name":"prismapropaganda","image":{"@type":"ImageObject","inLanguage":"pt-BR","@id":"https:\/\/www.prix.com.br\/prisma-inteligencia\/#\/schema\/person\/image\/","url":"https:\/\/secure.gravatar.com\/avatar\/eef51ad1a483453f26525d77f2278cfc?s=96&d=mm&r=g","contentUrl":"https:\/\/secure.gravatar.com\/avatar\/eef51ad1a483453f26525d77f2278cfc?s=96&d=mm&r=g","caption":"prismapropaganda"},"url":"https:\/\/www.prix.com.br\/prisma-inteligencia\/author\/prismapropaganda\/"}]}},"_links":{"self":[{"href":"https:\/\/www.prix.com.br\/prisma-inteligencia\/wp-json\/wp\/v2\/posts\/2034"}],"collection":[{"href":"https:\/\/www.prix.com.br\/prisma-inteligencia\/wp-json\/wp\/v2\/posts"}],"about":[{"href":"https:\/\/www.prix.com.br\/prisma-inteligencia\/wp-json\/wp\/v2\/types\/post"}],"author":[{"embeddable":true,"href":"https:\/\/www.prix.com.br\/prisma-inteligencia\/wp-json\/wp\/v2\/users\/3"}],"replies":[{"embeddable":true,"href":"https:\/\/www.prix.com.br\/prisma-inteligencia\/wp-json\/wp\/v2\/comments?post=2034"}],"version-history":[{"count":1,"href":"https:\/\/www.prix.com.br\/prisma-inteligencia\/wp-json\/wp\/v2\/posts\/2034\/revisions"}],"predecessor-version":[{"id":2036,"href":"https:\/\/www.prix.com.br\/prisma-inteligencia\/wp-json\/wp\/v2\/posts\/2034\/revisions\/2036"}],"wp:featuredmedia":[{"embeddable":true,"href":"https:\/\/www.prix.com.br\/prisma-inteligencia\/wp-json\/wp\/v2\/media\/2035"}],"wp:attachment":[{"href":"https:\/\/www.prix.com.br\/prisma-inteligencia\/wp-json\/wp\/v2\/media?parent=2034"}],"wp:term":[{"taxonomy":"category","embeddable":true,"href":"https:\/\/www.prix.com.br\/prisma-inteligencia\/wp-json\/wp\/v2\/categories?post=2034"},{"taxonomy":"post_tag","embeddable":true,"href":"https:\/\/www.prix.com.br\/prisma-inteligencia\/wp-json\/wp\/v2\/tags?post=2034"}],"curies":[{"name":"wp","href":"https:\/\/api.w.org\/{rel}","templated":true}]}}