{"id":2048,"date":"2023-06-23T17:52:18","date_gmt":"2023-06-23T20:52:18","guid":{"rendered":"https:\/\/www.prix.com.br\/prisma-inteligencia\/?p=2048"},"modified":"2023-07-21T15:17:38","modified_gmt":"2023-07-21T18:17:38","slug":"inteligencia-artificial-vai-nos-ajudar-a-valorizar-o-que-e-humano","status":"publish","type":"post","link":"https:\/\/www.prix.com.br\/prisma-inteligencia\/inteligencia-artificial-vai-nos-ajudar-a-valorizar-o-que-e-humano\/","title":{"rendered":"Intelig\u00eancia artificial vai nos ajudar a valorizar o que \u00e9 humano"},"content":{"rendered":"\n<div class=\"wp-block-group is-layout-constrained\"><div class=\"wp-block-group__inner-container\">\n\n\n<figure class=\"wp-block-gallery has-nested-images columns-default is-cropped wp-block-gallery-1 is-layout-flex\">\n<figure class=\"wp-block-image size-large\"><img decoding=\"async\" loading=\"lazy\" width=\"1024\" height=\"683\" src=\"https:\/\/www.prix.com.br\/prisma-inteligencia\/wp-content\/uploads\/2023\/06\/retrato-de-homem-de-tiro-medio-com-chapeu-de-formatura-1-1-1024x683.jpg\" alt=\"\" class=\"wp-image-2056\" srcset=\"https:\/\/www.prix.com.br\/prisma-inteligencia\/wp-content\/uploads\/2023\/06\/retrato-de-homem-de-tiro-medio-com-chapeu-de-formatura-1-1-1024x683.jpg 1024w, https:\/\/www.prix.com.br\/prisma-inteligencia\/wp-content\/uploads\/2023\/06\/retrato-de-homem-de-tiro-medio-com-chapeu-de-formatura-1-1-300x200.jpg 300w, https:\/\/www.prix.com.br\/prisma-inteligencia\/wp-content\/uploads\/2023\/06\/retrato-de-homem-de-tiro-medio-com-chapeu-de-formatura-1-1-768x512.jpg 768w, https:\/\/www.prix.com.br\/prisma-inteligencia\/wp-content\/uploads\/2023\/06\/retrato-de-homem-de-tiro-medio-com-chapeu-de-formatura-1-1-1536x1024.jpg 1536w, https:\/\/www.prix.com.br\/prisma-inteligencia\/wp-content\/uploads\/2023\/06\/retrato-de-homem-de-tiro-medio-com-chapeu-de-formatura-1-1-2048x1366.jpg 2048w\" sizes=\"(max-width: 1024px) 100vw, 1024px\" \/><\/figure>\n<\/figure>\n<\/div><\/div>\n\n\n\n<p>A intelig\u00eancia artificial virou uma realidade com a expans\u00e3o r\u00e1pida da tecnologia e a populariza\u00e7\u00e3o desta ferramenta. Mas o futuro parece ter chegado ou melhor, uma pequena revolu\u00e7\u00e3o come\u00e7ou e nos fez repensar sobre a forma como vivemos e trabalhamos, ao mesmo tempo em que nos assustamos com as infinitas amea\u00e7as ao modelo de vida atual. Na ind\u00fastria, homens e m\u00e1quinas travam uma conviv\u00eancia lenta desde o s\u00e9culo passado. S\u00f3 que agora, a acelera\u00e7\u00e3o n\u00e3o acontece mais em s\u00e9culos ou d\u00e9cadas. \u00c9 um aprendizado constante, di\u00e1rio.<\/p>\n\n\n\n<p>Entre os s\u00e9culos XV a XVIII vivemos a \u2018\u00e9poca moderna\u2019, assim chamada por provocar uma revolu\u00e7\u00e3o social ao gerar a substitui\u00e7\u00e3o do modo de produ\u00e7\u00e3o artesanal pelo modo de produ\u00e7\u00e3o capitalista. M\u00e1quinas surgiram para tudo, produ\u00e7\u00e3o em escala, produtos parecidos e os trabalhos manuais foram substitu\u00eddos gradativamente.<\/p>\n\n\n\n<p>Agora, nesta revolu\u00e7\u00e3o das coisas, imaginem ve\u00edculos aut\u00f4nomos por todos os lados, drones que entregam mercadorias, avi\u00f5es n\u00e3o tripulados, m\u00e1quinas que aprendem sozinhas, energias renov\u00e1veis, pr\u00f3teses que nos transformam em bi\u00f4nicos, rob\u00f4s com vida pr\u00f3pria e tudo isso interconectado? Isso \u00e9 apenas o come\u00e7o. H\u00e1bitos de consumo est\u00e3o \u00e0 beira de uma grande mudan\u00e7a. A chegada da intelig\u00eancia artificial, deep learning, machine learning e tantas outras ferramentas tecnol\u00f3gicas, nos faz pensar que entramos na era dos seres humanos. Tudo isso sendo praticado a servi\u00e7o do homem.<\/p>\n\n\n\n<p>A pandemia nos deixou um aprendizado do trabalho remoto. Talvez cres\u00e7a como forma de trabalho no modelo h\u00edbrido. Tudo caminhando para a melhor adequa\u00e7\u00e3o da vida humana. No passado, trabalhava-se muito, com o tempo medido em horas trabalhadas. Hoje, ainda se trabalha em horas, mas nas melhores horas. N\u00e3o na quantidade. No Brasil ainda amargamos um d\u00e9ficit de produtividade em rela\u00e7\u00e3o aos pa\u00edses mais desenvolvidos do mundo. Temos um longo caminho a ser percorrido.<\/p>\n\n\n\n<p>Todo este cen\u00e1rio est\u00e1 acontecendo por causa das empresas inovadoras e do trabalho ter se tornado cada vez mais colaborativo. Uma educa\u00e7\u00e3o inclusiva e com did\u00e1tica atualizada. Com alta tecnologia j\u00e1 n\u00e3o se faz mais nada sozinho e o tempo n\u00e3o ir\u00e1 nos esperar. Tudo precisa ser \u00e1gil e acelerado. M\u00e1quinas substituir\u00e3o o esfor\u00e7o f\u00edsico do ser humano e a capacidade inventiva e anal\u00edtica ser\u00e3o nossos maiores atributos. &nbsp;Muito em breve ningu\u00e9m sofrer\u00e1 mais les\u00e3o por esfor\u00e7o repetitivo. Por mais paradoxal que seja, \u00e9 tempo de valorizar o que \u00e9 humano.<\/p>\n\n\n\n<p>Este texto foi escrito com a ajuda da intelig\u00eancia artificial.<\/p>\n\n\n\n<p>Acesse a mat\u00e9ria completa clicando<a href=\"https:\/\/www.agazeta.com.br\/colunas\/fernando-manhaes\/inteligencia-artificial-vai-nos-ajudar-a-valorizar-o-que-e-humano-0623\"> aqui.<\/a> <\/p>\n\n\n\n<figure class=\"wp-block-gallery has-nested-images columns-default is-cropped wp-block-gallery-4 is-layout-flex\"><\/figure>\n","protected":false},"excerpt":{"rendered":"<p>A intelig\u00eancia artificial virou uma realidade com a expans\u00e3o r\u00e1pida da tecnologia e a populariza\u00e7\u00e3o desta ferramenta. Mas o futuro parece ter chegado ou melhor, uma pequena revolu\u00e7\u00e3o come\u00e7ou e nos fez repensar sobre a forma como vivemos e trabalhamos, ao mesmo tempo em que nos assustamos com as infinitas amea\u00e7as ao modelo de vida [&#8230;]\n","protected":false},"author":6,"featured_media":2056,"comment_status":"open","ping_status":"open","sticky":false,"template":"","format":"standard","meta":[],"categories":[1],"tags":[],"yoast_head":"<!-- This site is optimized with the Yoast SEO plugin v21.8.1 - https:\/\/yoast.com\/wordpress\/plugins\/seo\/ -->\n<title>Intelig\u00eancia artificial vai nos ajudar a valorizar o que \u00e9 humano - Prisma Intelig\u00eancia<\/title>\n<meta name=\"robots\" content=\"index, follow, max-snippet:-1, max-image-preview:large, max-video-preview:-1\" \/>\n<link rel=\"canonical\" href=\"https:\/\/www.prix.com.br\/prisma-inteligencia\/inteligencia-artificial-vai-nos-ajudar-a-valorizar-o-que-e-humano\/\" \/>\n<meta property=\"og:locale\" content=\"pt_BR\" \/>\n<meta property=\"og:type\" content=\"article\" \/>\n<meta property=\"og:title\" content=\"Intelig\u00eancia artificial vai nos ajudar a valorizar o que \u00e9 humano - Prisma Intelig\u00eancia\" \/>\n<meta property=\"og:description\" content=\"A intelig\u00eancia artificial virou uma realidade com a expans\u00e3o r\u00e1pida da tecnologia e a populariza\u00e7\u00e3o desta ferramenta. Mas o futuro parece ter chegado ou melhor, uma pequena revolu\u00e7\u00e3o come\u00e7ou e nos fez repensar sobre a forma como vivemos e trabalhamos, ao mesmo tempo em que nos assustamos com as infinitas amea\u00e7as ao modelo de vida [...]\" \/>\n<meta property=\"og:url\" content=\"https:\/\/www.prix.com.br\/prisma-inteligencia\/inteligencia-artificial-vai-nos-ajudar-a-valorizar-o-que-e-humano\/\" \/>\n<meta property=\"og:site_name\" content=\"Prisma Intelig\u00eancia\" \/>\n<meta property=\"article:published_time\" content=\"2023-06-23T20:52:18+00:00\" \/>\n<meta property=\"article:modified_time\" content=\"2023-07-21T18:17:38+00:00\" \/>\n<meta property=\"og:image\" content=\"http:\/\/www.prix.com.br\/prisma-inteligencia\/wp-content\/uploads\/2023\/06\/retrato-de-homem-de-tiro-medio-com-chapeu-de-formatura-1-1-scaled.jpg\" \/>\n\t<meta property=\"og:image:width\" content=\"2560\" \/>\n\t<meta property=\"og:image:height\" content=\"1707\" \/>\n\t<meta property=\"og:image:type\" content=\"image\/jpeg\" \/>\n<meta name=\"author\" content=\"Matheus Galv\u00e3o\" \/>\n<meta name=\"twitter:card\" content=\"summary_large_image\" \/>\n<meta name=\"twitter:label1\" content=\"Escrito por\" \/>\n\t<meta name=\"twitter:data1\" content=\"Matheus Galv\u00e3o\" \/>\n\t<meta name=\"twitter:label2\" content=\"Est. tempo de leitura\" \/>\n\t<meta name=\"twitter:data2\" content=\"3 minutos\" \/>\n<script type=\"application\/ld+json\" class=\"yoast-schema-graph\">{\"@context\":\"https:\/\/schema.org\",\"@graph\":[{\"@type\":\"Article\",\"@id\":\"https:\/\/www.prix.com.br\/prisma-inteligencia\/inteligencia-artificial-vai-nos-ajudar-a-valorizar-o-que-e-humano\/#article\",\"isPartOf\":{\"@id\":\"https:\/\/www.prix.com.br\/prisma-inteligencia\/inteligencia-artificial-vai-nos-ajudar-a-valorizar-o-que-e-humano\/\"},\"author\":{\"name\":\"Matheus Galv\u00e3o\",\"@id\":\"https:\/\/www.prix.com.br\/prisma-inteligencia\/#\/schema\/person\/976579f27135ac1cbd1a49da1a78347f\"},\"headline\":\"Intelig\u00eancia artificial vai nos ajudar a valorizar o que \u00e9 humano\",\"datePublished\":\"2023-06-23T20:52:18+00:00\",\"dateModified\":\"2023-07-21T18:17:38+00:00\",\"mainEntityOfPage\":{\"@id\":\"https:\/\/www.prix.com.br\/prisma-inteligencia\/inteligencia-artificial-vai-nos-ajudar-a-valorizar-o-que-e-humano\/\"},\"wordCount\":472,\"commentCount\":0,\"publisher\":{\"@id\":\"https:\/\/www.prix.com.br\/prisma-inteligencia\/#organization\"},\"inLanguage\":\"pt-BR\",\"potentialAction\":[{\"@type\":\"CommentAction\",\"name\":\"Comment\",\"target\":[\"https:\/\/www.prix.com.br\/prisma-inteligencia\/inteligencia-artificial-vai-nos-ajudar-a-valorizar-o-que-e-humano\/#respond\"]}]},{\"@type\":\"WebPage\",\"@id\":\"https:\/\/www.prix.com.br\/prisma-inteligencia\/inteligencia-artificial-vai-nos-ajudar-a-valorizar-o-que-e-humano\/\",\"url\":\"https:\/\/www.prix.com.br\/prisma-inteligencia\/inteligencia-artificial-vai-nos-ajudar-a-valorizar-o-que-e-humano\/\",\"name\":\"Intelig\u00eancia artificial vai nos ajudar a valorizar o que \u00e9 humano - Prisma Intelig\u00eancia\",\"isPartOf\":{\"@id\":\"https:\/\/www.prix.com.br\/prisma-inteligencia\/#website\"},\"datePublished\":\"2023-06-23T20:52:18+00:00\",\"dateModified\":\"2023-07-21T18:17:38+00:00\",\"breadcrumb\":{\"@id\":\"https:\/\/www.prix.com.br\/prisma-inteligencia\/inteligencia-artificial-vai-nos-ajudar-a-valorizar-o-que-e-humano\/#breadcrumb\"},\"inLanguage\":\"pt-BR\",\"potentialAction\":[{\"@type\":\"ReadAction\",\"target\":[\"https:\/\/www.prix.com.br\/prisma-inteligencia\/inteligencia-artificial-vai-nos-ajudar-a-valorizar-o-que-e-humano\/\"]}]},{\"@type\":\"BreadcrumbList\",\"@id\":\"https:\/\/www.prix.com.br\/prisma-inteligencia\/inteligencia-artificial-vai-nos-ajudar-a-valorizar-o-que-e-humano\/#breadcrumb\",\"itemListElement\":[{\"@type\":\"ListItem\",\"position\":1,\"name\":\"In\u00edcio\",\"item\":\"https:\/\/www.prix.com.br\/prisma-inteligencia\/\"},{\"@type\":\"ListItem\",\"position\":2,\"name\":\"Intelig\u00eancia artificial vai nos ajudar a valorizar o que \u00e9 humano\"}]},{\"@type\":\"WebSite\",\"@id\":\"https:\/\/www.prix.com.br\/prisma-inteligencia\/#website\",\"url\":\"https:\/\/www.prix.com.br\/prisma-inteligencia\/\",\"name\":\"Prisma Intelig\u00eancia\",\"description\":\"Segundo o Instituto Ipsos especializado em h\u00e1bitos de consumo e comunica\u00e7\u00e3o, somos impactados diariamente, por mais seis mil mensagens publicit\u00e1rias.\",\"publisher\":{\"@id\":\"https:\/\/www.prix.com.br\/prisma-inteligencia\/#organization\"},\"potentialAction\":[{\"@type\":\"SearchAction\",\"target\":{\"@type\":\"EntryPoint\",\"urlTemplate\":\"https:\/\/www.prix.com.br\/prisma-inteligencia\/?s={search_term_string}\"},\"query-input\":\"required name=search_term_string\"}],\"inLanguage\":\"pt-BR\"},{\"@type\":\"Organization\",\"@id\":\"https:\/\/www.prix.com.br\/prisma-inteligencia\/#organization\",\"name\":\"Prisma Intelig\u00eancia\",\"url\":\"https:\/\/www.prix.com.br\/prisma-inteligencia\/\",\"logo\":{\"@type\":\"ImageObject\",\"inLanguage\":\"pt-BR\",\"@id\":\"https:\/\/www.prix.com.br\/prisma-inteligencia\/#\/schema\/logo\/image\/\",\"url\":\"https:\/\/www.prix.com.br\/prisma-inteligencia\/wp-content\/uploads\/2019\/09\/Logo-Prisma.png\",\"contentUrl\":\"https:\/\/www.prix.com.br\/prisma-inteligencia\/wp-content\/uploads\/2019\/09\/Logo-Prisma.png\",\"width\":554,\"height\":154,\"caption\":\"Prisma Intelig\u00eancia\"},\"image\":{\"@id\":\"https:\/\/www.prix.com.br\/prisma-inteligencia\/#\/schema\/logo\/image\/\"}},{\"@type\":\"Person\",\"@id\":\"https:\/\/www.prix.com.br\/prisma-inteligencia\/#\/schema\/person\/976579f27135ac1cbd1a49da1a78347f\",\"name\":\"Matheus Galv\u00e3o\",\"image\":{\"@type\":\"ImageObject\",\"inLanguage\":\"pt-BR\",\"@id\":\"https:\/\/www.prix.com.br\/prisma-inteligencia\/#\/schema\/person\/image\/\",\"url\":\"https:\/\/secure.gravatar.com\/avatar\/01a73771894dcb861cd73e5da454e0d0?s=96&d=mm&r=g\",\"contentUrl\":\"https:\/\/secure.gravatar.com\/avatar\/01a73771894dcb861cd73e5da454e0d0?s=96&d=mm&r=g\",\"caption\":\"Matheus Galv\u00e3o\"},\"sameAs\":[\"http:\/\/www.prix.com.br\/prisma-inteligencia\/\"],\"url\":\"https:\/\/www.prix.com.br\/prisma-inteligencia\/author\/matheusgalvao\/\"}]}<\/script>\n<!-- \/ Yoast SEO plugin. -->","yoast_head_json":{"title":"Intelig\u00eancia artificial vai nos ajudar a valorizar o que \u00e9 humano - Prisma Intelig\u00eancia","robots":{"index":"index","follow":"follow","max-snippet":"max-snippet:-1","max-image-preview":"max-image-preview:large","max-video-preview":"max-video-preview:-1"},"canonical":"https:\/\/www.prix.com.br\/prisma-inteligencia\/inteligencia-artificial-vai-nos-ajudar-a-valorizar-o-que-e-humano\/","og_locale":"pt_BR","og_type":"article","og_title":"Intelig\u00eancia artificial vai nos ajudar a valorizar o que \u00e9 humano - Prisma Intelig\u00eancia","og_description":"A intelig\u00eancia artificial virou uma realidade com a expans\u00e3o r\u00e1pida da tecnologia e a populariza\u00e7\u00e3o desta ferramenta. Mas o futuro parece ter chegado ou melhor, uma pequena revolu\u00e7\u00e3o come\u00e7ou e nos fez repensar sobre a forma como vivemos e trabalhamos, ao mesmo tempo em que nos assustamos com as infinitas amea\u00e7as ao modelo de vida [...]","og_url":"https:\/\/www.prix.com.br\/prisma-inteligencia\/inteligencia-artificial-vai-nos-ajudar-a-valorizar-o-que-e-humano\/","og_site_name":"Prisma Intelig\u00eancia","article_published_time":"2023-06-23T20:52:18+00:00","article_modified_time":"2023-07-21T18:17:38+00:00","og_image":[{"width":2560,"height":1707,"url":"http:\/\/www.prix.com.br\/prisma-inteligencia\/wp-content\/uploads\/2023\/06\/retrato-de-homem-de-tiro-medio-com-chapeu-de-formatura-1-1-scaled.jpg","type":"image\/jpeg"}],"author":"Matheus Galv\u00e3o","twitter_card":"summary_large_image","twitter_misc":{"Escrito por":"Matheus Galv\u00e3o","Est. tempo de leitura":"3 minutos"},"schema":{"@context":"https:\/\/schema.org","@graph":[{"@type":"Article","@id":"https:\/\/www.prix.com.br\/prisma-inteligencia\/inteligencia-artificial-vai-nos-ajudar-a-valorizar-o-que-e-humano\/#article","isPartOf":{"@id":"https:\/\/www.prix.com.br\/prisma-inteligencia\/inteligencia-artificial-vai-nos-ajudar-a-valorizar-o-que-e-humano\/"},"author":{"name":"Matheus Galv\u00e3o","@id":"https:\/\/www.prix.com.br\/prisma-inteligencia\/#\/schema\/person\/976579f27135ac1cbd1a49da1a78347f"},"headline":"Intelig\u00eancia artificial vai nos ajudar a valorizar o que \u00e9 humano","datePublished":"2023-06-23T20:52:18+00:00","dateModified":"2023-07-21T18:17:38+00:00","mainEntityOfPage":{"@id":"https:\/\/www.prix.com.br\/prisma-inteligencia\/inteligencia-artificial-vai-nos-ajudar-a-valorizar-o-que-e-humano\/"},"wordCount":472,"commentCount":0,"publisher":{"@id":"https:\/\/www.prix.com.br\/prisma-inteligencia\/#organization"},"inLanguage":"pt-BR","potentialAction":[{"@type":"CommentAction","name":"Comment","target":["https:\/\/www.prix.com.br\/prisma-inteligencia\/inteligencia-artificial-vai-nos-ajudar-a-valorizar-o-que-e-humano\/#respond"]}]},{"@type":"WebPage","@id":"https:\/\/www.prix.com.br\/prisma-inteligencia\/inteligencia-artificial-vai-nos-ajudar-a-valorizar-o-que-e-humano\/","url":"https:\/\/www.prix.com.br\/prisma-inteligencia\/inteligencia-artificial-vai-nos-ajudar-a-valorizar-o-que-e-humano\/","name":"Intelig\u00eancia artificial vai nos ajudar a valorizar o que \u00e9 humano - Prisma Intelig\u00eancia","isPartOf":{"@id":"https:\/\/www.prix.com.br\/prisma-inteligencia\/#website"},"datePublished":"2023-06-23T20:52:18+00:00","dateModified":"2023-07-21T18:17:38+00:00","breadcrumb":{"@id":"https:\/\/www.prix.com.br\/prisma-inteligencia\/inteligencia-artificial-vai-nos-ajudar-a-valorizar-o-que-e-humano\/#breadcrumb"},"inLanguage":"pt-BR","potentialAction":[{"@type":"ReadAction","target":["https:\/\/www.prix.com.br\/prisma-inteligencia\/inteligencia-artificial-vai-nos-ajudar-a-valorizar-o-que-e-humano\/"]}]},{"@type":"BreadcrumbList","@id":"https:\/\/www.prix.com.br\/prisma-inteligencia\/inteligencia-artificial-vai-nos-ajudar-a-valorizar-o-que-e-humano\/#breadcrumb","itemListElement":[{"@type":"ListItem","position":1,"name":"In\u00edcio","item":"https:\/\/www.prix.com.br\/prisma-inteligencia\/"},{"@type":"ListItem","position":2,"name":"Intelig\u00eancia artificial vai nos ajudar a valorizar o que \u00e9 humano"}]},{"@type":"WebSite","@id":"https:\/\/www.prix.com.br\/prisma-inteligencia\/#website","url":"https:\/\/www.prix.com.br\/prisma-inteligencia\/","name":"Prisma Intelig\u00eancia","description":"Segundo o Instituto Ipsos especializado em h\u00e1bitos de consumo e comunica\u00e7\u00e3o, somos impactados diariamente, por mais seis mil mensagens publicit\u00e1rias.","publisher":{"@id":"https:\/\/www.prix.com.br\/prisma-inteligencia\/#organization"},"potentialAction":[{"@type":"SearchAction","target":{"@type":"EntryPoint","urlTemplate":"https:\/\/www.prix.com.br\/prisma-inteligencia\/?s={search_term_string}"},"query-input":"required name=search_term_string"}],"inLanguage":"pt-BR"},{"@type":"Organization","@id":"https:\/\/www.prix.com.br\/prisma-inteligencia\/#organization","name":"Prisma Intelig\u00eancia","url":"https:\/\/www.prix.com.br\/prisma-inteligencia\/","logo":{"@type":"ImageObject","inLanguage":"pt-BR","@id":"https:\/\/www.prix.com.br\/prisma-inteligencia\/#\/schema\/logo\/image\/","url":"https:\/\/www.prix.com.br\/prisma-inteligencia\/wp-content\/uploads\/2019\/09\/Logo-Prisma.png","contentUrl":"https:\/\/www.prix.com.br\/prisma-inteligencia\/wp-content\/uploads\/2019\/09\/Logo-Prisma.png","width":554,"height":154,"caption":"Prisma Intelig\u00eancia"},"image":{"@id":"https:\/\/www.prix.com.br\/prisma-inteligencia\/#\/schema\/logo\/image\/"}},{"@type":"Person","@id":"https:\/\/www.prix.com.br\/prisma-inteligencia\/#\/schema\/person\/976579f27135ac1cbd1a49da1a78347f","name":"Matheus Galv\u00e3o","image":{"@type":"ImageObject","inLanguage":"pt-BR","@id":"https:\/\/www.prix.com.br\/prisma-inteligencia\/#\/schema\/person\/image\/","url":"https:\/\/secure.gravatar.com\/avatar\/01a73771894dcb861cd73e5da454e0d0?s=96&d=mm&r=g","contentUrl":"https:\/\/secure.gravatar.com\/avatar\/01a73771894dcb861cd73e5da454e0d0?s=96&d=mm&r=g","caption":"Matheus Galv\u00e3o"},"sameAs":["http:\/\/www.prix.com.br\/prisma-inteligencia\/"],"url":"https:\/\/www.prix.com.br\/prisma-inteligencia\/author\/matheusgalvao\/"}]}},"_links":{"self":[{"href":"https:\/\/www.prix.com.br\/prisma-inteligencia\/wp-json\/wp\/v2\/posts\/2048"}],"collection":[{"href":"https:\/\/www.prix.com.br\/prisma-inteligencia\/wp-json\/wp\/v2\/posts"}],"about":[{"href":"https:\/\/www.prix.com.br\/prisma-inteligencia\/wp-json\/wp\/v2\/types\/post"}],"author":[{"embeddable":true,"href":"https:\/\/www.prix.com.br\/prisma-inteligencia\/wp-json\/wp\/v2\/users\/6"}],"replies":[{"embeddable":true,"href":"https:\/\/www.prix.com.br\/prisma-inteligencia\/wp-json\/wp\/v2\/comments?post=2048"}],"version-history":[{"count":4,"href":"https:\/\/www.prix.com.br\/prisma-inteligencia\/wp-json\/wp\/v2\/posts\/2048\/revisions"}],"predecessor-version":[{"id":2057,"href":"https:\/\/www.prix.com.br\/prisma-inteligencia\/wp-json\/wp\/v2\/posts\/2048\/revisions\/2057"}],"wp:featuredmedia":[{"embeddable":true,"href":"https:\/\/www.prix.com.br\/prisma-inteligencia\/wp-json\/wp\/v2\/media\/2056"}],"wp:attachment":[{"href":"https:\/\/www.prix.com.br\/prisma-inteligencia\/wp-json\/wp\/v2\/media?parent=2048"}],"wp:term":[{"taxonomy":"category","embeddable":true,"href":"https:\/\/www.prix.com.br\/prisma-inteligencia\/wp-json\/wp\/v2\/categories?post=2048"},{"taxonomy":"post_tag","embeddable":true,"href":"https:\/\/www.prix.com.br\/prisma-inteligencia\/wp-json\/wp\/v2\/tags?post=2048"}],"curies":[{"name":"wp","href":"https:\/\/api.w.org\/{rel}","templated":true}]}}