{"id":2058,"date":"2023-07-21T15:25:27","date_gmt":"2023-07-21T18:25:27","guid":{"rendered":"https:\/\/www.prix.com.br\/prisma-inteligencia\/?p=2058"},"modified":"2023-09-01T17:00:50","modified_gmt":"2023-09-01T20:00:50","slug":"2058-2","status":"publish","type":"post","link":"https:\/\/www.prix.com.br\/prisma-inteligencia\/2058-2\/","title":{"rendered":"Grupo Prix e viabilizar a chegada da ESPM ao Esp\u00edrito Santo"},"content":{"rendered":"\n\n\n<figure class=\"wp-block-image size-large\"><img decoding=\"async\" loading=\"lazy\" width=\"1024\" height=\"683\" src=\"http:\/\/www.prix.com.br\/prisma-inteligencia\/wp-content\/uploads\/2023\/07\/1688696434507-1024x683.jpg\" alt=\"\" class=\"wp-image-2059\" srcset=\"https:\/\/www.prix.com.br\/prisma-inteligencia\/wp-content\/uploads\/2023\/07\/1688696434507-1024x683.jpg 1024w, https:\/\/www.prix.com.br\/prisma-inteligencia\/wp-content\/uploads\/2023\/07\/1688696434507-300x200.jpg 300w, https:\/\/www.prix.com.br\/prisma-inteligencia\/wp-content\/uploads\/2023\/07\/1688696434507-768x512.jpg 768w, https:\/\/www.prix.com.br\/prisma-inteligencia\/wp-content\/uploads\/2023\/07\/1688696434507.jpg 1200w\" sizes=\"(max-width: 1024px) 100vw, 1024px\" \/><\/figure>\n\n\n\n<p>Como empres\u00e1rio e professor, estar \u00e0 frente do Grupo Prix e viabilizar a chegada da Escola Superior de Propaganda e Marketing (ESPM) ao Esp\u00edrito Santo \u00e9 motivo de muito orgulho e realiza\u00e7\u00e3o. O projeto \u00e9 antigo e torn\u00e1-lo realidade \u00e9 uma forma de confirmar nossa convic\u00e7\u00e3o no quanto nosso mercado merece ter acesso \u00e0 educa\u00e7\u00e3o de qualidade, numa proposta atual, s\u00f3lida e pensada para conectar teoria e pr\u00e1tica.<br><\/p>\n\n\n\n<p>A Master Class que marcou a chegada da institui\u00e7\u00e3o ao Estado foi uma demonstra\u00e7\u00e3o do universo de possibilidades que se apresenta para n\u00f3s, gestores, comunicadores, l\u00edderes e profissionais que, independente da \u00e1rea de atua\u00e7\u00e3o, reconhecem que o caminho do sucesso passa pelo conhecimento.<br>Ministrada por Marco Aur\u00e9lio Rodrigues, docente e pesquisador do Mestrado em Gest\u00e3o de Economia Criativa da ESPM-RJ, estimulou a reflex\u00e3o a partir de provoca\u00e7\u00f5es sobre as mudan\u00e7as que experimentamos no dia a dia do trabalho.<br><\/p>\n\n\n\n<p>E foi s\u00f3 uma amostra. A ESPM tem muito mais a oferecer com seus mais de 70 anos de hist\u00f3ria. Estamos certos de que a escola formar\u00e1 gestores e l\u00edderes para um ecossistema corporativo que demanda cada vez mais adaptabilidade, inova\u00e7\u00e3o e criatividade.<br><\/p>\n\n\n\n<p>Agradecemos a todos que nos prestigiaram na Master Class e \u00e0 UVV, parceira nessa empreitada. &nbsp;<\/p>\n","protected":false},"excerpt":{"rendered":"<p>Como empres\u00e1rio e professor, estar \u00e0 frente do Grupo Prix e viabilizar a chegada da Escola Superior de Propaganda e Marketing (ESPM) ao Esp\u00edrito Santo \u00e9 motivo de muito orgulho e realiza\u00e7\u00e3o. O projeto \u00e9 antigo e torn\u00e1-lo realidade \u00e9 uma forma de confirmar nossa convic\u00e7\u00e3o no quanto nosso mercado merece ter acesso \u00e0 educa\u00e7\u00e3o [&#8230;]\n","protected":false},"author":6,"featured_media":2059,"comment_status":"open","ping_status":"open","sticky":false,"template":"","format":"standard","meta":[],"categories":[1],"tags":[],"yoast_head":"<!-- This site is optimized with the Yoast SEO plugin v21.8.1 - https:\/\/yoast.com\/wordpress\/plugins\/seo\/ -->\n<title>Grupo Prix e viabilizar a chegada da ESPM ao Esp\u00edrito Santo - Prisma Intelig\u00eancia<\/title>\n<meta name=\"robots\" content=\"index, follow, max-snippet:-1, max-image-preview:large, max-video-preview:-1\" \/>\n<link rel=\"canonical\" href=\"https:\/\/www.prix.com.br\/prisma-inteligencia\/2058-2\/\" \/>\n<meta property=\"og:locale\" content=\"pt_BR\" \/>\n<meta property=\"og:type\" content=\"article\" \/>\n<meta property=\"og:title\" content=\"Grupo Prix e viabilizar a chegada da ESPM ao Esp\u00edrito Santo - Prisma Intelig\u00eancia\" \/>\n<meta property=\"og:description\" content=\"Como empres\u00e1rio e professor, estar \u00e0 frente do Grupo Prix e viabilizar a chegada da Escola Superior de Propaganda e Marketing (ESPM) ao Esp\u00edrito Santo \u00e9 motivo de muito orgulho e realiza\u00e7\u00e3o. O projeto \u00e9 antigo e torn\u00e1-lo realidade \u00e9 uma forma de confirmar nossa convic\u00e7\u00e3o no quanto nosso mercado merece ter acesso \u00e0 educa\u00e7\u00e3o [...]\" \/>\n<meta property=\"og:url\" content=\"https:\/\/www.prix.com.br\/prisma-inteligencia\/2058-2\/\" \/>\n<meta property=\"og:site_name\" content=\"Prisma Intelig\u00eancia\" \/>\n<meta property=\"article:published_time\" content=\"2023-07-21T18:25:27+00:00\" \/>\n<meta property=\"article:modified_time\" content=\"2023-09-01T20:00:50+00:00\" \/>\n<meta property=\"og:image\" content=\"http:\/\/www.prix.com.br\/prisma-inteligencia\/wp-content\/uploads\/2023\/07\/1688696434507.jpg\" \/>\n\t<meta property=\"og:image:width\" content=\"1200\" \/>\n\t<meta property=\"og:image:height\" content=\"800\" \/>\n\t<meta property=\"og:image:type\" content=\"image\/jpeg\" \/>\n<meta name=\"author\" content=\"Matheus Galv\u00e3o\" \/>\n<meta name=\"twitter:card\" content=\"summary_large_image\" \/>\n<meta name=\"twitter:label1\" content=\"Escrito por\" \/>\n\t<meta name=\"twitter:data1\" content=\"Matheus Galv\u00e3o\" \/>\n\t<meta name=\"twitter:label2\" content=\"Est. tempo de leitura\" \/>\n\t<meta name=\"twitter:data2\" content=\"2 minutos\" \/>\n<script type=\"application\/ld+json\" class=\"yoast-schema-graph\">{\"@context\":\"https:\/\/schema.org\",\"@graph\":[{\"@type\":\"Article\",\"@id\":\"https:\/\/www.prix.com.br\/prisma-inteligencia\/2058-2\/#article\",\"isPartOf\":{\"@id\":\"https:\/\/www.prix.com.br\/prisma-inteligencia\/2058-2\/\"},\"author\":{\"name\":\"Matheus Galv\u00e3o\",\"@id\":\"https:\/\/www.prix.com.br\/prisma-inteligencia\/#\/schema\/person\/976579f27135ac1cbd1a49da1a78347f\"},\"headline\":\"Grupo Prix e viabilizar a chegada da ESPM ao Esp\u00edrito Santo\",\"datePublished\":\"2023-07-21T18:25:27+00:00\",\"dateModified\":\"2023-09-01T20:00:50+00:00\",\"mainEntityOfPage\":{\"@id\":\"https:\/\/www.prix.com.br\/prisma-inteligencia\/2058-2\/\"},\"wordCount\":231,\"commentCount\":0,\"publisher\":{\"@id\":\"https:\/\/www.prix.com.br\/prisma-inteligencia\/#organization\"},\"inLanguage\":\"pt-BR\",\"potentialAction\":[{\"@type\":\"CommentAction\",\"name\":\"Comment\",\"target\":[\"https:\/\/www.prix.com.br\/prisma-inteligencia\/2058-2\/#respond\"]}]},{\"@type\":\"WebPage\",\"@id\":\"https:\/\/www.prix.com.br\/prisma-inteligencia\/2058-2\/\",\"url\":\"https:\/\/www.prix.com.br\/prisma-inteligencia\/2058-2\/\",\"name\":\"Grupo Prix e viabilizar a chegada da ESPM ao Esp\u00edrito Santo - Prisma Intelig\u00eancia\",\"isPartOf\":{\"@id\":\"https:\/\/www.prix.com.br\/prisma-inteligencia\/#website\"},\"datePublished\":\"2023-07-21T18:25:27+00:00\",\"dateModified\":\"2023-09-01T20:00:50+00:00\",\"breadcrumb\":{\"@id\":\"https:\/\/www.prix.com.br\/prisma-inteligencia\/2058-2\/#breadcrumb\"},\"inLanguage\":\"pt-BR\",\"potentialAction\":[{\"@type\":\"ReadAction\",\"target\":[\"https:\/\/www.prix.com.br\/prisma-inteligencia\/2058-2\/\"]}]},{\"@type\":\"BreadcrumbList\",\"@id\":\"https:\/\/www.prix.com.br\/prisma-inteligencia\/2058-2\/#breadcrumb\",\"itemListElement\":[{\"@type\":\"ListItem\",\"position\":1,\"name\":\"In\u00edcio\",\"item\":\"https:\/\/www.prix.com.br\/prisma-inteligencia\/\"},{\"@type\":\"ListItem\",\"position\":2,\"name\":\"Grupo Prix e viabilizar a chegada da ESPM ao Esp\u00edrito Santo\"}]},{\"@type\":\"WebSite\",\"@id\":\"https:\/\/www.prix.com.br\/prisma-inteligencia\/#website\",\"url\":\"https:\/\/www.prix.com.br\/prisma-inteligencia\/\",\"name\":\"Prisma Intelig\u00eancia\",\"description\":\"Segundo o Instituto Ipsos especializado em h\u00e1bitos de consumo e comunica\u00e7\u00e3o, somos impactados diariamente, por mais seis mil mensagens publicit\u00e1rias.\",\"publisher\":{\"@id\":\"https:\/\/www.prix.com.br\/prisma-inteligencia\/#organization\"},\"potentialAction\":[{\"@type\":\"SearchAction\",\"target\":{\"@type\":\"EntryPoint\",\"urlTemplate\":\"https:\/\/www.prix.com.br\/prisma-inteligencia\/?s={search_term_string}\"},\"query-input\":\"required name=search_term_string\"}],\"inLanguage\":\"pt-BR\"},{\"@type\":\"Organization\",\"@id\":\"https:\/\/www.prix.com.br\/prisma-inteligencia\/#organization\",\"name\":\"Prisma Intelig\u00eancia\",\"url\":\"https:\/\/www.prix.com.br\/prisma-inteligencia\/\",\"logo\":{\"@type\":\"ImageObject\",\"inLanguage\":\"pt-BR\",\"@id\":\"https:\/\/www.prix.com.br\/prisma-inteligencia\/#\/schema\/logo\/image\/\",\"url\":\"https:\/\/www.prix.com.br\/prisma-inteligencia\/wp-content\/uploads\/2019\/09\/Logo-Prisma.png\",\"contentUrl\":\"https:\/\/www.prix.com.br\/prisma-inteligencia\/wp-content\/uploads\/2019\/09\/Logo-Prisma.png\",\"width\":554,\"height\":154,\"caption\":\"Prisma Intelig\u00eancia\"},\"image\":{\"@id\":\"https:\/\/www.prix.com.br\/prisma-inteligencia\/#\/schema\/logo\/image\/\"}},{\"@type\":\"Person\",\"@id\":\"https:\/\/www.prix.com.br\/prisma-inteligencia\/#\/schema\/person\/976579f27135ac1cbd1a49da1a78347f\",\"name\":\"Matheus Galv\u00e3o\",\"image\":{\"@type\":\"ImageObject\",\"inLanguage\":\"pt-BR\",\"@id\":\"https:\/\/www.prix.com.br\/prisma-inteligencia\/#\/schema\/person\/image\/\",\"url\":\"https:\/\/secure.gravatar.com\/avatar\/01a73771894dcb861cd73e5da454e0d0?s=96&d=mm&r=g\",\"contentUrl\":\"https:\/\/secure.gravatar.com\/avatar\/01a73771894dcb861cd73e5da454e0d0?s=96&d=mm&r=g\",\"caption\":\"Matheus Galv\u00e3o\"},\"sameAs\":[\"http:\/\/www.prix.com.br\/prisma-inteligencia\/\"],\"url\":\"https:\/\/www.prix.com.br\/prisma-inteligencia\/author\/matheusgalvao\/\"}]}<\/script>\n<!-- \/ Yoast SEO plugin. -->","yoast_head_json":{"title":"Grupo Prix e viabilizar a chegada da ESPM ao Esp\u00edrito Santo - Prisma Intelig\u00eancia","robots":{"index":"index","follow":"follow","max-snippet":"max-snippet:-1","max-image-preview":"max-image-preview:large","max-video-preview":"max-video-preview:-1"},"canonical":"https:\/\/www.prix.com.br\/prisma-inteligencia\/2058-2\/","og_locale":"pt_BR","og_type":"article","og_title":"Grupo Prix e viabilizar a chegada da ESPM ao Esp\u00edrito Santo - Prisma Intelig\u00eancia","og_description":"Como empres\u00e1rio e professor, estar \u00e0 frente do Grupo Prix e viabilizar a chegada da Escola Superior de Propaganda e Marketing (ESPM) ao Esp\u00edrito Santo \u00e9 motivo de muito orgulho e realiza\u00e7\u00e3o. O projeto \u00e9 antigo e torn\u00e1-lo realidade \u00e9 uma forma de confirmar nossa convic\u00e7\u00e3o no quanto nosso mercado merece ter acesso \u00e0 educa\u00e7\u00e3o [...]","og_url":"https:\/\/www.prix.com.br\/prisma-inteligencia\/2058-2\/","og_site_name":"Prisma Intelig\u00eancia","article_published_time":"2023-07-21T18:25:27+00:00","article_modified_time":"2023-09-01T20:00:50+00:00","og_image":[{"width":1200,"height":800,"url":"http:\/\/www.prix.com.br\/prisma-inteligencia\/wp-content\/uploads\/2023\/07\/1688696434507.jpg","type":"image\/jpeg"}],"author":"Matheus Galv\u00e3o","twitter_card":"summary_large_image","twitter_misc":{"Escrito por":"Matheus Galv\u00e3o","Est. tempo de leitura":"2 minutos"},"schema":{"@context":"https:\/\/schema.org","@graph":[{"@type":"Article","@id":"https:\/\/www.prix.com.br\/prisma-inteligencia\/2058-2\/#article","isPartOf":{"@id":"https:\/\/www.prix.com.br\/prisma-inteligencia\/2058-2\/"},"author":{"name":"Matheus Galv\u00e3o","@id":"https:\/\/www.prix.com.br\/prisma-inteligencia\/#\/schema\/person\/976579f27135ac1cbd1a49da1a78347f"},"headline":"Grupo Prix e viabilizar a chegada da ESPM ao Esp\u00edrito Santo","datePublished":"2023-07-21T18:25:27+00:00","dateModified":"2023-09-01T20:00:50+00:00","mainEntityOfPage":{"@id":"https:\/\/www.prix.com.br\/prisma-inteligencia\/2058-2\/"},"wordCount":231,"commentCount":0,"publisher":{"@id":"https:\/\/www.prix.com.br\/prisma-inteligencia\/#organization"},"inLanguage":"pt-BR","potentialAction":[{"@type":"CommentAction","name":"Comment","target":["https:\/\/www.prix.com.br\/prisma-inteligencia\/2058-2\/#respond"]}]},{"@type":"WebPage","@id":"https:\/\/www.prix.com.br\/prisma-inteligencia\/2058-2\/","url":"https:\/\/www.prix.com.br\/prisma-inteligencia\/2058-2\/","name":"Grupo Prix e viabilizar a chegada da ESPM ao Esp\u00edrito Santo - Prisma Intelig\u00eancia","isPartOf":{"@id":"https:\/\/www.prix.com.br\/prisma-inteligencia\/#website"},"datePublished":"2023-07-21T18:25:27+00:00","dateModified":"2023-09-01T20:00:50+00:00","breadcrumb":{"@id":"https:\/\/www.prix.com.br\/prisma-inteligencia\/2058-2\/#breadcrumb"},"inLanguage":"pt-BR","potentialAction":[{"@type":"ReadAction","target":["https:\/\/www.prix.com.br\/prisma-inteligencia\/2058-2\/"]}]},{"@type":"BreadcrumbList","@id":"https:\/\/www.prix.com.br\/prisma-inteligencia\/2058-2\/#breadcrumb","itemListElement":[{"@type":"ListItem","position":1,"name":"In\u00edcio","item":"https:\/\/www.prix.com.br\/prisma-inteligencia\/"},{"@type":"ListItem","position":2,"name":"Grupo Prix e viabilizar a chegada da ESPM ao Esp\u00edrito Santo"}]},{"@type":"WebSite","@id":"https:\/\/www.prix.com.br\/prisma-inteligencia\/#website","url":"https:\/\/www.prix.com.br\/prisma-inteligencia\/","name":"Prisma Intelig\u00eancia","description":"Segundo o Instituto Ipsos especializado em h\u00e1bitos de consumo e comunica\u00e7\u00e3o, somos impactados diariamente, por mais seis mil mensagens publicit\u00e1rias.","publisher":{"@id":"https:\/\/www.prix.com.br\/prisma-inteligencia\/#organization"},"potentialAction":[{"@type":"SearchAction","target":{"@type":"EntryPoint","urlTemplate":"https:\/\/www.prix.com.br\/prisma-inteligencia\/?s={search_term_string}"},"query-input":"required name=search_term_string"}],"inLanguage":"pt-BR"},{"@type":"Organization","@id":"https:\/\/www.prix.com.br\/prisma-inteligencia\/#organization","name":"Prisma Intelig\u00eancia","url":"https:\/\/www.prix.com.br\/prisma-inteligencia\/","logo":{"@type":"ImageObject","inLanguage":"pt-BR","@id":"https:\/\/www.prix.com.br\/prisma-inteligencia\/#\/schema\/logo\/image\/","url":"https:\/\/www.prix.com.br\/prisma-inteligencia\/wp-content\/uploads\/2019\/09\/Logo-Prisma.png","contentUrl":"https:\/\/www.prix.com.br\/prisma-inteligencia\/wp-content\/uploads\/2019\/09\/Logo-Prisma.png","width":554,"height":154,"caption":"Prisma Intelig\u00eancia"},"image":{"@id":"https:\/\/www.prix.com.br\/prisma-inteligencia\/#\/schema\/logo\/image\/"}},{"@type":"Person","@id":"https:\/\/www.prix.com.br\/prisma-inteligencia\/#\/schema\/person\/976579f27135ac1cbd1a49da1a78347f","name":"Matheus Galv\u00e3o","image":{"@type":"ImageObject","inLanguage":"pt-BR","@id":"https:\/\/www.prix.com.br\/prisma-inteligencia\/#\/schema\/person\/image\/","url":"https:\/\/secure.gravatar.com\/avatar\/01a73771894dcb861cd73e5da454e0d0?s=96&d=mm&r=g","contentUrl":"https:\/\/secure.gravatar.com\/avatar\/01a73771894dcb861cd73e5da454e0d0?s=96&d=mm&r=g","caption":"Matheus Galv\u00e3o"},"sameAs":["http:\/\/www.prix.com.br\/prisma-inteligencia\/"],"url":"https:\/\/www.prix.com.br\/prisma-inteligencia\/author\/matheusgalvao\/"}]}},"_links":{"self":[{"href":"https:\/\/www.prix.com.br\/prisma-inteligencia\/wp-json\/wp\/v2\/posts\/2058"}],"collection":[{"href":"https:\/\/www.prix.com.br\/prisma-inteligencia\/wp-json\/wp\/v2\/posts"}],"about":[{"href":"https:\/\/www.prix.com.br\/prisma-inteligencia\/wp-json\/wp\/v2\/types\/post"}],"author":[{"embeddable":true,"href":"https:\/\/www.prix.com.br\/prisma-inteligencia\/wp-json\/wp\/v2\/users\/6"}],"replies":[{"embeddable":true,"href":"https:\/\/www.prix.com.br\/prisma-inteligencia\/wp-json\/wp\/v2\/comments?post=2058"}],"version-history":[{"count":4,"href":"https:\/\/www.prix.com.br\/prisma-inteligencia\/wp-json\/wp\/v2\/posts\/2058\/revisions"}],"predecessor-version":[{"id":2068,"href":"https:\/\/www.prix.com.br\/prisma-inteligencia\/wp-json\/wp\/v2\/posts\/2058\/revisions\/2068"}],"wp:featuredmedia":[{"embeddable":true,"href":"https:\/\/www.prix.com.br\/prisma-inteligencia\/wp-json\/wp\/v2\/media\/2059"}],"wp:attachment":[{"href":"https:\/\/www.prix.com.br\/prisma-inteligencia\/wp-json\/wp\/v2\/media?parent=2058"}],"wp:term":[{"taxonomy":"category","embeddable":true,"href":"https:\/\/www.prix.com.br\/prisma-inteligencia\/wp-json\/wp\/v2\/categories?post=2058"},{"taxonomy":"post_tag","embeddable":true,"href":"https:\/\/www.prix.com.br\/prisma-inteligencia\/wp-json\/wp\/v2\/tags?post=2058"}],"curies":[{"name":"wp","href":"https:\/\/api.w.org\/{rel}","templated":true}]}}