{"id":2062,"date":"2023-07-21T15:39:16","date_gmt":"2023-07-21T18:39:16","guid":{"rendered":"https:\/\/www.prix.com.br\/prisma-inteligencia\/?p=2062"},"modified":"2023-09-01T16:51:55","modified_gmt":"2023-09-01T19:51:55","slug":"ha-vagas-para-a-ia-e-para-uma-educacao-inovadora","status":"publish","type":"post","link":"https:\/\/www.prix.com.br\/prisma-inteligencia\/ha-vagas-para-a-ia-e-para-uma-educacao-inovadora\/","title":{"rendered":"H\u00e1 vagas para a IA e para uma educa\u00e7\u00e3o inovadora"},"content":{"rendered":"\n\n\n<p>O dia a dia no mundo do trabalho e na educa\u00e7\u00e3o confirmam o poder transformador das novas tecnologias e, mais recentemente, da Intelig\u00eancia Artificial. Desde a revolu\u00e7\u00e3o industrial, acompanhamos a substitui\u00e7\u00e3o do homem por m\u00e1quinas e as mudan\u00e7as nos processos de produ\u00e7\u00e3o, que s\u00e3o crescentes e cada vez mais intensas, gerando perturba\u00e7\u00f5es significativas em n\u00f3s, pesquisadores, professores, empres\u00e1rios e estudiosos de mercado.<\/p>\n\n\n\n<p>Atualmente, a Intelig\u00eancia Artificial (IA) generativa tem impactado diretamente nossa capacidade na produ\u00e7\u00e3o intelectual, mudando formas de atua\u00e7\u00e3o de trabalhadores das mais diferentes \u00e1reas, trazendo enormes desafios e obrigando l\u00edderes a repensarem seus neg\u00f3cios, tendo a inova\u00e7\u00e3o e a disrup\u00e7\u00e3o como um caminho sem volta. Vivemos uma nova revolu\u00e7\u00e3o.<\/p>\n\n\n\n<p>Globalmente, a aplica\u00e7\u00e3o da IA do tipo generativa poder\u00e1 injetar at\u00e9 US$ 4,4 trilh\u00f5es por ano em produtividade na economia mundial, segundo estudo da McKinsey. E os reflexos j\u00e1 aparecem no mercado de trabalho, com a IA generativa podendo automatizar tarefas que consomem entre 60% e 70% do tempo dos trabalhadores.<\/p>\n\n\n\n<p>Por outro lado, cresce a demanda por profissionais que saibam lidar com inova\u00e7\u00e3o, consigam planejar e tra\u00e7ar cen\u00e1rios, tenham a capacidade de avan\u00e7ar em compet\u00eancias humanas que nunca ser\u00e3o substitu\u00eddas.<\/p>\n\n\n\n<p>Isso significa dizer que vamos continuar precisando de pessoas para formular pensamentos e estrat\u00e9gias. A sistematiza\u00e7\u00e3o das informa\u00e7\u00f5es e a transforma\u00e7\u00e3o em dados \u00e9 um grande avan\u00e7o nas compet\u00eancias humanas, que continuar\u00e3o tendo vagas nesse novo mercado.<\/p>\n\n\n\n<p>H\u00e1 vagas para a Intelig\u00eancia Artificial e para quem estiver preparado. H\u00e1 oportunidades para quem quer investir em educa\u00e7\u00e3o e para quem estiver aberto as mudan\u00e7as. O profissional do futuro, ou melhor, do presente deve estar habilitado para aplicar a intelig\u00eancia artificial nos neg\u00f3cios. No mercado de comunica\u00e7\u00e3o, por exemplo, \u00e9 preciso amplo conhecimento para elabora\u00e7\u00e3o de planos de neg\u00f3cios e desenvolvimento de novos produtos, estar qualificado para identificar experi\u00eancias, comportamentos e jornada do consumidor.&nbsp;Ou seja, isso a IA n\u00e3o far\u00e1 pelas pessoas e nem pelas empresas.<\/p>\n\n\n\n<p>Portanto, devemos ter um olhar atencioso e sem preconceitos para a IA e para quem busca t\u00ea-la como aliada. A t\u00e3o falada Intelig\u00eancia Artificial fornece intera\u00e7\u00f5es quase humanas, mas n\u00e3o \u00e9 suficiente para nos substituir. Nesse cen\u00e1rio, adquirir conhecimento implica na escolha de institui\u00e7\u00f5es que desenvolvam habilidades al\u00e9m das t\u00e9cnicas: criatividade, adaptabilidade, comunica\u00e7\u00e3o aplicada \u00e0 cada necessidade.<\/p>\n\n\n\n<p>O papel das pessoas e suas habilidades no novo contexto f\u00edsico e digital vai fazer toda a diferen\u00e7a para empreendedores transformarem perturba\u00e7\u00f5es em oportunidades de mercado.<\/p>\n","protected":false},"excerpt":{"rendered":"<p>O dia a dia no mundo do trabalho e na educa\u00e7\u00e3o confirmam o poder transformador das novas tecnologias e, mais recentemente, da Intelig\u00eancia Artificial. Desde a revolu\u00e7\u00e3o industrial, acompanhamos a substitui\u00e7\u00e3o do homem por m\u00e1quinas e as mudan\u00e7as nos processos de produ\u00e7\u00e3o, que s\u00e3o crescentes e cada vez mais intensas, gerando perturba\u00e7\u00f5es significativas em n\u00f3s, [&#8230;]\n","protected":false},"author":6,"featured_media":2063,"comment_status":"open","ping_status":"open","sticky":false,"template":"","format":"standard","meta":[],"categories":[1],"tags":[],"yoast_head":"<!-- This site is optimized with the Yoast SEO plugin v21.8.1 - https:\/\/yoast.com\/wordpress\/plugins\/seo\/ -->\n<title>H\u00e1 vagas para a IA e para uma educa\u00e7\u00e3o inovadora - Prisma Intelig\u00eancia<\/title>\n<meta name=\"robots\" content=\"index, follow, max-snippet:-1, max-image-preview:large, max-video-preview:-1\" \/>\n<link rel=\"canonical\" href=\"https:\/\/www.prix.com.br\/prisma-inteligencia\/ha-vagas-para-a-ia-e-para-uma-educacao-inovadora\/\" \/>\n<meta property=\"og:locale\" content=\"pt_BR\" \/>\n<meta property=\"og:type\" content=\"article\" \/>\n<meta property=\"og:title\" content=\"H\u00e1 vagas para a IA e para uma educa\u00e7\u00e3o inovadora - Prisma Intelig\u00eancia\" \/>\n<meta property=\"og:description\" content=\"O dia a dia no mundo do trabalho e na educa\u00e7\u00e3o confirmam o poder transformador das novas tecnologias e, mais recentemente, da Intelig\u00eancia Artificial. Desde a revolu\u00e7\u00e3o industrial, acompanhamos a substitui\u00e7\u00e3o do homem por m\u00e1quinas e as mudan\u00e7as nos processos de produ\u00e7\u00e3o, que s\u00e3o crescentes e cada vez mais intensas, gerando perturba\u00e7\u00f5es significativas em n\u00f3s, [...]\" \/>\n<meta property=\"og:url\" content=\"https:\/\/www.prix.com.br\/prisma-inteligencia\/ha-vagas-para-a-ia-e-para-uma-educacao-inovadora\/\" \/>\n<meta property=\"og:site_name\" content=\"Prisma Intelig\u00eancia\" \/>\n<meta property=\"article:published_time\" content=\"2023-07-21T18:39:16+00:00\" \/>\n<meta property=\"article:modified_time\" content=\"2023-09-01T19:51:55+00:00\" \/>\n<meta property=\"og:image\" content=\"http:\/\/www.prix.com.br\/prisma-inteligencia\/wp-content\/uploads\/2023\/07\/homem-tiro-medio-usando-oculos-vr-scaled.jpg\" \/>\n\t<meta property=\"og:image:width\" content=\"2560\" \/>\n\t<meta property=\"og:image:height\" content=\"1440\" \/>\n\t<meta property=\"og:image:type\" content=\"image\/jpeg\" \/>\n<meta name=\"author\" content=\"Matheus Galv\u00e3o\" \/>\n<meta name=\"twitter:card\" content=\"summary_large_image\" \/>\n<meta name=\"twitter:label1\" content=\"Escrito por\" \/>\n\t<meta name=\"twitter:data1\" content=\"Matheus Galv\u00e3o\" \/>\n\t<meta name=\"twitter:label2\" content=\"Est. tempo de leitura\" \/>\n\t<meta name=\"twitter:data2\" content=\"3 minutos\" \/>\n<script type=\"application\/ld+json\" class=\"yoast-schema-graph\">{\"@context\":\"https:\/\/schema.org\",\"@graph\":[{\"@type\":\"Article\",\"@id\":\"https:\/\/www.prix.com.br\/prisma-inteligencia\/ha-vagas-para-a-ia-e-para-uma-educacao-inovadora\/#article\",\"isPartOf\":{\"@id\":\"https:\/\/www.prix.com.br\/prisma-inteligencia\/ha-vagas-para-a-ia-e-para-uma-educacao-inovadora\/\"},\"author\":{\"name\":\"Matheus Galv\u00e3o\",\"@id\":\"https:\/\/www.prix.com.br\/prisma-inteligencia\/#\/schema\/person\/976579f27135ac1cbd1a49da1a78347f\"},\"headline\":\"H\u00e1 vagas para a IA e para uma educa\u00e7\u00e3o inovadora\",\"datePublished\":\"2023-07-21T18:39:16+00:00\",\"dateModified\":\"2023-09-01T19:51:55+00:00\",\"mainEntityOfPage\":{\"@id\":\"https:\/\/www.prix.com.br\/prisma-inteligencia\/ha-vagas-para-a-ia-e-para-uma-educacao-inovadora\/\"},\"wordCount\":463,\"commentCount\":0,\"publisher\":{\"@id\":\"https:\/\/www.prix.com.br\/prisma-inteligencia\/#organization\"},\"inLanguage\":\"pt-BR\",\"potentialAction\":[{\"@type\":\"CommentAction\",\"name\":\"Comment\",\"target\":[\"https:\/\/www.prix.com.br\/prisma-inteligencia\/ha-vagas-para-a-ia-e-para-uma-educacao-inovadora\/#respond\"]}]},{\"@type\":\"WebPage\",\"@id\":\"https:\/\/www.prix.com.br\/prisma-inteligencia\/ha-vagas-para-a-ia-e-para-uma-educacao-inovadora\/\",\"url\":\"https:\/\/www.prix.com.br\/prisma-inteligencia\/ha-vagas-para-a-ia-e-para-uma-educacao-inovadora\/\",\"name\":\"H\u00e1 vagas para a IA e para uma educa\u00e7\u00e3o inovadora - Prisma Intelig\u00eancia\",\"isPartOf\":{\"@id\":\"https:\/\/www.prix.com.br\/prisma-inteligencia\/#website\"},\"datePublished\":\"2023-07-21T18:39:16+00:00\",\"dateModified\":\"2023-09-01T19:51:55+00:00\",\"breadcrumb\":{\"@id\":\"https:\/\/www.prix.com.br\/prisma-inteligencia\/ha-vagas-para-a-ia-e-para-uma-educacao-inovadora\/#breadcrumb\"},\"inLanguage\":\"pt-BR\",\"potentialAction\":[{\"@type\":\"ReadAction\",\"target\":[\"https:\/\/www.prix.com.br\/prisma-inteligencia\/ha-vagas-para-a-ia-e-para-uma-educacao-inovadora\/\"]}]},{\"@type\":\"BreadcrumbList\",\"@id\":\"https:\/\/www.prix.com.br\/prisma-inteligencia\/ha-vagas-para-a-ia-e-para-uma-educacao-inovadora\/#breadcrumb\",\"itemListElement\":[{\"@type\":\"ListItem\",\"position\":1,\"name\":\"In\u00edcio\",\"item\":\"https:\/\/www.prix.com.br\/prisma-inteligencia\/\"},{\"@type\":\"ListItem\",\"position\":2,\"name\":\"H\u00e1 vagas para a IA e para uma educa\u00e7\u00e3o inovadora\"}]},{\"@type\":\"WebSite\",\"@id\":\"https:\/\/www.prix.com.br\/prisma-inteligencia\/#website\",\"url\":\"https:\/\/www.prix.com.br\/prisma-inteligencia\/\",\"name\":\"Prisma Intelig\u00eancia\",\"description\":\"Segundo o Instituto Ipsos especializado em h\u00e1bitos de consumo e comunica\u00e7\u00e3o, somos impactados diariamente, por mais seis mil mensagens publicit\u00e1rias.\",\"publisher\":{\"@id\":\"https:\/\/www.prix.com.br\/prisma-inteligencia\/#organization\"},\"potentialAction\":[{\"@type\":\"SearchAction\",\"target\":{\"@type\":\"EntryPoint\",\"urlTemplate\":\"https:\/\/www.prix.com.br\/prisma-inteligencia\/?s={search_term_string}\"},\"query-input\":\"required name=search_term_string\"}],\"inLanguage\":\"pt-BR\"},{\"@type\":\"Organization\",\"@id\":\"https:\/\/www.prix.com.br\/prisma-inteligencia\/#organization\",\"name\":\"Prisma Intelig\u00eancia\",\"url\":\"https:\/\/www.prix.com.br\/prisma-inteligencia\/\",\"logo\":{\"@type\":\"ImageObject\",\"inLanguage\":\"pt-BR\",\"@id\":\"https:\/\/www.prix.com.br\/prisma-inteligencia\/#\/schema\/logo\/image\/\",\"url\":\"https:\/\/www.prix.com.br\/prisma-inteligencia\/wp-content\/uploads\/2019\/09\/Logo-Prisma.png\",\"contentUrl\":\"https:\/\/www.prix.com.br\/prisma-inteligencia\/wp-content\/uploads\/2019\/09\/Logo-Prisma.png\",\"width\":554,\"height\":154,\"caption\":\"Prisma Intelig\u00eancia\"},\"image\":{\"@id\":\"https:\/\/www.prix.com.br\/prisma-inteligencia\/#\/schema\/logo\/image\/\"}},{\"@type\":\"Person\",\"@id\":\"https:\/\/www.prix.com.br\/prisma-inteligencia\/#\/schema\/person\/976579f27135ac1cbd1a49da1a78347f\",\"name\":\"Matheus Galv\u00e3o\",\"image\":{\"@type\":\"ImageObject\",\"inLanguage\":\"pt-BR\",\"@id\":\"https:\/\/www.prix.com.br\/prisma-inteligencia\/#\/schema\/person\/image\/\",\"url\":\"https:\/\/secure.gravatar.com\/avatar\/01a73771894dcb861cd73e5da454e0d0?s=96&d=mm&r=g\",\"contentUrl\":\"https:\/\/secure.gravatar.com\/avatar\/01a73771894dcb861cd73e5da454e0d0?s=96&d=mm&r=g\",\"caption\":\"Matheus Galv\u00e3o\"},\"sameAs\":[\"http:\/\/www.prix.com.br\/prisma-inteligencia\/\"],\"url\":\"https:\/\/www.prix.com.br\/prisma-inteligencia\/author\/matheusgalvao\/\"}]}<\/script>\n<!-- \/ Yoast SEO plugin. -->","yoast_head_json":{"title":"H\u00e1 vagas para a IA e para uma educa\u00e7\u00e3o inovadora - Prisma Intelig\u00eancia","robots":{"index":"index","follow":"follow","max-snippet":"max-snippet:-1","max-image-preview":"max-image-preview:large","max-video-preview":"max-video-preview:-1"},"canonical":"https:\/\/www.prix.com.br\/prisma-inteligencia\/ha-vagas-para-a-ia-e-para-uma-educacao-inovadora\/","og_locale":"pt_BR","og_type":"article","og_title":"H\u00e1 vagas para a IA e para uma educa\u00e7\u00e3o inovadora - Prisma Intelig\u00eancia","og_description":"O dia a dia no mundo do trabalho e na educa\u00e7\u00e3o confirmam o poder transformador das novas tecnologias e, mais recentemente, da Intelig\u00eancia Artificial. Desde a revolu\u00e7\u00e3o industrial, acompanhamos a substitui\u00e7\u00e3o do homem por m\u00e1quinas e as mudan\u00e7as nos processos de produ\u00e7\u00e3o, que s\u00e3o crescentes e cada vez mais intensas, gerando perturba\u00e7\u00f5es significativas em n\u00f3s, [...]","og_url":"https:\/\/www.prix.com.br\/prisma-inteligencia\/ha-vagas-para-a-ia-e-para-uma-educacao-inovadora\/","og_site_name":"Prisma Intelig\u00eancia","article_published_time":"2023-07-21T18:39:16+00:00","article_modified_time":"2023-09-01T19:51:55+00:00","og_image":[{"width":2560,"height":1440,"url":"http:\/\/www.prix.com.br\/prisma-inteligencia\/wp-content\/uploads\/2023\/07\/homem-tiro-medio-usando-oculos-vr-scaled.jpg","type":"image\/jpeg"}],"author":"Matheus Galv\u00e3o","twitter_card":"summary_large_image","twitter_misc":{"Escrito por":"Matheus Galv\u00e3o","Est. tempo de leitura":"3 minutos"},"schema":{"@context":"https:\/\/schema.org","@graph":[{"@type":"Article","@id":"https:\/\/www.prix.com.br\/prisma-inteligencia\/ha-vagas-para-a-ia-e-para-uma-educacao-inovadora\/#article","isPartOf":{"@id":"https:\/\/www.prix.com.br\/prisma-inteligencia\/ha-vagas-para-a-ia-e-para-uma-educacao-inovadora\/"},"author":{"name":"Matheus Galv\u00e3o","@id":"https:\/\/www.prix.com.br\/prisma-inteligencia\/#\/schema\/person\/976579f27135ac1cbd1a49da1a78347f"},"headline":"H\u00e1 vagas para a IA e para uma educa\u00e7\u00e3o inovadora","datePublished":"2023-07-21T18:39:16+00:00","dateModified":"2023-09-01T19:51:55+00:00","mainEntityOfPage":{"@id":"https:\/\/www.prix.com.br\/prisma-inteligencia\/ha-vagas-para-a-ia-e-para-uma-educacao-inovadora\/"},"wordCount":463,"commentCount":0,"publisher":{"@id":"https:\/\/www.prix.com.br\/prisma-inteligencia\/#organization"},"inLanguage":"pt-BR","potentialAction":[{"@type":"CommentAction","name":"Comment","target":["https:\/\/www.prix.com.br\/prisma-inteligencia\/ha-vagas-para-a-ia-e-para-uma-educacao-inovadora\/#respond"]}]},{"@type":"WebPage","@id":"https:\/\/www.prix.com.br\/prisma-inteligencia\/ha-vagas-para-a-ia-e-para-uma-educacao-inovadora\/","url":"https:\/\/www.prix.com.br\/prisma-inteligencia\/ha-vagas-para-a-ia-e-para-uma-educacao-inovadora\/","name":"H\u00e1 vagas para a IA e para uma educa\u00e7\u00e3o inovadora - Prisma Intelig\u00eancia","isPartOf":{"@id":"https:\/\/www.prix.com.br\/prisma-inteligencia\/#website"},"datePublished":"2023-07-21T18:39:16+00:00","dateModified":"2023-09-01T19:51:55+00:00","breadcrumb":{"@id":"https:\/\/www.prix.com.br\/prisma-inteligencia\/ha-vagas-para-a-ia-e-para-uma-educacao-inovadora\/#breadcrumb"},"inLanguage":"pt-BR","potentialAction":[{"@type":"ReadAction","target":["https:\/\/www.prix.com.br\/prisma-inteligencia\/ha-vagas-para-a-ia-e-para-uma-educacao-inovadora\/"]}]},{"@type":"BreadcrumbList","@id":"https:\/\/www.prix.com.br\/prisma-inteligencia\/ha-vagas-para-a-ia-e-para-uma-educacao-inovadora\/#breadcrumb","itemListElement":[{"@type":"ListItem","position":1,"name":"In\u00edcio","item":"https:\/\/www.prix.com.br\/prisma-inteligencia\/"},{"@type":"ListItem","position":2,"name":"H\u00e1 vagas para a IA e para uma educa\u00e7\u00e3o inovadora"}]},{"@type":"WebSite","@id":"https:\/\/www.prix.com.br\/prisma-inteligencia\/#website","url":"https:\/\/www.prix.com.br\/prisma-inteligencia\/","name":"Prisma Intelig\u00eancia","description":"Segundo o Instituto Ipsos especializado em h\u00e1bitos de consumo e comunica\u00e7\u00e3o, somos impactados diariamente, por mais seis mil mensagens publicit\u00e1rias.","publisher":{"@id":"https:\/\/www.prix.com.br\/prisma-inteligencia\/#organization"},"potentialAction":[{"@type":"SearchAction","target":{"@type":"EntryPoint","urlTemplate":"https:\/\/www.prix.com.br\/prisma-inteligencia\/?s={search_term_string}"},"query-input":"required name=search_term_string"}],"inLanguage":"pt-BR"},{"@type":"Organization","@id":"https:\/\/www.prix.com.br\/prisma-inteligencia\/#organization","name":"Prisma Intelig\u00eancia","url":"https:\/\/www.prix.com.br\/prisma-inteligencia\/","logo":{"@type":"ImageObject","inLanguage":"pt-BR","@id":"https:\/\/www.prix.com.br\/prisma-inteligencia\/#\/schema\/logo\/image\/","url":"https:\/\/www.prix.com.br\/prisma-inteligencia\/wp-content\/uploads\/2019\/09\/Logo-Prisma.png","contentUrl":"https:\/\/www.prix.com.br\/prisma-inteligencia\/wp-content\/uploads\/2019\/09\/Logo-Prisma.png","width":554,"height":154,"caption":"Prisma Intelig\u00eancia"},"image":{"@id":"https:\/\/www.prix.com.br\/prisma-inteligencia\/#\/schema\/logo\/image\/"}},{"@type":"Person","@id":"https:\/\/www.prix.com.br\/prisma-inteligencia\/#\/schema\/person\/976579f27135ac1cbd1a49da1a78347f","name":"Matheus Galv\u00e3o","image":{"@type":"ImageObject","inLanguage":"pt-BR","@id":"https:\/\/www.prix.com.br\/prisma-inteligencia\/#\/schema\/person\/image\/","url":"https:\/\/secure.gravatar.com\/avatar\/01a73771894dcb861cd73e5da454e0d0?s=96&d=mm&r=g","contentUrl":"https:\/\/secure.gravatar.com\/avatar\/01a73771894dcb861cd73e5da454e0d0?s=96&d=mm&r=g","caption":"Matheus Galv\u00e3o"},"sameAs":["http:\/\/www.prix.com.br\/prisma-inteligencia\/"],"url":"https:\/\/www.prix.com.br\/prisma-inteligencia\/author\/matheusgalvao\/"}]}},"_links":{"self":[{"href":"https:\/\/www.prix.com.br\/prisma-inteligencia\/wp-json\/wp\/v2\/posts\/2062"}],"collection":[{"href":"https:\/\/www.prix.com.br\/prisma-inteligencia\/wp-json\/wp\/v2\/posts"}],"about":[{"href":"https:\/\/www.prix.com.br\/prisma-inteligencia\/wp-json\/wp\/v2\/types\/post"}],"author":[{"embeddable":true,"href":"https:\/\/www.prix.com.br\/prisma-inteligencia\/wp-json\/wp\/v2\/users\/6"}],"replies":[{"embeddable":true,"href":"https:\/\/www.prix.com.br\/prisma-inteligencia\/wp-json\/wp\/v2\/comments?post=2062"}],"version-history":[{"count":2,"href":"https:\/\/www.prix.com.br\/prisma-inteligencia\/wp-json\/wp\/v2\/posts\/2062\/revisions"}],"predecessor-version":[{"id":2065,"href":"https:\/\/www.prix.com.br\/prisma-inteligencia\/wp-json\/wp\/v2\/posts\/2062\/revisions\/2065"}],"wp:featuredmedia":[{"embeddable":true,"href":"https:\/\/www.prix.com.br\/prisma-inteligencia\/wp-json\/wp\/v2\/media\/2063"}],"wp:attachment":[{"href":"https:\/\/www.prix.com.br\/prisma-inteligencia\/wp-json\/wp\/v2\/media?parent=2062"}],"wp:term":[{"taxonomy":"category","embeddable":true,"href":"https:\/\/www.prix.com.br\/prisma-inteligencia\/wp-json\/wp\/v2\/categories?post=2062"},{"taxonomy":"post_tag","embeddable":true,"href":"https:\/\/www.prix.com.br\/prisma-inteligencia\/wp-json\/wp\/v2\/tags?post=2062"}],"curies":[{"name":"wp","href":"https:\/\/api.w.org\/{rel}","templated":true}]}}