{"id":2094,"date":"2023-09-29T14:03:15","date_gmt":"2023-09-29T17:03:15","guid":{"rendered":"https:\/\/www.prix.com.br\/prisma-inteligencia\/?p=2094"},"modified":"2023-09-29T14:03:16","modified_gmt":"2023-09-29T17:03:16","slug":"brasileiros-em-portugal-nao-param-de-crescer","status":"publish","type":"post","link":"https:\/\/www.prix.com.br\/prisma-inteligencia\/brasileiros-em-portugal-nao-param-de-crescer\/","title":{"rendered":"BRASILEIROS EM PORTUGAL N\u00c3O PARAM DE CRESCER"},"content":{"rendered":"\n\n\n<p>Nem uma pandemia mundial arrefeceu a vontade dos brasileiros em mudar de vida e buscar outro pa\u00eds para morar. J\u00e1 s\u00e3o mais de 393 mil brasileiros com moradia em Portugal. Os brasileiros recuperaram o tempo perdido no per\u00edodo da pandemia, aumentaram o ritmo e agora n\u00e3o param de solicitar vistos para o territ\u00f3rio portugu\u00eas. Todo esse movimento tem raz\u00e3o ser. A proximidade cultural e a l\u00edngua em comum, interesses econ\u00f4micos e mesmo quest\u00f5es familiares, fazem com que Portugal tenha a entrada facilitada aos brasileiros, seja para estudo, trabalho ou mesmo para curtir a aposentadoria. &nbsp;<\/p>\n\n\n\n<p>Com o arrastar da pandemia por praticamente todo o ano de 2020 e 2021, o n\u00famero de brasileiros vindo para Portugal caiu menos do que se esperava. Muitos retornaram, perderam seus empregos. A infla\u00e7\u00e3o alta na Europa e o aumento exponencial dos pre\u00e7os dos alugu\u00e9is nas grandes cidades portuguesas acabaram por contribuir com a queda no ritmo de brasileiros em terras lusitanas.<\/p>\n\n\n\n<p>Hoje, a quantidade de brasileiros em situa\u00e7\u00e3o legal em Portugal realmente \u00e9 gigante. A popula\u00e7\u00e3o brasileira residente no pa\u00eds, segundo o SEF- Servi\u00e7o de Estrangeiros e Fronteiras j\u00e1 passa dos 393 mil residentes legais. Isto \u00e9: aqueles com resid\u00eancia permanente e tempor\u00e1ria. Segundo o SEF, os brasileiros mant\u00eam-se como a principal comunidade estrangeira residente no pa\u00eds, o que representou no ano passado 40% dos que escolheram as cidades de Lisboa, Cascais, Sintra, Porto e Braga como sua nova moradia. S\u00f3 para se ter uma ideia desse crescimento, no final do ano passado viviam em Portugal 239.744 brasileiros, significando que s\u00f3 em 2023 o crescimento foi de 36%. &nbsp;<\/p>\n\n\n\n<p>Por outro lado, tamb\u00e9m chama aten\u00e7\u00e3o, que s\u00f3 neste ano aproximadamente 153 mil brasileiros adquiriram o t\u00edtulo de resid\u00eancia no pa\u00eds. O n\u00famero de pedidos para vistos de autoriza\u00e7\u00e3o de resid\u00eancia n\u00e3o parou de crescer. O governo portugu\u00eas simplificou o sistema de concess\u00e3o de autoriza\u00e7\u00f5es de resid\u00eancia aos cidad\u00e3os da Comunidade dos Pa\u00edses de L\u00edngua Portuguesa (CPLP), que desde a sua cria\u00e7\u00e3o, em mar\u00e7o, foi utilizado por 154 mil estrangeiros, a maioria brasileiros. <strong><\/strong><\/p>\n\n\n\n<p>Portanto, seja para trabalhar, estudar ou curtir a vida, Portugal continua como uma das melhores op\u00e7\u00f5es para os brasileiros.&nbsp;<\/p>\n","protected":false},"excerpt":{"rendered":"<p>Nem uma pandemia mundial arrefeceu a vontade dos brasileiros em mudar de vida e buscar outro pa\u00eds para morar. J\u00e1 s\u00e3o mais de 393 mil brasileiros com moradia em Portugal. Os brasileiros recuperaram o tempo perdido no per\u00edodo da pandemia, aumentaram o ritmo e agora n\u00e3o param de solicitar vistos para o territ\u00f3rio portugu\u00eas. Todo [&#8230;]\n","protected":false},"author":6,"featured_media":2095,"comment_status":"open","ping_status":"open","sticky":false,"template":"","format":"standard","meta":[],"categories":[1],"tags":[],"yoast_head":"<!-- This site is optimized with the Yoast SEO plugin v21.8.1 - https:\/\/yoast.com\/wordpress\/plugins\/seo\/ -->\n<title>BRASILEIROS EM PORTUGAL N\u00c3O PARAM DE CRESCER - Prisma Intelig\u00eancia<\/title>\n<meta name=\"robots\" content=\"index, follow, max-snippet:-1, max-image-preview:large, max-video-preview:-1\" \/>\n<link rel=\"canonical\" href=\"https:\/\/www.prix.com.br\/prisma-inteligencia\/brasileiros-em-portugal-nao-param-de-crescer\/\" \/>\n<meta property=\"og:locale\" content=\"pt_BR\" \/>\n<meta property=\"og:type\" content=\"article\" \/>\n<meta property=\"og:title\" content=\"BRASILEIROS EM PORTUGAL N\u00c3O PARAM DE CRESCER - Prisma Intelig\u00eancia\" \/>\n<meta property=\"og:description\" content=\"Nem uma pandemia mundial arrefeceu a vontade dos brasileiros em mudar de vida e buscar outro pa\u00eds para morar. J\u00e1 s\u00e3o mais de 393 mil brasileiros com moradia em Portugal. Os brasileiros recuperaram o tempo perdido no per\u00edodo da pandemia, aumentaram o ritmo e agora n\u00e3o param de solicitar vistos para o territ\u00f3rio portugu\u00eas. Todo [...]\" \/>\n<meta property=\"og:url\" content=\"https:\/\/www.prix.com.br\/prisma-inteligencia\/brasileiros-em-portugal-nao-param-de-crescer\/\" \/>\n<meta property=\"og:site_name\" content=\"Prisma Intelig\u00eancia\" \/>\n<meta property=\"article:published_time\" content=\"2023-09-29T17:03:15+00:00\" \/>\n<meta property=\"article:modified_time\" content=\"2023-09-29T17:03:16+00:00\" \/>\n<meta property=\"og:image\" content=\"http:\/\/www.prix.com.br\/prisma-inteligencia\/wp-content\/uploads\/2023\/09\/IMG_20190110_160027560_HDR-scaled.jpg\" \/>\n\t<meta property=\"og:image:width\" content=\"1920\" \/>\n\t<meta property=\"og:image:height\" content=\"2560\" \/>\n\t<meta property=\"og:image:type\" content=\"image\/jpeg\" \/>\n<meta name=\"author\" content=\"Matheus Galv\u00e3o\" \/>\n<meta name=\"twitter:card\" content=\"summary_large_image\" \/>\n<meta name=\"twitter:label1\" content=\"Escrito por\" \/>\n\t<meta name=\"twitter:data1\" content=\"Matheus Galv\u00e3o\" \/>\n\t<meta name=\"twitter:label2\" content=\"Est. tempo de leitura\" \/>\n\t<meta name=\"twitter:data2\" content=\"2 minutos\" \/>\n<script type=\"application\/ld+json\" class=\"yoast-schema-graph\">{\"@context\":\"https:\/\/schema.org\",\"@graph\":[{\"@type\":\"Article\",\"@id\":\"https:\/\/www.prix.com.br\/prisma-inteligencia\/brasileiros-em-portugal-nao-param-de-crescer\/#article\",\"isPartOf\":{\"@id\":\"https:\/\/www.prix.com.br\/prisma-inteligencia\/brasileiros-em-portugal-nao-param-de-crescer\/\"},\"author\":{\"name\":\"Matheus Galv\u00e3o\",\"@id\":\"https:\/\/www.prix.com.br\/prisma-inteligencia\/#\/schema\/person\/976579f27135ac1cbd1a49da1a78347f\"},\"headline\":\"BRASILEIROS EM PORTUGAL N\u00c3O PARAM DE CRESCER\",\"datePublished\":\"2023-09-29T17:03:15+00:00\",\"dateModified\":\"2023-09-29T17:03:16+00:00\",\"mainEntityOfPage\":{\"@id\":\"https:\/\/www.prix.com.br\/prisma-inteligencia\/brasileiros-em-portugal-nao-param-de-crescer\/\"},\"wordCount\":395,\"commentCount\":0,\"publisher\":{\"@id\":\"https:\/\/www.prix.com.br\/prisma-inteligencia\/#organization\"},\"inLanguage\":\"pt-BR\",\"potentialAction\":[{\"@type\":\"CommentAction\",\"name\":\"Comment\",\"target\":[\"https:\/\/www.prix.com.br\/prisma-inteligencia\/brasileiros-em-portugal-nao-param-de-crescer\/#respond\"]}]},{\"@type\":\"WebPage\",\"@id\":\"https:\/\/www.prix.com.br\/prisma-inteligencia\/brasileiros-em-portugal-nao-param-de-crescer\/\",\"url\":\"https:\/\/www.prix.com.br\/prisma-inteligencia\/brasileiros-em-portugal-nao-param-de-crescer\/\",\"name\":\"BRASILEIROS EM PORTUGAL N\u00c3O PARAM DE CRESCER - Prisma Intelig\u00eancia\",\"isPartOf\":{\"@id\":\"https:\/\/www.prix.com.br\/prisma-inteligencia\/#website\"},\"datePublished\":\"2023-09-29T17:03:15+00:00\",\"dateModified\":\"2023-09-29T17:03:16+00:00\",\"breadcrumb\":{\"@id\":\"https:\/\/www.prix.com.br\/prisma-inteligencia\/brasileiros-em-portugal-nao-param-de-crescer\/#breadcrumb\"},\"inLanguage\":\"pt-BR\",\"potentialAction\":[{\"@type\":\"ReadAction\",\"target\":[\"https:\/\/www.prix.com.br\/prisma-inteligencia\/brasileiros-em-portugal-nao-param-de-crescer\/\"]}]},{\"@type\":\"BreadcrumbList\",\"@id\":\"https:\/\/www.prix.com.br\/prisma-inteligencia\/brasileiros-em-portugal-nao-param-de-crescer\/#breadcrumb\",\"itemListElement\":[{\"@type\":\"ListItem\",\"position\":1,\"name\":\"In\u00edcio\",\"item\":\"https:\/\/www.prix.com.br\/prisma-inteligencia\/\"},{\"@type\":\"ListItem\",\"position\":2,\"name\":\"BRASILEIROS EM PORTUGAL N\u00c3O PARAM DE CRESCER\"}]},{\"@type\":\"WebSite\",\"@id\":\"https:\/\/www.prix.com.br\/prisma-inteligencia\/#website\",\"url\":\"https:\/\/www.prix.com.br\/prisma-inteligencia\/\",\"name\":\"Prisma Intelig\u00eancia\",\"description\":\"Segundo o Instituto Ipsos especializado em h\u00e1bitos de consumo e comunica\u00e7\u00e3o, somos impactados diariamente, por mais seis mil mensagens publicit\u00e1rias.\",\"publisher\":{\"@id\":\"https:\/\/www.prix.com.br\/prisma-inteligencia\/#organization\"},\"potentialAction\":[{\"@type\":\"SearchAction\",\"target\":{\"@type\":\"EntryPoint\",\"urlTemplate\":\"https:\/\/www.prix.com.br\/prisma-inteligencia\/?s={search_term_string}\"},\"query-input\":\"required name=search_term_string\"}],\"inLanguage\":\"pt-BR\"},{\"@type\":\"Organization\",\"@id\":\"https:\/\/www.prix.com.br\/prisma-inteligencia\/#organization\",\"name\":\"Prisma Intelig\u00eancia\",\"url\":\"https:\/\/www.prix.com.br\/prisma-inteligencia\/\",\"logo\":{\"@type\":\"ImageObject\",\"inLanguage\":\"pt-BR\",\"@id\":\"https:\/\/www.prix.com.br\/prisma-inteligencia\/#\/schema\/logo\/image\/\",\"url\":\"https:\/\/www.prix.com.br\/prisma-inteligencia\/wp-content\/uploads\/2019\/09\/Logo-Prisma.png\",\"contentUrl\":\"https:\/\/www.prix.com.br\/prisma-inteligencia\/wp-content\/uploads\/2019\/09\/Logo-Prisma.png\",\"width\":554,\"height\":154,\"caption\":\"Prisma Intelig\u00eancia\"},\"image\":{\"@id\":\"https:\/\/www.prix.com.br\/prisma-inteligencia\/#\/schema\/logo\/image\/\"}},{\"@type\":\"Person\",\"@id\":\"https:\/\/www.prix.com.br\/prisma-inteligencia\/#\/schema\/person\/976579f27135ac1cbd1a49da1a78347f\",\"name\":\"Matheus Galv\u00e3o\",\"image\":{\"@type\":\"ImageObject\",\"inLanguage\":\"pt-BR\",\"@id\":\"https:\/\/www.prix.com.br\/prisma-inteligencia\/#\/schema\/person\/image\/\",\"url\":\"https:\/\/secure.gravatar.com\/avatar\/01a73771894dcb861cd73e5da454e0d0?s=96&d=mm&r=g\",\"contentUrl\":\"https:\/\/secure.gravatar.com\/avatar\/01a73771894dcb861cd73e5da454e0d0?s=96&d=mm&r=g\",\"caption\":\"Matheus Galv\u00e3o\"},\"sameAs\":[\"http:\/\/www.prix.com.br\/prisma-inteligencia\/\"],\"url\":\"https:\/\/www.prix.com.br\/prisma-inteligencia\/author\/matheusgalvao\/\"}]}<\/script>\n<!-- \/ Yoast SEO plugin. -->","yoast_head_json":{"title":"BRASILEIROS EM PORTUGAL N\u00c3O PARAM DE CRESCER - Prisma Intelig\u00eancia","robots":{"index":"index","follow":"follow","max-snippet":"max-snippet:-1","max-image-preview":"max-image-preview:large","max-video-preview":"max-video-preview:-1"},"canonical":"https:\/\/www.prix.com.br\/prisma-inteligencia\/brasileiros-em-portugal-nao-param-de-crescer\/","og_locale":"pt_BR","og_type":"article","og_title":"BRASILEIROS EM PORTUGAL N\u00c3O PARAM DE CRESCER - Prisma Intelig\u00eancia","og_description":"Nem uma pandemia mundial arrefeceu a vontade dos brasileiros em mudar de vida e buscar outro pa\u00eds para morar. J\u00e1 s\u00e3o mais de 393 mil brasileiros com moradia em Portugal. Os brasileiros recuperaram o tempo perdido no per\u00edodo da pandemia, aumentaram o ritmo e agora n\u00e3o param de solicitar vistos para o territ\u00f3rio portugu\u00eas. Todo [...]","og_url":"https:\/\/www.prix.com.br\/prisma-inteligencia\/brasileiros-em-portugal-nao-param-de-crescer\/","og_site_name":"Prisma Intelig\u00eancia","article_published_time":"2023-09-29T17:03:15+00:00","article_modified_time":"2023-09-29T17:03:16+00:00","og_image":[{"width":1920,"height":2560,"url":"http:\/\/www.prix.com.br\/prisma-inteligencia\/wp-content\/uploads\/2023\/09\/IMG_20190110_160027560_HDR-scaled.jpg","type":"image\/jpeg"}],"author":"Matheus Galv\u00e3o","twitter_card":"summary_large_image","twitter_misc":{"Escrito por":"Matheus Galv\u00e3o","Est. tempo de leitura":"2 minutos"},"schema":{"@context":"https:\/\/schema.org","@graph":[{"@type":"Article","@id":"https:\/\/www.prix.com.br\/prisma-inteligencia\/brasileiros-em-portugal-nao-param-de-crescer\/#article","isPartOf":{"@id":"https:\/\/www.prix.com.br\/prisma-inteligencia\/brasileiros-em-portugal-nao-param-de-crescer\/"},"author":{"name":"Matheus Galv\u00e3o","@id":"https:\/\/www.prix.com.br\/prisma-inteligencia\/#\/schema\/person\/976579f27135ac1cbd1a49da1a78347f"},"headline":"BRASILEIROS EM PORTUGAL N\u00c3O PARAM DE CRESCER","datePublished":"2023-09-29T17:03:15+00:00","dateModified":"2023-09-29T17:03:16+00:00","mainEntityOfPage":{"@id":"https:\/\/www.prix.com.br\/prisma-inteligencia\/brasileiros-em-portugal-nao-param-de-crescer\/"},"wordCount":395,"commentCount":0,"publisher":{"@id":"https:\/\/www.prix.com.br\/prisma-inteligencia\/#organization"},"inLanguage":"pt-BR","potentialAction":[{"@type":"CommentAction","name":"Comment","target":["https:\/\/www.prix.com.br\/prisma-inteligencia\/brasileiros-em-portugal-nao-param-de-crescer\/#respond"]}]},{"@type":"WebPage","@id":"https:\/\/www.prix.com.br\/prisma-inteligencia\/brasileiros-em-portugal-nao-param-de-crescer\/","url":"https:\/\/www.prix.com.br\/prisma-inteligencia\/brasileiros-em-portugal-nao-param-de-crescer\/","name":"BRASILEIROS EM PORTUGAL N\u00c3O PARAM DE CRESCER - Prisma Intelig\u00eancia","isPartOf":{"@id":"https:\/\/www.prix.com.br\/prisma-inteligencia\/#website"},"datePublished":"2023-09-29T17:03:15+00:00","dateModified":"2023-09-29T17:03:16+00:00","breadcrumb":{"@id":"https:\/\/www.prix.com.br\/prisma-inteligencia\/brasileiros-em-portugal-nao-param-de-crescer\/#breadcrumb"},"inLanguage":"pt-BR","potentialAction":[{"@type":"ReadAction","target":["https:\/\/www.prix.com.br\/prisma-inteligencia\/brasileiros-em-portugal-nao-param-de-crescer\/"]}]},{"@type":"BreadcrumbList","@id":"https:\/\/www.prix.com.br\/prisma-inteligencia\/brasileiros-em-portugal-nao-param-de-crescer\/#breadcrumb","itemListElement":[{"@type":"ListItem","position":1,"name":"In\u00edcio","item":"https:\/\/www.prix.com.br\/prisma-inteligencia\/"},{"@type":"ListItem","position":2,"name":"BRASILEIROS EM PORTUGAL N\u00c3O PARAM DE CRESCER"}]},{"@type":"WebSite","@id":"https:\/\/www.prix.com.br\/prisma-inteligencia\/#website","url":"https:\/\/www.prix.com.br\/prisma-inteligencia\/","name":"Prisma Intelig\u00eancia","description":"Segundo o Instituto Ipsos especializado em h\u00e1bitos de consumo e comunica\u00e7\u00e3o, somos impactados diariamente, por mais seis mil mensagens publicit\u00e1rias.","publisher":{"@id":"https:\/\/www.prix.com.br\/prisma-inteligencia\/#organization"},"potentialAction":[{"@type":"SearchAction","target":{"@type":"EntryPoint","urlTemplate":"https:\/\/www.prix.com.br\/prisma-inteligencia\/?s={search_term_string}"},"query-input":"required name=search_term_string"}],"inLanguage":"pt-BR"},{"@type":"Organization","@id":"https:\/\/www.prix.com.br\/prisma-inteligencia\/#organization","name":"Prisma Intelig\u00eancia","url":"https:\/\/www.prix.com.br\/prisma-inteligencia\/","logo":{"@type":"ImageObject","inLanguage":"pt-BR","@id":"https:\/\/www.prix.com.br\/prisma-inteligencia\/#\/schema\/logo\/image\/","url":"https:\/\/www.prix.com.br\/prisma-inteligencia\/wp-content\/uploads\/2019\/09\/Logo-Prisma.png","contentUrl":"https:\/\/www.prix.com.br\/prisma-inteligencia\/wp-content\/uploads\/2019\/09\/Logo-Prisma.png","width":554,"height":154,"caption":"Prisma Intelig\u00eancia"},"image":{"@id":"https:\/\/www.prix.com.br\/prisma-inteligencia\/#\/schema\/logo\/image\/"}},{"@type":"Person","@id":"https:\/\/www.prix.com.br\/prisma-inteligencia\/#\/schema\/person\/976579f27135ac1cbd1a49da1a78347f","name":"Matheus Galv\u00e3o","image":{"@type":"ImageObject","inLanguage":"pt-BR","@id":"https:\/\/www.prix.com.br\/prisma-inteligencia\/#\/schema\/person\/image\/","url":"https:\/\/secure.gravatar.com\/avatar\/01a73771894dcb861cd73e5da454e0d0?s=96&d=mm&r=g","contentUrl":"https:\/\/secure.gravatar.com\/avatar\/01a73771894dcb861cd73e5da454e0d0?s=96&d=mm&r=g","caption":"Matheus Galv\u00e3o"},"sameAs":["http:\/\/www.prix.com.br\/prisma-inteligencia\/"],"url":"https:\/\/www.prix.com.br\/prisma-inteligencia\/author\/matheusgalvao\/"}]}},"_links":{"self":[{"href":"https:\/\/www.prix.com.br\/prisma-inteligencia\/wp-json\/wp\/v2\/posts\/2094"}],"collection":[{"href":"https:\/\/www.prix.com.br\/prisma-inteligencia\/wp-json\/wp\/v2\/posts"}],"about":[{"href":"https:\/\/www.prix.com.br\/prisma-inteligencia\/wp-json\/wp\/v2\/types\/post"}],"author":[{"embeddable":true,"href":"https:\/\/www.prix.com.br\/prisma-inteligencia\/wp-json\/wp\/v2\/users\/6"}],"replies":[{"embeddable":true,"href":"https:\/\/www.prix.com.br\/prisma-inteligencia\/wp-json\/wp\/v2\/comments?post=2094"}],"version-history":[{"count":1,"href":"https:\/\/www.prix.com.br\/prisma-inteligencia\/wp-json\/wp\/v2\/posts\/2094\/revisions"}],"predecessor-version":[{"id":2096,"href":"https:\/\/www.prix.com.br\/prisma-inteligencia\/wp-json\/wp\/v2\/posts\/2094\/revisions\/2096"}],"wp:featuredmedia":[{"embeddable":true,"href":"https:\/\/www.prix.com.br\/prisma-inteligencia\/wp-json\/wp\/v2\/media\/2095"}],"wp:attachment":[{"href":"https:\/\/www.prix.com.br\/prisma-inteligencia\/wp-json\/wp\/v2\/media?parent=2094"}],"wp:term":[{"taxonomy":"category","embeddable":true,"href":"https:\/\/www.prix.com.br\/prisma-inteligencia\/wp-json\/wp\/v2\/categories?post=2094"},{"taxonomy":"post_tag","embeddable":true,"href":"https:\/\/www.prix.com.br\/prisma-inteligencia\/wp-json\/wp\/v2\/tags?post=2094"}],"curies":[{"name":"wp","href":"https:\/\/api.w.org\/{rel}","templated":true}]}}