{"id":2098,"date":"2023-10-06T11:24:25","date_gmt":"2023-10-06T14:24:25","guid":{"rendered":"https:\/\/www.prix.com.br\/prisma-inteligencia\/?p=2098"},"modified":"2023-10-06T11:25:33","modified_gmt":"2023-10-06T14:25:33","slug":"espm-no-espirito-santo","status":"publish","type":"post","link":"https:\/\/www.prix.com.br\/prisma-inteligencia\/espm-no-espirito-santo\/","title":{"rendered":"ESPM no Esp\u00edrito Santo: Uma Nova Era para a Educa\u00e7\u00e3o em Comunica\u00e7\u00e3o e Marketing"},"content":{"rendered":"\n\n\n<p>Estamos empolgados que a ESPM uma das institui\u00e7\u00f5es mais prestigiadas do Brasil na \u00e1rea de Comunica\u00e7\u00e3o e Marketing, agora est\u00e1 presente no Esp\u00edrito Santo! A parceria entre n\u00f3s do Grupo Prix e a Universidade de Vila Velha traz a renomada Escola Superior de Propaganda e Marketing para Vit\u00f3ria, tornando-a mais pr\u00f3xima do que nunca.<\/p>\n\n\n\n<p>A chegada da ESPM ao Esp\u00edrito Santo marca o in\u00edcio de uma nova era na educa\u00e7\u00e3o, trazendo consigo toda a experi\u00eancia, inova\u00e7\u00e3o e excel\u00eancia acad\u00eamica que a ESPM \u00e9 conhecida por oferecer. Reconhecida tanto nacional quanto internacionalmente como uma das principais refer\u00eancias em educa\u00e7\u00e3o na \u00e1rea de Comunica\u00e7\u00e3o, a escola possui mais de 70 anos de hist\u00f3ria, contribuindo para a forma\u00e7\u00e3o de profissionais de destaque em todo o Brasil.<\/p>\n\n\n\n<p>A inaugura\u00e7\u00e3o desta unidade no Esp\u00edrito Santo \u00e9 uma conquista significativa para todos aqueles que buscam aprimorar seus conhecimentos e habilidades nas \u00e1reas de Comunica\u00e7\u00e3o e Marketing. Al\u00e9m disso, estamos orgulhosos de anunciar o lan\u00e7amento do curso in\u00e9dito de P\u00f3s-Gradua\u00e7\u00e3o, o <strong><em>MBA em Neg\u00f3cios Disruptivos e Marketing<\/em><\/strong>, que ser\u00e1 ministrado por professores experientes e reconhecidos no mercado.<\/p>\n\n\n\n<p>Este MBA ser\u00e1 oferecido em um formato h\u00edbrido, com encontros presenciais mensais, proporcionando uma experi\u00eancia de aprendizado din\u00e2mica e pr\u00e1tica. Os encontros presenciais ser\u00e3o realizados na UVV Highline, localizada na Enseada do Su\u00e1, em Vit\u00f3ria.<\/p>\n\n\n\n<p>O diretor-presidente do Grupo Prix, Fernando Manh\u00e3es, enfatiza a import\u00e2ncia do MBA ao mercado capixaba:<\/p>\n\n\n\n<figure class=\"wp-block-embed is-type-video is-provider-youtube wp-block-embed-youtube wp-embed-aspect-16-9 wp-has-aspect-ratio\"><div class=\"wp-block-embed__wrapper\">\n<iframe loading=\"lazy\" title=\"ESPM em Vit\u00f3ria\" width=\"1020\" height=\"574\" src=\"https:\/\/www.youtube.com\/embed\/A_QEjepWBdY?feature=oembed\" frameborder=\"0\" allow=\"accelerometer; autoplay; clipboard-write; encrypted-media; gyroscope; picture-in-picture; web-share\" allowfullscreen><\/iframe>\n<\/div><\/figure>\n\n\n\n<p>Quer saber mais sobre a ESPM no Esp\u00edrito Santo pode impulsionar sua carreira? Acesse o site e saiba mais o que essa jornada de aprendizado e crescimento pode oferecer!<\/p>\n\n\n\n<div class=\"wp-block-buttons is-layout-flex\">\n<div class=\"wp-block-button is-style-outline\"><a class=\"wp-block-button__link wp-element-button\" href=\"https:\/\/www.espm.br\/cursos\/pos-graduacao\/mba\/mba-em-negocios-disruptivos-e-marketing-vitoria\/\" target=\"_blank\" rel=\"noreferrer noopener\">Clique aqui e saiba mais!<\/a><\/div>\n<\/div>\n","protected":false},"excerpt":{"rendered":"<p>Estamos empolgados que a ESPM uma das institui\u00e7\u00f5es mais prestigiadas do Brasil na \u00e1rea de Comunica\u00e7\u00e3o e Marketing, agora est\u00e1 presente no Esp\u00edrito Santo! A parceria entre n\u00f3s do Grupo Prix e a Universidade de Vila Velha traz a renomada Escola Superior de Propaganda e Marketing para Vit\u00f3ria, tornando-a mais pr\u00f3xima do que nunca. A [&#8230;]\n","protected":false},"author":6,"featured_media":2099,"comment_status":"open","ping_status":"open","sticky":false,"template":"","format":"standard","meta":[],"categories":[1],"tags":[],"yoast_head":"<!-- This site is optimized with the Yoast SEO plugin v21.8.1 - https:\/\/yoast.com\/wordpress\/plugins\/seo\/ -->\n<title>ESPM no Esp\u00edrito Santo: Uma Nova Era para a Educa\u00e7\u00e3o em Comunica\u00e7\u00e3o e Marketing - Prisma Intelig\u00eancia<\/title>\n<meta name=\"robots\" content=\"index, follow, max-snippet:-1, max-image-preview:large, max-video-preview:-1\" \/>\n<link rel=\"canonical\" href=\"https:\/\/www.prix.com.br\/prisma-inteligencia\/espm-no-espirito-santo\/\" \/>\n<meta property=\"og:locale\" content=\"pt_BR\" \/>\n<meta property=\"og:type\" content=\"article\" \/>\n<meta property=\"og:title\" content=\"ESPM no Esp\u00edrito Santo: Uma Nova Era para a Educa\u00e7\u00e3o em Comunica\u00e7\u00e3o e Marketing - Prisma Intelig\u00eancia\" \/>\n<meta property=\"og:description\" content=\"Estamos empolgados que a ESPM uma das institui\u00e7\u00f5es mais prestigiadas do Brasil na \u00e1rea de Comunica\u00e7\u00e3o e Marketing, agora est\u00e1 presente no Esp\u00edrito Santo! A parceria entre n\u00f3s do Grupo Prix e a Universidade de Vila Velha traz a renomada Escola Superior de Propaganda e Marketing para Vit\u00f3ria, tornando-a mais pr\u00f3xima do que nunca. A [...]\" \/>\n<meta property=\"og:url\" content=\"https:\/\/www.prix.com.br\/prisma-inteligencia\/espm-no-espirito-santo\/\" \/>\n<meta property=\"og:site_name\" content=\"Prisma Intelig\u00eancia\" \/>\n<meta property=\"article:published_time\" content=\"2023-10-06T14:24:25+00:00\" \/>\n<meta property=\"article:modified_time\" content=\"2023-10-06T14:25:33+00:00\" \/>\n<meta property=\"og:image\" content=\"http:\/\/www.prix.com.br\/prisma-inteligencia\/wp-content\/uploads\/2023\/10\/ESPM-Vix-e1689188979525-1068x697.jpg-1.png\" \/>\n\t<meta property=\"og:image:width\" content=\"1068\" \/>\n\t<meta property=\"og:image:height\" content=\"697\" \/>\n\t<meta property=\"og:image:type\" content=\"image\/png\" \/>\n<meta name=\"author\" content=\"Matheus Galv\u00e3o\" \/>\n<meta name=\"twitter:card\" content=\"summary_large_image\" \/>\n<meta name=\"twitter:label1\" content=\"Escrito por\" \/>\n\t<meta name=\"twitter:data1\" content=\"Matheus Galv\u00e3o\" \/>\n\t<meta name=\"twitter:label2\" content=\"Est. tempo de leitura\" \/>\n\t<meta name=\"twitter:data2\" content=\"2 minutos\" \/>\n<script type=\"application\/ld+json\" class=\"yoast-schema-graph\">{\"@context\":\"https:\/\/schema.org\",\"@graph\":[{\"@type\":\"Article\",\"@id\":\"https:\/\/www.prix.com.br\/prisma-inteligencia\/espm-no-espirito-santo\/#article\",\"isPartOf\":{\"@id\":\"https:\/\/www.prix.com.br\/prisma-inteligencia\/espm-no-espirito-santo\/\"},\"author\":{\"name\":\"Matheus Galv\u00e3o\",\"@id\":\"https:\/\/www.prix.com.br\/prisma-inteligencia\/#\/schema\/person\/976579f27135ac1cbd1a49da1a78347f\"},\"headline\":\"ESPM no Esp\u00edrito Santo: Uma Nova Era para a Educa\u00e7\u00e3o em Comunica\u00e7\u00e3o e Marketing\",\"datePublished\":\"2023-10-06T14:24:25+00:00\",\"dateModified\":\"2023-10-06T14:25:33+00:00\",\"mainEntityOfPage\":{\"@id\":\"https:\/\/www.prix.com.br\/prisma-inteligencia\/espm-no-espirito-santo\/\"},\"wordCount\":322,\"commentCount\":0,\"publisher\":{\"@id\":\"https:\/\/www.prix.com.br\/prisma-inteligencia\/#organization\"},\"inLanguage\":\"pt-BR\",\"potentialAction\":[{\"@type\":\"CommentAction\",\"name\":\"Comment\",\"target\":[\"https:\/\/www.prix.com.br\/prisma-inteligencia\/espm-no-espirito-santo\/#respond\"]}]},{\"@type\":\"WebPage\",\"@id\":\"https:\/\/www.prix.com.br\/prisma-inteligencia\/espm-no-espirito-santo\/\",\"url\":\"https:\/\/www.prix.com.br\/prisma-inteligencia\/espm-no-espirito-santo\/\",\"name\":\"ESPM no Esp\u00edrito Santo: Uma Nova Era para a Educa\u00e7\u00e3o em Comunica\u00e7\u00e3o e Marketing - Prisma Intelig\u00eancia\",\"isPartOf\":{\"@id\":\"https:\/\/www.prix.com.br\/prisma-inteligencia\/#website\"},\"datePublished\":\"2023-10-06T14:24:25+00:00\",\"dateModified\":\"2023-10-06T14:25:33+00:00\",\"breadcrumb\":{\"@id\":\"https:\/\/www.prix.com.br\/prisma-inteligencia\/espm-no-espirito-santo\/#breadcrumb\"},\"inLanguage\":\"pt-BR\",\"potentialAction\":[{\"@type\":\"ReadAction\",\"target\":[\"https:\/\/www.prix.com.br\/prisma-inteligencia\/espm-no-espirito-santo\/\"]}]},{\"@type\":\"BreadcrumbList\",\"@id\":\"https:\/\/www.prix.com.br\/prisma-inteligencia\/espm-no-espirito-santo\/#breadcrumb\",\"itemListElement\":[{\"@type\":\"ListItem\",\"position\":1,\"name\":\"In\u00edcio\",\"item\":\"https:\/\/www.prix.com.br\/prisma-inteligencia\/\"},{\"@type\":\"ListItem\",\"position\":2,\"name\":\"ESPM no Esp\u00edrito Santo: Uma Nova Era para a Educa\u00e7\u00e3o em Comunica\u00e7\u00e3o e Marketing\"}]},{\"@type\":\"WebSite\",\"@id\":\"https:\/\/www.prix.com.br\/prisma-inteligencia\/#website\",\"url\":\"https:\/\/www.prix.com.br\/prisma-inteligencia\/\",\"name\":\"Prisma Intelig\u00eancia\",\"description\":\"Segundo o Instituto Ipsos especializado em h\u00e1bitos de consumo e comunica\u00e7\u00e3o, somos impactados diariamente, por mais seis mil mensagens publicit\u00e1rias.\",\"publisher\":{\"@id\":\"https:\/\/www.prix.com.br\/prisma-inteligencia\/#organization\"},\"potentialAction\":[{\"@type\":\"SearchAction\",\"target\":{\"@type\":\"EntryPoint\",\"urlTemplate\":\"https:\/\/www.prix.com.br\/prisma-inteligencia\/?s={search_term_string}\"},\"query-input\":\"required name=search_term_string\"}],\"inLanguage\":\"pt-BR\"},{\"@type\":\"Organization\",\"@id\":\"https:\/\/www.prix.com.br\/prisma-inteligencia\/#organization\",\"name\":\"Prisma Intelig\u00eancia\",\"url\":\"https:\/\/www.prix.com.br\/prisma-inteligencia\/\",\"logo\":{\"@type\":\"ImageObject\",\"inLanguage\":\"pt-BR\",\"@id\":\"https:\/\/www.prix.com.br\/prisma-inteligencia\/#\/schema\/logo\/image\/\",\"url\":\"https:\/\/www.prix.com.br\/prisma-inteligencia\/wp-content\/uploads\/2019\/09\/Logo-Prisma.png\",\"contentUrl\":\"https:\/\/www.prix.com.br\/prisma-inteligencia\/wp-content\/uploads\/2019\/09\/Logo-Prisma.png\",\"width\":554,\"height\":154,\"caption\":\"Prisma Intelig\u00eancia\"},\"image\":{\"@id\":\"https:\/\/www.prix.com.br\/prisma-inteligencia\/#\/schema\/logo\/image\/\"}},{\"@type\":\"Person\",\"@id\":\"https:\/\/www.prix.com.br\/prisma-inteligencia\/#\/schema\/person\/976579f27135ac1cbd1a49da1a78347f\",\"name\":\"Matheus Galv\u00e3o\",\"image\":{\"@type\":\"ImageObject\",\"inLanguage\":\"pt-BR\",\"@id\":\"https:\/\/www.prix.com.br\/prisma-inteligencia\/#\/schema\/person\/image\/\",\"url\":\"https:\/\/secure.gravatar.com\/avatar\/01a73771894dcb861cd73e5da454e0d0?s=96&d=mm&r=g\",\"contentUrl\":\"https:\/\/secure.gravatar.com\/avatar\/01a73771894dcb861cd73e5da454e0d0?s=96&d=mm&r=g\",\"caption\":\"Matheus Galv\u00e3o\"},\"sameAs\":[\"http:\/\/www.prix.com.br\/prisma-inteligencia\/\"],\"url\":\"https:\/\/www.prix.com.br\/prisma-inteligencia\/author\/matheusgalvao\/\"}]}<\/script>\n<!-- \/ Yoast SEO plugin. -->","yoast_head_json":{"title":"ESPM no Esp\u00edrito Santo: Uma Nova Era para a Educa\u00e7\u00e3o em Comunica\u00e7\u00e3o e Marketing - Prisma Intelig\u00eancia","robots":{"index":"index","follow":"follow","max-snippet":"max-snippet:-1","max-image-preview":"max-image-preview:large","max-video-preview":"max-video-preview:-1"},"canonical":"https:\/\/www.prix.com.br\/prisma-inteligencia\/espm-no-espirito-santo\/","og_locale":"pt_BR","og_type":"article","og_title":"ESPM no Esp\u00edrito Santo: Uma Nova Era para a Educa\u00e7\u00e3o em Comunica\u00e7\u00e3o e Marketing - Prisma Intelig\u00eancia","og_description":"Estamos empolgados que a ESPM uma das institui\u00e7\u00f5es mais prestigiadas do Brasil na \u00e1rea de Comunica\u00e7\u00e3o e Marketing, agora est\u00e1 presente no Esp\u00edrito Santo! A parceria entre n\u00f3s do Grupo Prix e a Universidade de Vila Velha traz a renomada Escola Superior de Propaganda e Marketing para Vit\u00f3ria, tornando-a mais pr\u00f3xima do que nunca. A [...]","og_url":"https:\/\/www.prix.com.br\/prisma-inteligencia\/espm-no-espirito-santo\/","og_site_name":"Prisma Intelig\u00eancia","article_published_time":"2023-10-06T14:24:25+00:00","article_modified_time":"2023-10-06T14:25:33+00:00","og_image":[{"width":1068,"height":697,"url":"http:\/\/www.prix.com.br\/prisma-inteligencia\/wp-content\/uploads\/2023\/10\/ESPM-Vix-e1689188979525-1068x697.jpg-1.png","type":"image\/png"}],"author":"Matheus Galv\u00e3o","twitter_card":"summary_large_image","twitter_misc":{"Escrito por":"Matheus Galv\u00e3o","Est. tempo de leitura":"2 minutos"},"schema":{"@context":"https:\/\/schema.org","@graph":[{"@type":"Article","@id":"https:\/\/www.prix.com.br\/prisma-inteligencia\/espm-no-espirito-santo\/#article","isPartOf":{"@id":"https:\/\/www.prix.com.br\/prisma-inteligencia\/espm-no-espirito-santo\/"},"author":{"name":"Matheus Galv\u00e3o","@id":"https:\/\/www.prix.com.br\/prisma-inteligencia\/#\/schema\/person\/976579f27135ac1cbd1a49da1a78347f"},"headline":"ESPM no Esp\u00edrito Santo: Uma Nova Era para a Educa\u00e7\u00e3o em Comunica\u00e7\u00e3o e Marketing","datePublished":"2023-10-06T14:24:25+00:00","dateModified":"2023-10-06T14:25:33+00:00","mainEntityOfPage":{"@id":"https:\/\/www.prix.com.br\/prisma-inteligencia\/espm-no-espirito-santo\/"},"wordCount":322,"commentCount":0,"publisher":{"@id":"https:\/\/www.prix.com.br\/prisma-inteligencia\/#organization"},"inLanguage":"pt-BR","potentialAction":[{"@type":"CommentAction","name":"Comment","target":["https:\/\/www.prix.com.br\/prisma-inteligencia\/espm-no-espirito-santo\/#respond"]}]},{"@type":"WebPage","@id":"https:\/\/www.prix.com.br\/prisma-inteligencia\/espm-no-espirito-santo\/","url":"https:\/\/www.prix.com.br\/prisma-inteligencia\/espm-no-espirito-santo\/","name":"ESPM no Esp\u00edrito Santo: Uma Nova Era para a Educa\u00e7\u00e3o em Comunica\u00e7\u00e3o e Marketing - Prisma Intelig\u00eancia","isPartOf":{"@id":"https:\/\/www.prix.com.br\/prisma-inteligencia\/#website"},"datePublished":"2023-10-06T14:24:25+00:00","dateModified":"2023-10-06T14:25:33+00:00","breadcrumb":{"@id":"https:\/\/www.prix.com.br\/prisma-inteligencia\/espm-no-espirito-santo\/#breadcrumb"},"inLanguage":"pt-BR","potentialAction":[{"@type":"ReadAction","target":["https:\/\/www.prix.com.br\/prisma-inteligencia\/espm-no-espirito-santo\/"]}]},{"@type":"BreadcrumbList","@id":"https:\/\/www.prix.com.br\/prisma-inteligencia\/espm-no-espirito-santo\/#breadcrumb","itemListElement":[{"@type":"ListItem","position":1,"name":"In\u00edcio","item":"https:\/\/www.prix.com.br\/prisma-inteligencia\/"},{"@type":"ListItem","position":2,"name":"ESPM no Esp\u00edrito Santo: Uma Nova Era para a Educa\u00e7\u00e3o em Comunica\u00e7\u00e3o e Marketing"}]},{"@type":"WebSite","@id":"https:\/\/www.prix.com.br\/prisma-inteligencia\/#website","url":"https:\/\/www.prix.com.br\/prisma-inteligencia\/","name":"Prisma Intelig\u00eancia","description":"Segundo o Instituto Ipsos especializado em h\u00e1bitos de consumo e comunica\u00e7\u00e3o, somos impactados diariamente, por mais seis mil mensagens publicit\u00e1rias.","publisher":{"@id":"https:\/\/www.prix.com.br\/prisma-inteligencia\/#organization"},"potentialAction":[{"@type":"SearchAction","target":{"@type":"EntryPoint","urlTemplate":"https:\/\/www.prix.com.br\/prisma-inteligencia\/?s={search_term_string}"},"query-input":"required name=search_term_string"}],"inLanguage":"pt-BR"},{"@type":"Organization","@id":"https:\/\/www.prix.com.br\/prisma-inteligencia\/#organization","name":"Prisma Intelig\u00eancia","url":"https:\/\/www.prix.com.br\/prisma-inteligencia\/","logo":{"@type":"ImageObject","inLanguage":"pt-BR","@id":"https:\/\/www.prix.com.br\/prisma-inteligencia\/#\/schema\/logo\/image\/","url":"https:\/\/www.prix.com.br\/prisma-inteligencia\/wp-content\/uploads\/2019\/09\/Logo-Prisma.png","contentUrl":"https:\/\/www.prix.com.br\/prisma-inteligencia\/wp-content\/uploads\/2019\/09\/Logo-Prisma.png","width":554,"height":154,"caption":"Prisma Intelig\u00eancia"},"image":{"@id":"https:\/\/www.prix.com.br\/prisma-inteligencia\/#\/schema\/logo\/image\/"}},{"@type":"Person","@id":"https:\/\/www.prix.com.br\/prisma-inteligencia\/#\/schema\/person\/976579f27135ac1cbd1a49da1a78347f","name":"Matheus Galv\u00e3o","image":{"@type":"ImageObject","inLanguage":"pt-BR","@id":"https:\/\/www.prix.com.br\/prisma-inteligencia\/#\/schema\/person\/image\/","url":"https:\/\/secure.gravatar.com\/avatar\/01a73771894dcb861cd73e5da454e0d0?s=96&d=mm&r=g","contentUrl":"https:\/\/secure.gravatar.com\/avatar\/01a73771894dcb861cd73e5da454e0d0?s=96&d=mm&r=g","caption":"Matheus Galv\u00e3o"},"sameAs":["http:\/\/www.prix.com.br\/prisma-inteligencia\/"],"url":"https:\/\/www.prix.com.br\/prisma-inteligencia\/author\/matheusgalvao\/"}]}},"_links":{"self":[{"href":"https:\/\/www.prix.com.br\/prisma-inteligencia\/wp-json\/wp\/v2\/posts\/2098"}],"collection":[{"href":"https:\/\/www.prix.com.br\/prisma-inteligencia\/wp-json\/wp\/v2\/posts"}],"about":[{"href":"https:\/\/www.prix.com.br\/prisma-inteligencia\/wp-json\/wp\/v2\/types\/post"}],"author":[{"embeddable":true,"href":"https:\/\/www.prix.com.br\/prisma-inteligencia\/wp-json\/wp\/v2\/users\/6"}],"replies":[{"embeddable":true,"href":"https:\/\/www.prix.com.br\/prisma-inteligencia\/wp-json\/wp\/v2\/comments?post=2098"}],"version-history":[{"count":3,"href":"https:\/\/www.prix.com.br\/prisma-inteligencia\/wp-json\/wp\/v2\/posts\/2098\/revisions"}],"predecessor-version":[{"id":2102,"href":"https:\/\/www.prix.com.br\/prisma-inteligencia\/wp-json\/wp\/v2\/posts\/2098\/revisions\/2102"}],"wp:featuredmedia":[{"embeddable":true,"href":"https:\/\/www.prix.com.br\/prisma-inteligencia\/wp-json\/wp\/v2\/media\/2099"}],"wp:attachment":[{"href":"https:\/\/www.prix.com.br\/prisma-inteligencia\/wp-json\/wp\/v2\/media?parent=2098"}],"wp:term":[{"taxonomy":"category","embeddable":true,"href":"https:\/\/www.prix.com.br\/prisma-inteligencia\/wp-json\/wp\/v2\/categories?post=2098"},{"taxonomy":"post_tag","embeddable":true,"href":"https:\/\/www.prix.com.br\/prisma-inteligencia\/wp-json\/wp\/v2\/tags?post=2098"}],"curies":[{"name":"wp","href":"https:\/\/api.w.org\/{rel}","templated":true}]}}