{"id":2104,"date":"2023-10-30T11:42:18","date_gmt":"2023-10-30T14:42:18","guid":{"rendered":"https:\/\/www.prix.com.br\/prisma-inteligencia\/?p=2104"},"modified":"2023-10-30T11:42:20","modified_gmt":"2023-10-30T14:42:20","slug":"industria-de-consumo-falta-atencao-aos-idosos-no-brasil","status":"publish","type":"post","link":"https:\/\/www.prix.com.br\/prisma-inteligencia\/industria-de-consumo-falta-atencao-aos-idosos-no-brasil\/","title":{"rendered":"Ind\u00fastria de consumo: falta aten\u00e7\u00e3o aos idosos no Brasil"},"content":{"rendered":"\n\n\n<p>Olhando assim, sem pensar muito, idosos fora do consumo e do trabalho, pode parecer um exagero. E na verdade \u00e9. Muitas pessoas com mais de 60 anos consomem muitos produtos e trabalham em diversas posi\u00e7\u00f5es no Brasil e no mundo. Ocorre que do ponto de vista mercadol\u00f3gico e publicit\u00e1rio muito pouco \u00e9 criado e dirigido especificamente para esse p\u00fablico. Por outro lado, do ponto de vista laboral, muitos j\u00e1 pr\u00f3ximos de aposentar ou mesmo os aposentados, ainda continuam com a expectativa de manterem seus postos de trabalho ou quando aposentados, simplesmente buscam uma complementa\u00e7\u00e3o de renda.<\/p>\n\n\n\n<p>Recentemente, o publicit\u00e1rio Nizan Guanaes abordou em um artigo que a mistura de experi\u00eancias e idades \u00e9 a resposta para melhorar as ideias, os resultados e a produtividade. Infelizmente essa \u00e9 uma pratica da exce\u00e7\u00e3o. A cultura da juventude \u00e9 muito forte e aliada a tecnologia, imprimiu um ritmo acelerado na ocupa\u00e7\u00e3o dos cargos de natureza t\u00e9cnica, operacional e de gest\u00e3o. Nos cargos de alta gerencia e de lideran\u00e7a ainda \u00e9 dominada pelos mais experientes. Muitas vezes essa experi\u00eancia \u00e9 considerada ultrapassada pelas empresas e acaba por categorizar e dividir pessoas n\u00e3o pelas suas habilidades t\u00e9cnicas e emocionais e sim pela sua idade. A OMS- Organiza\u00e7\u00e3o Mundial da Sa\u00fade classifica como etarismo, quando a idade \u00e9 usada para classificar pessoas.<\/p>\n\n\n\n<p>O fato \u00e9 que a popula\u00e7\u00e3o brasileira tem ficado cada vez mais velha. Segundo o IBGE- Instituto Brasileiro de Geografia e Estat\u00edstica, em 1970, 5,1% da popula\u00e7\u00e3o tinha mais de 60 anos ou mais, que pela lei brasileira \u00e9 considerada idosa. Agora em 2023 esse n\u00famero triplicou, passando para 15,6% do total, ou seja, 33,7 milh\u00f5es de pessoas. Que segundo ainda o IBGE \u00e9 ligeiramente superior ao n\u00famero de jovens entre 20 a 29 anos que somam 33,5 milh\u00f5es.<\/p>\n\n\n\n<p>Do ponto de vista publicit\u00e1rio, existe um campo muito vasto a ser explorado. Hoje, na Europa, onde o envelhecimento da popula\u00e7\u00e3o \u00e9 uma realidade h\u00e1 mais tempo, existe uma aten\u00e7\u00e3o e estimulo do mercado muito maior a este p\u00fablico. No Brasil, o comportamento da ind\u00fastria de consumo est\u00e1 muito ligado a essa desaten\u00e7\u00e3o de que a popula\u00e7\u00e3o envelheceu e por sua vez, as estruturas das empresas de comunica\u00e7\u00e3o e os departamentos de marketing existem muito jovens e pouca diversidade, o que limita o campo de vis\u00e3o. Falta produto dirigido e com as caracter\u00edsticas que atendam a esse mercado. Falta design na forma de se fazer as coisas tornando as mais funcionais e esteticamente mais bonitas.<\/p>\n\n\n\n<p>Segundo a professora de p\u00f3s-gradua\u00e7\u00e3o em comunica\u00e7\u00e3o e pr\u00e1ticas de consumo ESPM, no Brasil \u201cas pessoas perdem o direito de envelhecer\u201d, pois existe um padr\u00e3o de virilidade e beleza a ser perseguido.<\/p>\n","protected":false},"excerpt":{"rendered":"<p>Olhando assim, sem pensar muito, idosos fora do consumo e do trabalho, pode parecer um exagero. E na verdade \u00e9. Muitas pessoas com mais de 60 anos consomem muitos produtos e trabalham em diversas posi\u00e7\u00f5es no Brasil e no mundo. Ocorre que do ponto de vista mercadol\u00f3gico e publicit\u00e1rio muito pouco \u00e9 criado e dirigido [&#8230;]\n","protected":false},"author":6,"featured_media":2105,"comment_status":"open","ping_status":"open","sticky":false,"template":"","format":"standard","meta":[],"categories":[11,1],"tags":[],"yoast_head":"<!-- This site is optimized with the Yoast SEO plugin v21.8.1 - https:\/\/yoast.com\/wordpress\/plugins\/seo\/ -->\n<title>Ind\u00fastria de consumo: falta aten\u00e7\u00e3o aos idosos no Brasil - Prisma Intelig\u00eancia<\/title>\n<meta name=\"robots\" content=\"index, follow, max-snippet:-1, max-image-preview:large, max-video-preview:-1\" \/>\n<link rel=\"canonical\" href=\"https:\/\/www.prix.com.br\/prisma-inteligencia\/industria-de-consumo-falta-atencao-aos-idosos-no-brasil\/\" \/>\n<meta property=\"og:locale\" content=\"pt_BR\" \/>\n<meta property=\"og:type\" content=\"article\" \/>\n<meta property=\"og:title\" content=\"Ind\u00fastria de consumo: falta aten\u00e7\u00e3o aos idosos no Brasil - Prisma Intelig\u00eancia\" \/>\n<meta property=\"og:description\" content=\"Olhando assim, sem pensar muito, idosos fora do consumo e do trabalho, pode parecer um exagero. E na verdade \u00e9. Muitas pessoas com mais de 60 anos consomem muitos produtos e trabalham em diversas posi\u00e7\u00f5es no Brasil e no mundo. Ocorre que do ponto de vista mercadol\u00f3gico e publicit\u00e1rio muito pouco \u00e9 criado e dirigido [...]\" \/>\n<meta property=\"og:url\" content=\"https:\/\/www.prix.com.br\/prisma-inteligencia\/industria-de-consumo-falta-atencao-aos-idosos-no-brasil\/\" \/>\n<meta property=\"og:site_name\" content=\"Prisma Intelig\u00eancia\" \/>\n<meta property=\"article:published_time\" content=\"2023-10-30T14:42:18+00:00\" \/>\n<meta property=\"article:modified_time\" content=\"2023-10-30T14:42:20+00:00\" \/>\n<meta property=\"og:image\" content=\"http:\/\/www.prix.com.br\/prisma-inteligencia\/wp-content\/uploads\/2023\/10\/o-homem-idoso-esta-usando-o-telefone-movel-min-scaled.jpg\" \/>\n\t<meta property=\"og:image:width\" content=\"2560\" \/>\n\t<meta property=\"og:image:height\" content=\"1709\" \/>\n\t<meta property=\"og:image:type\" content=\"image\/jpeg\" \/>\n<meta name=\"author\" content=\"Matheus Galv\u00e3o\" \/>\n<meta name=\"twitter:card\" content=\"summary_large_image\" \/>\n<meta name=\"twitter:label1\" content=\"Escrito por\" \/>\n\t<meta name=\"twitter:data1\" content=\"Matheus Galv\u00e3o\" \/>\n\t<meta name=\"twitter:label2\" content=\"Est. tempo de leitura\" \/>\n\t<meta name=\"twitter:data2\" content=\"3 minutos\" \/>\n<script type=\"application\/ld+json\" class=\"yoast-schema-graph\">{\"@context\":\"https:\/\/schema.org\",\"@graph\":[{\"@type\":\"Article\",\"@id\":\"https:\/\/www.prix.com.br\/prisma-inteligencia\/industria-de-consumo-falta-atencao-aos-idosos-no-brasil\/#article\",\"isPartOf\":{\"@id\":\"https:\/\/www.prix.com.br\/prisma-inteligencia\/industria-de-consumo-falta-atencao-aos-idosos-no-brasil\/\"},\"author\":{\"name\":\"Matheus Galv\u00e3o\",\"@id\":\"https:\/\/www.prix.com.br\/prisma-inteligencia\/#\/schema\/person\/976579f27135ac1cbd1a49da1a78347f\"},\"headline\":\"Ind\u00fastria de consumo: falta aten\u00e7\u00e3o aos idosos no Brasil\",\"datePublished\":\"2023-10-30T14:42:18+00:00\",\"dateModified\":\"2023-10-30T14:42:20+00:00\",\"mainEntityOfPage\":{\"@id\":\"https:\/\/www.prix.com.br\/prisma-inteligencia\/industria-de-consumo-falta-atencao-aos-idosos-no-brasil\/\"},\"wordCount\":471,\"commentCount\":0,\"publisher\":{\"@id\":\"https:\/\/www.prix.com.br\/prisma-inteligencia\/#organization\"},\"articleSection\":[\"blog\"],\"inLanguage\":\"pt-BR\",\"potentialAction\":[{\"@type\":\"CommentAction\",\"name\":\"Comment\",\"target\":[\"https:\/\/www.prix.com.br\/prisma-inteligencia\/industria-de-consumo-falta-atencao-aos-idosos-no-brasil\/#respond\"]}]},{\"@type\":\"WebPage\",\"@id\":\"https:\/\/www.prix.com.br\/prisma-inteligencia\/industria-de-consumo-falta-atencao-aos-idosos-no-brasil\/\",\"url\":\"https:\/\/www.prix.com.br\/prisma-inteligencia\/industria-de-consumo-falta-atencao-aos-idosos-no-brasil\/\",\"name\":\"Ind\u00fastria de consumo: falta aten\u00e7\u00e3o aos idosos no Brasil - Prisma Intelig\u00eancia\",\"isPartOf\":{\"@id\":\"https:\/\/www.prix.com.br\/prisma-inteligencia\/#website\"},\"datePublished\":\"2023-10-30T14:42:18+00:00\",\"dateModified\":\"2023-10-30T14:42:20+00:00\",\"breadcrumb\":{\"@id\":\"https:\/\/www.prix.com.br\/prisma-inteligencia\/industria-de-consumo-falta-atencao-aos-idosos-no-brasil\/#breadcrumb\"},\"inLanguage\":\"pt-BR\",\"potentialAction\":[{\"@type\":\"ReadAction\",\"target\":[\"https:\/\/www.prix.com.br\/prisma-inteligencia\/industria-de-consumo-falta-atencao-aos-idosos-no-brasil\/\"]}]},{\"@type\":\"BreadcrumbList\",\"@id\":\"https:\/\/www.prix.com.br\/prisma-inteligencia\/industria-de-consumo-falta-atencao-aos-idosos-no-brasil\/#breadcrumb\",\"itemListElement\":[{\"@type\":\"ListItem\",\"position\":1,\"name\":\"In\u00edcio\",\"item\":\"https:\/\/www.prix.com.br\/prisma-inteligencia\/\"},{\"@type\":\"ListItem\",\"position\":2,\"name\":\"Ind\u00fastria de consumo: falta aten\u00e7\u00e3o aos idosos no Brasil\"}]},{\"@type\":\"WebSite\",\"@id\":\"https:\/\/www.prix.com.br\/prisma-inteligencia\/#website\",\"url\":\"https:\/\/www.prix.com.br\/prisma-inteligencia\/\",\"name\":\"Prisma Intelig\u00eancia\",\"description\":\"Segundo o Instituto Ipsos especializado em h\u00e1bitos de consumo e comunica\u00e7\u00e3o, somos impactados diariamente, por mais seis mil mensagens publicit\u00e1rias.\",\"publisher\":{\"@id\":\"https:\/\/www.prix.com.br\/prisma-inteligencia\/#organization\"},\"potentialAction\":[{\"@type\":\"SearchAction\",\"target\":{\"@type\":\"EntryPoint\",\"urlTemplate\":\"https:\/\/www.prix.com.br\/prisma-inteligencia\/?s={search_term_string}\"},\"query-input\":\"required name=search_term_string\"}],\"inLanguage\":\"pt-BR\"},{\"@type\":\"Organization\",\"@id\":\"https:\/\/www.prix.com.br\/prisma-inteligencia\/#organization\",\"name\":\"Prisma Intelig\u00eancia\",\"url\":\"https:\/\/www.prix.com.br\/prisma-inteligencia\/\",\"logo\":{\"@type\":\"ImageObject\",\"inLanguage\":\"pt-BR\",\"@id\":\"https:\/\/www.prix.com.br\/prisma-inteligencia\/#\/schema\/logo\/image\/\",\"url\":\"https:\/\/www.prix.com.br\/prisma-inteligencia\/wp-content\/uploads\/2019\/09\/Logo-Prisma.png\",\"contentUrl\":\"https:\/\/www.prix.com.br\/prisma-inteligencia\/wp-content\/uploads\/2019\/09\/Logo-Prisma.png\",\"width\":554,\"height\":154,\"caption\":\"Prisma Intelig\u00eancia\"},\"image\":{\"@id\":\"https:\/\/www.prix.com.br\/prisma-inteligencia\/#\/schema\/logo\/image\/\"}},{\"@type\":\"Person\",\"@id\":\"https:\/\/www.prix.com.br\/prisma-inteligencia\/#\/schema\/person\/976579f27135ac1cbd1a49da1a78347f\",\"name\":\"Matheus Galv\u00e3o\",\"image\":{\"@type\":\"ImageObject\",\"inLanguage\":\"pt-BR\",\"@id\":\"https:\/\/www.prix.com.br\/prisma-inteligencia\/#\/schema\/person\/image\/\",\"url\":\"https:\/\/secure.gravatar.com\/avatar\/01a73771894dcb861cd73e5da454e0d0?s=96&d=mm&r=g\",\"contentUrl\":\"https:\/\/secure.gravatar.com\/avatar\/01a73771894dcb861cd73e5da454e0d0?s=96&d=mm&r=g\",\"caption\":\"Matheus Galv\u00e3o\"},\"sameAs\":[\"http:\/\/www.prix.com.br\/prisma-inteligencia\/\"],\"url\":\"https:\/\/www.prix.com.br\/prisma-inteligencia\/author\/matheusgalvao\/\"}]}<\/script>\n<!-- \/ Yoast SEO plugin. -->","yoast_head_json":{"title":"Ind\u00fastria de consumo: falta aten\u00e7\u00e3o aos idosos no Brasil - Prisma Intelig\u00eancia","robots":{"index":"index","follow":"follow","max-snippet":"max-snippet:-1","max-image-preview":"max-image-preview:large","max-video-preview":"max-video-preview:-1"},"canonical":"https:\/\/www.prix.com.br\/prisma-inteligencia\/industria-de-consumo-falta-atencao-aos-idosos-no-brasil\/","og_locale":"pt_BR","og_type":"article","og_title":"Ind\u00fastria de consumo: falta aten\u00e7\u00e3o aos idosos no Brasil - Prisma Intelig\u00eancia","og_description":"Olhando assim, sem pensar muito, idosos fora do consumo e do trabalho, pode parecer um exagero. E na verdade \u00e9. Muitas pessoas com mais de 60 anos consomem muitos produtos e trabalham em diversas posi\u00e7\u00f5es no Brasil e no mundo. Ocorre que do ponto de vista mercadol\u00f3gico e publicit\u00e1rio muito pouco \u00e9 criado e dirigido [...]","og_url":"https:\/\/www.prix.com.br\/prisma-inteligencia\/industria-de-consumo-falta-atencao-aos-idosos-no-brasil\/","og_site_name":"Prisma Intelig\u00eancia","article_published_time":"2023-10-30T14:42:18+00:00","article_modified_time":"2023-10-30T14:42:20+00:00","og_image":[{"width":2560,"height":1709,"url":"http:\/\/www.prix.com.br\/prisma-inteligencia\/wp-content\/uploads\/2023\/10\/o-homem-idoso-esta-usando-o-telefone-movel-min-scaled.jpg","type":"image\/jpeg"}],"author":"Matheus Galv\u00e3o","twitter_card":"summary_large_image","twitter_misc":{"Escrito por":"Matheus Galv\u00e3o","Est. tempo de leitura":"3 minutos"},"schema":{"@context":"https:\/\/schema.org","@graph":[{"@type":"Article","@id":"https:\/\/www.prix.com.br\/prisma-inteligencia\/industria-de-consumo-falta-atencao-aos-idosos-no-brasil\/#article","isPartOf":{"@id":"https:\/\/www.prix.com.br\/prisma-inteligencia\/industria-de-consumo-falta-atencao-aos-idosos-no-brasil\/"},"author":{"name":"Matheus Galv\u00e3o","@id":"https:\/\/www.prix.com.br\/prisma-inteligencia\/#\/schema\/person\/976579f27135ac1cbd1a49da1a78347f"},"headline":"Ind\u00fastria de consumo: falta aten\u00e7\u00e3o aos idosos no Brasil","datePublished":"2023-10-30T14:42:18+00:00","dateModified":"2023-10-30T14:42:20+00:00","mainEntityOfPage":{"@id":"https:\/\/www.prix.com.br\/prisma-inteligencia\/industria-de-consumo-falta-atencao-aos-idosos-no-brasil\/"},"wordCount":471,"commentCount":0,"publisher":{"@id":"https:\/\/www.prix.com.br\/prisma-inteligencia\/#organization"},"articleSection":["blog"],"inLanguage":"pt-BR","potentialAction":[{"@type":"CommentAction","name":"Comment","target":["https:\/\/www.prix.com.br\/prisma-inteligencia\/industria-de-consumo-falta-atencao-aos-idosos-no-brasil\/#respond"]}]},{"@type":"WebPage","@id":"https:\/\/www.prix.com.br\/prisma-inteligencia\/industria-de-consumo-falta-atencao-aos-idosos-no-brasil\/","url":"https:\/\/www.prix.com.br\/prisma-inteligencia\/industria-de-consumo-falta-atencao-aos-idosos-no-brasil\/","name":"Ind\u00fastria de consumo: falta aten\u00e7\u00e3o aos idosos no Brasil - Prisma Intelig\u00eancia","isPartOf":{"@id":"https:\/\/www.prix.com.br\/prisma-inteligencia\/#website"},"datePublished":"2023-10-30T14:42:18+00:00","dateModified":"2023-10-30T14:42:20+00:00","breadcrumb":{"@id":"https:\/\/www.prix.com.br\/prisma-inteligencia\/industria-de-consumo-falta-atencao-aos-idosos-no-brasil\/#breadcrumb"},"inLanguage":"pt-BR","potentialAction":[{"@type":"ReadAction","target":["https:\/\/www.prix.com.br\/prisma-inteligencia\/industria-de-consumo-falta-atencao-aos-idosos-no-brasil\/"]}]},{"@type":"BreadcrumbList","@id":"https:\/\/www.prix.com.br\/prisma-inteligencia\/industria-de-consumo-falta-atencao-aos-idosos-no-brasil\/#breadcrumb","itemListElement":[{"@type":"ListItem","position":1,"name":"In\u00edcio","item":"https:\/\/www.prix.com.br\/prisma-inteligencia\/"},{"@type":"ListItem","position":2,"name":"Ind\u00fastria de consumo: falta aten\u00e7\u00e3o aos idosos no Brasil"}]},{"@type":"WebSite","@id":"https:\/\/www.prix.com.br\/prisma-inteligencia\/#website","url":"https:\/\/www.prix.com.br\/prisma-inteligencia\/","name":"Prisma Intelig\u00eancia","description":"Segundo o Instituto Ipsos especializado em h\u00e1bitos de consumo e comunica\u00e7\u00e3o, somos impactados diariamente, por mais seis mil mensagens publicit\u00e1rias.","publisher":{"@id":"https:\/\/www.prix.com.br\/prisma-inteligencia\/#organization"},"potentialAction":[{"@type":"SearchAction","target":{"@type":"EntryPoint","urlTemplate":"https:\/\/www.prix.com.br\/prisma-inteligencia\/?s={search_term_string}"},"query-input":"required name=search_term_string"}],"inLanguage":"pt-BR"},{"@type":"Organization","@id":"https:\/\/www.prix.com.br\/prisma-inteligencia\/#organization","name":"Prisma Intelig\u00eancia","url":"https:\/\/www.prix.com.br\/prisma-inteligencia\/","logo":{"@type":"ImageObject","inLanguage":"pt-BR","@id":"https:\/\/www.prix.com.br\/prisma-inteligencia\/#\/schema\/logo\/image\/","url":"https:\/\/www.prix.com.br\/prisma-inteligencia\/wp-content\/uploads\/2019\/09\/Logo-Prisma.png","contentUrl":"https:\/\/www.prix.com.br\/prisma-inteligencia\/wp-content\/uploads\/2019\/09\/Logo-Prisma.png","width":554,"height":154,"caption":"Prisma Intelig\u00eancia"},"image":{"@id":"https:\/\/www.prix.com.br\/prisma-inteligencia\/#\/schema\/logo\/image\/"}},{"@type":"Person","@id":"https:\/\/www.prix.com.br\/prisma-inteligencia\/#\/schema\/person\/976579f27135ac1cbd1a49da1a78347f","name":"Matheus Galv\u00e3o","image":{"@type":"ImageObject","inLanguage":"pt-BR","@id":"https:\/\/www.prix.com.br\/prisma-inteligencia\/#\/schema\/person\/image\/","url":"https:\/\/secure.gravatar.com\/avatar\/01a73771894dcb861cd73e5da454e0d0?s=96&d=mm&r=g","contentUrl":"https:\/\/secure.gravatar.com\/avatar\/01a73771894dcb861cd73e5da454e0d0?s=96&d=mm&r=g","caption":"Matheus Galv\u00e3o"},"sameAs":["http:\/\/www.prix.com.br\/prisma-inteligencia\/"],"url":"https:\/\/www.prix.com.br\/prisma-inteligencia\/author\/matheusgalvao\/"}]}},"_links":{"self":[{"href":"https:\/\/www.prix.com.br\/prisma-inteligencia\/wp-json\/wp\/v2\/posts\/2104"}],"collection":[{"href":"https:\/\/www.prix.com.br\/prisma-inteligencia\/wp-json\/wp\/v2\/posts"}],"about":[{"href":"https:\/\/www.prix.com.br\/prisma-inteligencia\/wp-json\/wp\/v2\/types\/post"}],"author":[{"embeddable":true,"href":"https:\/\/www.prix.com.br\/prisma-inteligencia\/wp-json\/wp\/v2\/users\/6"}],"replies":[{"embeddable":true,"href":"https:\/\/www.prix.com.br\/prisma-inteligencia\/wp-json\/wp\/v2\/comments?post=2104"}],"version-history":[{"count":1,"href":"https:\/\/www.prix.com.br\/prisma-inteligencia\/wp-json\/wp\/v2\/posts\/2104\/revisions"}],"predecessor-version":[{"id":2106,"href":"https:\/\/www.prix.com.br\/prisma-inteligencia\/wp-json\/wp\/v2\/posts\/2104\/revisions\/2106"}],"wp:featuredmedia":[{"embeddable":true,"href":"https:\/\/www.prix.com.br\/prisma-inteligencia\/wp-json\/wp\/v2\/media\/2105"}],"wp:attachment":[{"href":"https:\/\/www.prix.com.br\/prisma-inteligencia\/wp-json\/wp\/v2\/media?parent=2104"}],"wp:term":[{"taxonomy":"category","embeddable":true,"href":"https:\/\/www.prix.com.br\/prisma-inteligencia\/wp-json\/wp\/v2\/categories?post=2104"},{"taxonomy":"post_tag","embeddable":true,"href":"https:\/\/www.prix.com.br\/prisma-inteligencia\/wp-json\/wp\/v2\/tags?post=2104"}],"curies":[{"name":"wp","href":"https:\/\/api.w.org\/{rel}","templated":true}]}}