{"id":2108,"date":"2023-11-27T11:38:32","date_gmt":"2023-11-27T14:38:32","guid":{"rendered":"https:\/\/www.prix.com.br\/prisma-inteligencia\/?p=2108"},"modified":"2024-06-25T10:07:48","modified_gmt":"2024-06-25T13:07:48","slug":"arquiv027-uma-viagem-na-historia-da-publicidade-capixaba","status":"publish","type":"post","link":"https:\/\/www.prix.com.br\/prisma-inteligencia\/arquiv027-uma-viagem-na-historia-da-publicidade-capixaba\/","title":{"rendered":"ARQUIV027: UMA VIAGEM NA HIST\u00d3RIA DA PUBLICIDADE CAPIXABA"},"content":{"rendered":"\n\n\n<p>Voc\u00ea j\u00e1 imaginou como seria ter uma m\u00e1quina do tempo? Poder visitar o passado e conhecer a fundo as grandes hist\u00f3rias que fizeram o mundo ser como \u00e9 hoje? O\u00a0n\u00facleo de Publicidade do Laborat\u00f3rio de Comunica\u00e7\u00e3o e Mercado (LACOS) do Centro Universit\u00e1rio FAESA\u00a0j\u00e1 sonhou com isso tantas vezes que resolveu criar uma solu\u00e7\u00e3o:\u00a0<strong>o Arquiv027<\/strong>, uma c\u00e1psula do tempo.\u00a0<\/p>\n\n\n\n<p>O&nbsp;<strong>Projeto Arquiv027&nbsp;<\/strong>foi a forma que o LACOS encontrou para poder viajar ao passado e&nbsp;<strong>conhecer as hist\u00f3rias fant\u00e1sticas da Publicidade Capixaba e compartilh\u00e1-las com as pr\u00f3ximas gera\u00e7\u00f5es.<\/strong>&nbsp;Para come\u00e7ar a reviver o passado, foi convidado, para vir at\u00e9 a FAESA e compartilhar com os estudantes um pouco do que viu e viveu, o publicit\u00e1rio e fundador da Prisma Intelig\u00eancia de Marketing, vencedor do primeiro (e \u00fanico)&nbsp;<strong>Le\u00e3o de Ouro do Festival de Criatividade de Cannes do Espir\u00edto Santo<\/strong>:&nbsp;<strong>Fernando Manh\u00e3es<\/strong>, um dos grandes nomes precursores da publicidade capixaba.<\/p>\n\n\n\n<p><strong>Nesta primeira c\u00e1psula do tempo<\/strong>,&nbsp;<strong>Fernando<\/strong>&nbsp;contou aos alunos, em um bate-papo tranquilo e informal, as escolhas que o transformaram em um profissional da propaganda e sobre a trajet\u00f3ria da cria\u00e7\u00e3o da pr\u00f3pria ag\u00eancia. Contudo o assunto principal foi a hist\u00f3ria de como ele ganhou o<strong>&nbsp;Le\u00e3o de Ouro de Cannes<\/strong>, que \u00e9 um dos principais pr\u00eamio de criatividade do mundo.&nbsp;<br><br>A trajet\u00f3ria de&nbsp;<strong>Fernando Manh\u00e3es<\/strong>&nbsp;na publicidade come\u00e7ou na faculdade de jornalismo. Ele \u00e9 formado pela Universidade Federal do Esp\u00edrito Santo (Ufes) desde a d\u00e9cada de 1980 e, na \u00e9poca, o curso de Comunica\u00e7\u00e3o Social come\u00e7ava sem diferenciar os alunos de Jornalismo e Publicidade e Propaganda. Quando chegou o momento de tomar a decis\u00e3o de qual ramo seguir, ele escolheu seguir pelo Jornalismo. Nas primeiras experi\u00eancias com a produ\u00e7\u00e3o de conte\u00fado jornal\u00edstico, F<strong>ernando decidiu trocar para a Publicidade<\/strong>&nbsp;e, finalmente, se encontrou.&nbsp;<br><br>Durante a gradua\u00e7\u00e3o,&nbsp;<strong>o publicit\u00e1rio come\u00e7ou a empreender<\/strong>. No ano de 1982, ele&nbsp;se juntou a outros tr\u00eas colegas do curso para abrir uma ag\u00eancia de propaganda,<strong>&nbsp;o Studio 25<\/strong>. J\u00e1, em 1985, ele fundou a&nbsp;<strong>Ag\u00eancia Direta<\/strong>, a primeira ag\u00eancia do Estado a se preocupar com o planejamento dos clientes, algo que os diferencia at\u00e9 hoje no mercado capixaba.&nbsp;<\/p>\n\n\n\n<p>O nome da nova ag\u00eancia induziu os clientes a pensarem que eles trabalhavam com mala direta, uma estrat\u00e9gia compat\u00edvel com o atual e-mail marketing. Eles enxergaram essa confus\u00e3o dos clientes como uma forma de expandir os produtos oferecidos pela marca. \u201c<strong>Quando os clientes perguntavam se a gente fazia a tal da mala direta, n\u00f3s respondemos que sim, mesmo sem saber como fazer. Tudo para n\u00e3o perder os clientes. Foi preciso de uma dose extra de coragem para enfrentar as press\u00f5es do mercado de trabalho<\/strong>\u201d, conta Manh\u00e3es.<br><br>A rotina de estudante universit\u00e1rio e s\u00f3cio de uma ag\u00eancia de publicidade e propaganda era extremamente corrida e os jovens empreendedores passavam muitas noites em claro para dar conta de todas as demandas. Com o passar do tempo,&nbsp;<strong>Fernando<\/strong>&nbsp;foi se profissionalizando na \u00e1rea da publicidade, adquirindo cada vez mais conhecimento e experi\u00eancia. No ano de 1987, ele fundou a&nbsp;<strong>Ag\u00eancia Prisma Intelig\u00eancia de Marketing<\/strong>. A empresa conta com mais de 35 anos de hist\u00f3rias, diversos pr\u00eamios e cases de sucesso.<br><br>Um dos maiores destaques da trajet\u00f3ria da&nbsp;<strong>Ag\u00eancia Prisma \u00e9 a conquista do Le\u00e3o de Ouro do Festival Criatividade de Cannes de 2003<\/strong>&nbsp;na categoria M\u00eddia Impressa. Tudo aconteceu como uma mera coincid\u00eancia em 2002. A&nbsp;<strong>Realcaf\u00e9 Sol\u00favel do Brasil<\/strong>&nbsp;procurou a&nbsp;<strong>Ag\u00eancia Prisma<\/strong>&nbsp;para reformular a identidade visual da empresa e anunciar a chegada de um novo produto na fam\u00edlia Realcaf\u00e9: o sach\u00ea de 2g.&nbsp;<\/p>\n\n\n\n<figure class=\"wp-block-image size-full\"><img decoding=\"async\" loading=\"lazy\" width=\"1024\" height=\"682\" src=\"http:\/\/www.prix.com.br\/prisma-inteligencia\/wp-content\/uploads\/2023\/11\/dsc02824.webp\" alt=\"\" class=\"wp-image-2110\" srcset=\"https:\/\/www.prix.com.br\/prisma-inteligencia\/wp-content\/uploads\/2023\/11\/dsc02824.webp 1024w, https:\/\/www.prix.com.br\/prisma-inteligencia\/wp-content\/uploads\/2023\/11\/dsc02824-300x200.webp 300w, https:\/\/www.prix.com.br\/prisma-inteligencia\/wp-content\/uploads\/2023\/11\/dsc02824-768x512.webp 768w\" sizes=\"(max-width: 1024px) 100vw, 1024px\" \/><\/figure>\n\n\n\n<p>O intuito da a\u00e7\u00e3o foi mostrar ao p\u00fablico alvo, tido como uma parcela selecionada da sociedade e entendido como um formador de opini\u00e3o, que a&nbsp;<strong>marca era jovem, simp\u00e1tica e acess\u00edvel<\/strong>. A ideia era apresentar o novo produto ao p\u00fablico, mas havia uma<strong>&nbsp;verba reduzida<\/strong>&nbsp;para executar as ideias e&nbsp;<strong>lan\u00e7ar uma campanha diferenciada e com grande receptividade<\/strong>.<\/p>\n\n\n\n<p>O primeiro an\u00fancio ocupou tr\u00eas p\u00e1ginas do jornal A Gazeta. Para chamar a aten\u00e7\u00e3o do leitor, as&nbsp;<strong>p\u00e1ginas foram manchadas com marcas de copos e respingos de caf\u00e9 com frases que geram curiosidade em quem est\u00e1 lendo<\/strong>. Na \u00faltima p\u00e1gina, a pessoa encontrava um sach\u00ea com o novo formato da marca. A propaganda atingiu o objetivo desejado, ou seja, tiveram resultados satisfat\u00f3rios com mais de 50 mil tiragens do jornal e o aumento de 10% das vendas do produto. &nbsp;&nbsp;<\/p>\n\n\n\n<p><strong>Principais marcos da hist\u00f3ria da Publicidade Capixaba<\/strong><\/p>\n\n\n\n<p><strong>Durante a conversa com os alunos do LACOS, Fernando<\/strong>&nbsp;destacou alguns pontos que marcaram a hist\u00f3ria da publicidade capixaba. O primeiro deles foi o surgimento da<strong>&nbsp;Ag\u00eancia Eldorado Publicidade<\/strong>, que era oriunda de uma ag\u00eancia in-house, ou seja, de uma ag\u00eancia de propaganda interna de uma empresa. Na \u00e9poca,&nbsp;<strong>a Eldorado<\/strong>&nbsp;foi a primeira ag\u00eancia do Estado a conferir um certo grau de profissionalismo que ainda n\u00e3o tinha sido visto no mercado.&nbsp;&nbsp;<\/p>\n\n\n\n<div class=\"wp-block-columns is-layout-flex wp-container-3\">\n<div class=\"wp-block-column is-layout-flow\">\n<figure class=\"wp-block-image size-large\"><img decoding=\"async\" loading=\"lazy\" width=\"589\" height=\"1024\" src=\"http:\/\/www.prix.com.br\/prisma-inteligencia\/wp-content\/uploads\/2020\/01\/RealCafe-Gazeta1-2-589x1024.jpg\" alt=\"\" class=\"wp-image-661\" srcset=\"https:\/\/www.prix.com.br\/prisma-inteligencia\/wp-content\/uploads\/2020\/01\/RealCafe-Gazeta1-2.jpg 589w, https:\/\/www.prix.com.br\/prisma-inteligencia\/wp-content\/uploads\/2020\/01\/RealCafe-Gazeta1-2-173x300.jpg 173w, https:\/\/www.prix.com.br\/prisma-inteligencia\/wp-content\/uploads\/2020\/01\/RealCafe-Gazeta1-2-768x1335.jpg 768w\" sizes=\"(max-width: 589px) 100vw, 589px\" \/><\/figure>\n<\/div>\n\n\n\n<div class=\"wp-block-column is-layout-flow\">\n<figure class=\"wp-block-image size-large is-resized\"><img decoding=\"async\" loading=\"lazy\" src=\"http:\/\/www.prix.com.br\/prisma-inteligencia\/wp-content\/uploads\/2020\/01\/RealCafe-Gazeta2-2-589x1024.jpg\" alt=\"\" class=\"wp-image-662\" width=\"394\" height=\"684\" srcset=\"https:\/\/www.prix.com.br\/prisma-inteligencia\/wp-content\/uploads\/2020\/01\/RealCafe-Gazeta2-2.jpg 589w, https:\/\/www.prix.com.br\/prisma-inteligencia\/wp-content\/uploads\/2020\/01\/RealCafe-Gazeta2-2-173x300.jpg 173w, https:\/\/www.prix.com.br\/prisma-inteligencia\/wp-content\/uploads\/2020\/01\/RealCafe-Gazeta2-2-768x1335.jpg 768w\" sizes=\"(max-width: 394px) 100vw, 394px\" \/><\/figure>\n<\/div>\n<\/div>\n\n\n\n<figure class=\"wp-block-image size-large is-resized\"><img decoding=\"async\" loading=\"lazy\" src=\"http:\/\/www.prix.com.br\/prisma-inteligencia\/wp-content\/uploads\/2020\/01\/RealCafe-Gazeta3-589x1024.jpg\" alt=\"\" class=\"wp-image-722\" width=\"399\" height=\"695\" srcset=\"https:\/\/www.prix.com.br\/prisma-inteligencia\/wp-content\/uploads\/2020\/01\/RealCafe-Gazeta3.jpg 589w, https:\/\/www.prix.com.br\/prisma-inteligencia\/wp-content\/uploads\/2020\/01\/RealCafe-Gazeta3-173x300.jpg 173w, https:\/\/www.prix.com.br\/prisma-inteligencia\/wp-content\/uploads\/2020\/01\/RealCafe-Gazeta3-768x1335.jpg 768w\" sizes=\"(max-width: 399px) 100vw, 399px\" \/><\/figure>\n\n\n\n<p>Fernando relata que a cria\u00e7\u00e3o da&nbsp;<strong>Associa\u00e7\u00e3o das Ag\u00eancias de Propaganda (hoje, o Sindicato das Ag\u00eancias de Propaganda do Esp\u00edrito Santo \u2013&nbsp;SINAPRO-ES)<\/strong>&nbsp;\u00e9 um marco nessa hist\u00f3ria, pois foi por meio dela que os&nbsp;<strong>profissionais e as ag\u00eancias criaram um senso de uni\u00e3o em prol da melhoria do mercado<\/strong>, deixando, assim, de serem inimigos e se tornando verdadeiros fomentadores do neg\u00f3cio da propaganda.&nbsp;Vale destacar que Fernando foi um dos fundadores da Associa\u00e7\u00e3o.<\/p>\n\n\n\n<p>Outro ponto marcante na hist\u00f3ria da publicidade capixaba foi a&nbsp;<strong>abertura do mercado para os estagi\u00e1rios no ramo da comunica\u00e7\u00e3o<\/strong>. Na condi\u00e7\u00e3o de ex-coordenador de est\u00e1gios da Ufes,&nbsp;<strong>Manh\u00e3es desmistificou uma realidade que existia no Esp\u00edrito Santo e colaborou para o fim da rejei\u00e7\u00e3o de estagi\u00e1rios e a flexibiliza\u00e7\u00e3o do mercado<\/strong>&nbsp;sob o argumento que a m\u00e3o de obra precisava ser melhor qualificada por meio de experi\u00eancias reais.&nbsp;&nbsp;<\/p>\n\n\n\n<p><strong>Expectativas para o futuro da Publicidade Capixaba&nbsp;<\/strong><\/p>\n\n\n\n<blockquote class=\"wp-block-quote\">\n<p><strong>\u00c9 preciso saber reconhecer as oportunidades da vida e, mais ainda, saber cri\u00e1-las para que seja poss\u00edvel fazer as escolhas ideais para alcan\u00e7ar os objetivos esperados<\/strong><\/p>\n<cite><strong><em>Fernando Manh\u00e3es<\/em><\/strong><\/cite><\/blockquote>\n\n\n\n<p>O uso das ferramentas tecnol\u00f3gicas avan\u00e7ou de forma consider\u00e1vel nos \u00faltimos anos e pode preocupar alguns profissionais, mas n\u00e3o \u00e9 o caso de&nbsp;<strong>Manh\u00e3es<\/strong>. Ele considera a tecnologia uma aliada \u00e0 criatividade da profiss\u00e3o. Contudo, ele ressalta a import\u00e2ncia do diferencial humano: \u201c<strong>o valor e o peso da humanidade nas rela\u00e7\u00f5es e na comunica\u00e7\u00e3o ser\u00e3o cada vez maiores<\/strong>\u201c.&nbsp;&nbsp;<\/p>\n\n\n\n<p>O publicit\u00e1rio disse, ainda, que um dos grandes desafios, hoje, \u00e9 fazer uma comunica\u00e7\u00e3o atrativa e assertiva. E que para fazer isso \u00e9<strong>&nbsp;preciso pensar em ideias novas, buscar alternativas, recorrer \u00e0s refer\u00eancias do passado e nunca deixar de lado o aprendizado, a leitura e o estudo<\/strong>.&nbsp;&nbsp;<\/p>\n\n\n\n<p>Manh\u00e3es acredita que a publicidade capixaba est\u00e1&nbsp; enfrentando um momento morno por falta de grandes produ\u00e7\u00f5es e destaques. Contudo, ele avalia que o Esp\u00edrito Santo j\u00e1 formou profissionais excelentes e espera que em breve<strong>&nbsp;esse ciclo se renove com a entrada de novas mentes criativas no mercado de trabalho para que a publicidade volte a ser divertida como era antes.&nbsp;<\/strong><\/p>\n\n\n\n<p>Texto retirado de Faesa Digital, escrito por: Fernanda Gon\u00e7alves Sant\u2019Anna e Jordana Nicoli Chiabi Duarte.<br>Fotos por: Yago Nascimento de Oliveira<\/p>\n","protected":false},"excerpt":{"rendered":"<p>Voc\u00ea j\u00e1 imaginou como seria ter uma m\u00e1quina do tempo? Poder visitar o passado e conhecer a fundo as grandes hist\u00f3rias que fizeram o mundo ser como \u00e9 hoje? O\u00a0n\u00facleo de Publicidade do Laborat\u00f3rio de Comunica\u00e7\u00e3o e Mercado (LACOS) do Centro Universit\u00e1rio FAESA\u00a0j\u00e1 sonhou com isso tantas vezes que resolveu criar uma solu\u00e7\u00e3o:\u00a0o Arquiv027, uma [&#8230;]\n","protected":false},"author":6,"featured_media":2109,"comment_status":"open","ping_status":"open","sticky":false,"template":"","format":"standard","meta":[],"categories":[11],"tags":[],"yoast_head":"<!-- This site is optimized with the Yoast SEO plugin v21.8.1 - https:\/\/yoast.com\/wordpress\/plugins\/seo\/ -->\n<title>ARQUIV027: UMA VIAGEM NA HIST\u00d3RIA DA PUBLICIDADE CAPIXABA - Prisma Intelig\u00eancia<\/title>\n<meta name=\"description\" content=\"Uma viagem na hist\u00f3ria da publicidade capixaba e o registro do \u00fanico Le\u00e3o de Ouro no Esp\u00edrito Santo. Leia mais!\" \/>\n<meta name=\"robots\" content=\"index, follow, max-snippet:-1, max-image-preview:large, max-video-preview:-1\" \/>\n<link rel=\"canonical\" href=\"https:\/\/www.prix.com.br\/prisma-inteligencia\/arquiv027-uma-viagem-na-historia-da-publicidade-capixaba\/\" \/>\n<meta property=\"og:locale\" content=\"pt_BR\" \/>\n<meta property=\"og:type\" content=\"article\" \/>\n<meta property=\"og:title\" content=\"ARQUIV027: UMA VIAGEM NA HIST\u00d3RIA DA PUBLICIDADE CAPIXABA - Prisma Intelig\u00eancia\" \/>\n<meta property=\"og:description\" content=\"Uma viagem na hist\u00f3ria da publicidade capixaba e o registro do \u00fanico Le\u00e3o de Ouro no Esp\u00edrito Santo. Leia mais!\" \/>\n<meta property=\"og:url\" content=\"https:\/\/www.prix.com.br\/prisma-inteligencia\/arquiv027-uma-viagem-na-historia-da-publicidade-capixaba\/\" \/>\n<meta property=\"og:site_name\" content=\"Prisma Intelig\u00eancia\" \/>\n<meta property=\"article:published_time\" content=\"2023-11-27T14:38:32+00:00\" \/>\n<meta property=\"article:modified_time\" content=\"2024-06-25T13:07:48+00:00\" \/>\n<meta property=\"og:image\" content=\"https:\/\/www.prix.com.br\/prisma-inteligencia\/wp-content\/uploads\/2023\/11\/dsc02843.webp\" \/>\n\t<meta property=\"og:image:width\" content=\"1024\" \/>\n\t<meta property=\"og:image:height\" content=\"682\" \/>\n\t<meta property=\"og:image:type\" content=\"image\/webp\" \/>\n<meta name=\"author\" content=\"Matheus Galv\u00e3o\" \/>\n<meta name=\"twitter:card\" content=\"summary_large_image\" \/>\n<meta name=\"twitter:label1\" content=\"Escrito por\" \/>\n\t<meta name=\"twitter:data1\" content=\"Matheus Galv\u00e3o\" \/>\n\t<meta name=\"twitter:label2\" content=\"Est. tempo de leitura\" \/>\n\t<meta name=\"twitter:data2\" content=\"9 minutos\" \/>\n<script type=\"application\/ld+json\" class=\"yoast-schema-graph\">{\"@context\":\"https:\/\/schema.org\",\"@graph\":[{\"@type\":\"Article\",\"@id\":\"https:\/\/www.prix.com.br\/prisma-inteligencia\/arquiv027-uma-viagem-na-historia-da-publicidade-capixaba\/#article\",\"isPartOf\":{\"@id\":\"https:\/\/www.prix.com.br\/prisma-inteligencia\/arquiv027-uma-viagem-na-historia-da-publicidade-capixaba\/\"},\"author\":{\"name\":\"Matheus Galv\u00e3o\",\"@id\":\"https:\/\/www.prix.com.br\/prisma-inteligencia\/#\/schema\/person\/976579f27135ac1cbd1a49da1a78347f\"},\"headline\":\"ARQUIV027: UMA VIAGEM NA HIST\u00d3RIA DA PUBLICIDADE CAPIXABA\",\"datePublished\":\"2023-11-27T14:38:32+00:00\",\"dateModified\":\"2024-06-25T13:07:48+00:00\",\"mainEntityOfPage\":{\"@id\":\"https:\/\/www.prix.com.br\/prisma-inteligencia\/arquiv027-uma-viagem-na-historia-da-publicidade-capixaba\/\"},\"wordCount\":1351,\"commentCount\":0,\"publisher\":{\"@id\":\"https:\/\/www.prix.com.br\/prisma-inteligencia\/#organization\"},\"articleSection\":[\"blog\"],\"inLanguage\":\"pt-BR\",\"potentialAction\":[{\"@type\":\"CommentAction\",\"name\":\"Comment\",\"target\":[\"https:\/\/www.prix.com.br\/prisma-inteligencia\/arquiv027-uma-viagem-na-historia-da-publicidade-capixaba\/#respond\"]}]},{\"@type\":\"WebPage\",\"@id\":\"https:\/\/www.prix.com.br\/prisma-inteligencia\/arquiv027-uma-viagem-na-historia-da-publicidade-capixaba\/\",\"url\":\"https:\/\/www.prix.com.br\/prisma-inteligencia\/arquiv027-uma-viagem-na-historia-da-publicidade-capixaba\/\",\"name\":\"ARQUIV027: UMA VIAGEM NA HIST\u00d3RIA DA PUBLICIDADE CAPIXABA - Prisma Intelig\u00eancia\",\"isPartOf\":{\"@id\":\"https:\/\/www.prix.com.br\/prisma-inteligencia\/#website\"},\"datePublished\":\"2023-11-27T14:38:32+00:00\",\"dateModified\":\"2024-06-25T13:07:48+00:00\",\"description\":\"Uma viagem na hist\u00f3ria da publicidade capixaba e o registro do \u00fanico Le\u00e3o de Ouro no Esp\u00edrito Santo. Leia mais!\",\"breadcrumb\":{\"@id\":\"https:\/\/www.prix.com.br\/prisma-inteligencia\/arquiv027-uma-viagem-na-historia-da-publicidade-capixaba\/#breadcrumb\"},\"inLanguage\":\"pt-BR\",\"potentialAction\":[{\"@type\":\"ReadAction\",\"target\":[\"https:\/\/www.prix.com.br\/prisma-inteligencia\/arquiv027-uma-viagem-na-historia-da-publicidade-capixaba\/\"]}]},{\"@type\":\"BreadcrumbList\",\"@id\":\"https:\/\/www.prix.com.br\/prisma-inteligencia\/arquiv027-uma-viagem-na-historia-da-publicidade-capixaba\/#breadcrumb\",\"itemListElement\":[{\"@type\":\"ListItem\",\"position\":1,\"name\":\"In\u00edcio\",\"item\":\"https:\/\/www.prix.com.br\/prisma-inteligencia\/\"},{\"@type\":\"ListItem\",\"position\":2,\"name\":\"ARQUIV027: UMA VIAGEM NA HIST\u00d3RIA DA PUBLICIDADE CAPIXABA\"}]},{\"@type\":\"WebSite\",\"@id\":\"https:\/\/www.prix.com.br\/prisma-inteligencia\/#website\",\"url\":\"https:\/\/www.prix.com.br\/prisma-inteligencia\/\",\"name\":\"Prisma Intelig\u00eancia\",\"description\":\"Segundo o Instituto Ipsos especializado em h\u00e1bitos de consumo e comunica\u00e7\u00e3o, somos impactados diariamente, por mais seis mil mensagens publicit\u00e1rias.\",\"publisher\":{\"@id\":\"https:\/\/www.prix.com.br\/prisma-inteligencia\/#organization\"},\"potentialAction\":[{\"@type\":\"SearchAction\",\"target\":{\"@type\":\"EntryPoint\",\"urlTemplate\":\"https:\/\/www.prix.com.br\/prisma-inteligencia\/?s={search_term_string}\"},\"query-input\":\"required name=search_term_string\"}],\"inLanguage\":\"pt-BR\"},{\"@type\":\"Organization\",\"@id\":\"https:\/\/www.prix.com.br\/prisma-inteligencia\/#organization\",\"name\":\"Prisma Intelig\u00eancia\",\"url\":\"https:\/\/www.prix.com.br\/prisma-inteligencia\/\",\"logo\":{\"@type\":\"ImageObject\",\"inLanguage\":\"pt-BR\",\"@id\":\"https:\/\/www.prix.com.br\/prisma-inteligencia\/#\/schema\/logo\/image\/\",\"url\":\"https:\/\/www.prix.com.br\/prisma-inteligencia\/wp-content\/uploads\/2019\/09\/Logo-Prisma.png\",\"contentUrl\":\"https:\/\/www.prix.com.br\/prisma-inteligencia\/wp-content\/uploads\/2019\/09\/Logo-Prisma.png\",\"width\":554,\"height\":154,\"caption\":\"Prisma Intelig\u00eancia\"},\"image\":{\"@id\":\"https:\/\/www.prix.com.br\/prisma-inteligencia\/#\/schema\/logo\/image\/\"}},{\"@type\":\"Person\",\"@id\":\"https:\/\/www.prix.com.br\/prisma-inteligencia\/#\/schema\/person\/976579f27135ac1cbd1a49da1a78347f\",\"name\":\"Matheus Galv\u00e3o\",\"image\":{\"@type\":\"ImageObject\",\"inLanguage\":\"pt-BR\",\"@id\":\"https:\/\/www.prix.com.br\/prisma-inteligencia\/#\/schema\/person\/image\/\",\"url\":\"https:\/\/secure.gravatar.com\/avatar\/01a73771894dcb861cd73e5da454e0d0?s=96&d=mm&r=g\",\"contentUrl\":\"https:\/\/secure.gravatar.com\/avatar\/01a73771894dcb861cd73e5da454e0d0?s=96&d=mm&r=g\",\"caption\":\"Matheus Galv\u00e3o\"},\"sameAs\":[\"http:\/\/www.prix.com.br\/prisma-inteligencia\/\"],\"url\":\"https:\/\/www.prix.com.br\/prisma-inteligencia\/author\/matheusgalvao\/\"}]}<\/script>\n<!-- \/ Yoast SEO plugin. -->","yoast_head_json":{"title":"ARQUIV027: UMA VIAGEM NA HIST\u00d3RIA DA PUBLICIDADE CAPIXABA - Prisma Intelig\u00eancia","description":"Uma viagem na hist\u00f3ria da publicidade capixaba e o registro do \u00fanico Le\u00e3o de Ouro no Esp\u00edrito Santo. Leia mais!","robots":{"index":"index","follow":"follow","max-snippet":"max-snippet:-1","max-image-preview":"max-image-preview:large","max-video-preview":"max-video-preview:-1"},"canonical":"https:\/\/www.prix.com.br\/prisma-inteligencia\/arquiv027-uma-viagem-na-historia-da-publicidade-capixaba\/","og_locale":"pt_BR","og_type":"article","og_title":"ARQUIV027: UMA VIAGEM NA HIST\u00d3RIA DA PUBLICIDADE CAPIXABA - Prisma Intelig\u00eancia","og_description":"Uma viagem na hist\u00f3ria da publicidade capixaba e o registro do \u00fanico Le\u00e3o de Ouro no Esp\u00edrito Santo. Leia mais!","og_url":"https:\/\/www.prix.com.br\/prisma-inteligencia\/arquiv027-uma-viagem-na-historia-da-publicidade-capixaba\/","og_site_name":"Prisma Intelig\u00eancia","article_published_time":"2023-11-27T14:38:32+00:00","article_modified_time":"2024-06-25T13:07:48+00:00","og_image":[{"width":1024,"height":682,"url":"https:\/\/www.prix.com.br\/prisma-inteligencia\/wp-content\/uploads\/2023\/11\/dsc02843.webp","type":"image\/webp"}],"author":"Matheus Galv\u00e3o","twitter_card":"summary_large_image","twitter_misc":{"Escrito por":"Matheus Galv\u00e3o","Est. tempo de leitura":"9 minutos"},"schema":{"@context":"https:\/\/schema.org","@graph":[{"@type":"Article","@id":"https:\/\/www.prix.com.br\/prisma-inteligencia\/arquiv027-uma-viagem-na-historia-da-publicidade-capixaba\/#article","isPartOf":{"@id":"https:\/\/www.prix.com.br\/prisma-inteligencia\/arquiv027-uma-viagem-na-historia-da-publicidade-capixaba\/"},"author":{"name":"Matheus Galv\u00e3o","@id":"https:\/\/www.prix.com.br\/prisma-inteligencia\/#\/schema\/person\/976579f27135ac1cbd1a49da1a78347f"},"headline":"ARQUIV027: UMA VIAGEM NA HIST\u00d3RIA DA PUBLICIDADE CAPIXABA","datePublished":"2023-11-27T14:38:32+00:00","dateModified":"2024-06-25T13:07:48+00:00","mainEntityOfPage":{"@id":"https:\/\/www.prix.com.br\/prisma-inteligencia\/arquiv027-uma-viagem-na-historia-da-publicidade-capixaba\/"},"wordCount":1351,"commentCount":0,"publisher":{"@id":"https:\/\/www.prix.com.br\/prisma-inteligencia\/#organization"},"articleSection":["blog"],"inLanguage":"pt-BR","potentialAction":[{"@type":"CommentAction","name":"Comment","target":["https:\/\/www.prix.com.br\/prisma-inteligencia\/arquiv027-uma-viagem-na-historia-da-publicidade-capixaba\/#respond"]}]},{"@type":"WebPage","@id":"https:\/\/www.prix.com.br\/prisma-inteligencia\/arquiv027-uma-viagem-na-historia-da-publicidade-capixaba\/","url":"https:\/\/www.prix.com.br\/prisma-inteligencia\/arquiv027-uma-viagem-na-historia-da-publicidade-capixaba\/","name":"ARQUIV027: UMA VIAGEM NA HIST\u00d3RIA DA PUBLICIDADE CAPIXABA - Prisma Intelig\u00eancia","isPartOf":{"@id":"https:\/\/www.prix.com.br\/prisma-inteligencia\/#website"},"datePublished":"2023-11-27T14:38:32+00:00","dateModified":"2024-06-25T13:07:48+00:00","description":"Uma viagem na hist\u00f3ria da publicidade capixaba e o registro do \u00fanico Le\u00e3o de Ouro no Esp\u00edrito Santo. Leia mais!","breadcrumb":{"@id":"https:\/\/www.prix.com.br\/prisma-inteligencia\/arquiv027-uma-viagem-na-historia-da-publicidade-capixaba\/#breadcrumb"},"inLanguage":"pt-BR","potentialAction":[{"@type":"ReadAction","target":["https:\/\/www.prix.com.br\/prisma-inteligencia\/arquiv027-uma-viagem-na-historia-da-publicidade-capixaba\/"]}]},{"@type":"BreadcrumbList","@id":"https:\/\/www.prix.com.br\/prisma-inteligencia\/arquiv027-uma-viagem-na-historia-da-publicidade-capixaba\/#breadcrumb","itemListElement":[{"@type":"ListItem","position":1,"name":"In\u00edcio","item":"https:\/\/www.prix.com.br\/prisma-inteligencia\/"},{"@type":"ListItem","position":2,"name":"ARQUIV027: UMA VIAGEM NA HIST\u00d3RIA DA PUBLICIDADE CAPIXABA"}]},{"@type":"WebSite","@id":"https:\/\/www.prix.com.br\/prisma-inteligencia\/#website","url":"https:\/\/www.prix.com.br\/prisma-inteligencia\/","name":"Prisma Intelig\u00eancia","description":"Segundo o Instituto Ipsos especializado em h\u00e1bitos de consumo e comunica\u00e7\u00e3o, somos impactados diariamente, por mais seis mil mensagens publicit\u00e1rias.","publisher":{"@id":"https:\/\/www.prix.com.br\/prisma-inteligencia\/#organization"},"potentialAction":[{"@type":"SearchAction","target":{"@type":"EntryPoint","urlTemplate":"https:\/\/www.prix.com.br\/prisma-inteligencia\/?s={search_term_string}"},"query-input":"required name=search_term_string"}],"inLanguage":"pt-BR"},{"@type":"Organization","@id":"https:\/\/www.prix.com.br\/prisma-inteligencia\/#organization","name":"Prisma Intelig\u00eancia","url":"https:\/\/www.prix.com.br\/prisma-inteligencia\/","logo":{"@type":"ImageObject","inLanguage":"pt-BR","@id":"https:\/\/www.prix.com.br\/prisma-inteligencia\/#\/schema\/logo\/image\/","url":"https:\/\/www.prix.com.br\/prisma-inteligencia\/wp-content\/uploads\/2019\/09\/Logo-Prisma.png","contentUrl":"https:\/\/www.prix.com.br\/prisma-inteligencia\/wp-content\/uploads\/2019\/09\/Logo-Prisma.png","width":554,"height":154,"caption":"Prisma Intelig\u00eancia"},"image":{"@id":"https:\/\/www.prix.com.br\/prisma-inteligencia\/#\/schema\/logo\/image\/"}},{"@type":"Person","@id":"https:\/\/www.prix.com.br\/prisma-inteligencia\/#\/schema\/person\/976579f27135ac1cbd1a49da1a78347f","name":"Matheus Galv\u00e3o","image":{"@type":"ImageObject","inLanguage":"pt-BR","@id":"https:\/\/www.prix.com.br\/prisma-inteligencia\/#\/schema\/person\/image\/","url":"https:\/\/secure.gravatar.com\/avatar\/01a73771894dcb861cd73e5da454e0d0?s=96&d=mm&r=g","contentUrl":"https:\/\/secure.gravatar.com\/avatar\/01a73771894dcb861cd73e5da454e0d0?s=96&d=mm&r=g","caption":"Matheus Galv\u00e3o"},"sameAs":["http:\/\/www.prix.com.br\/prisma-inteligencia\/"],"url":"https:\/\/www.prix.com.br\/prisma-inteligencia\/author\/matheusgalvao\/"}]}},"_links":{"self":[{"href":"https:\/\/www.prix.com.br\/prisma-inteligencia\/wp-json\/wp\/v2\/posts\/2108"}],"collection":[{"href":"https:\/\/www.prix.com.br\/prisma-inteligencia\/wp-json\/wp\/v2\/posts"}],"about":[{"href":"https:\/\/www.prix.com.br\/prisma-inteligencia\/wp-json\/wp\/v2\/types\/post"}],"author":[{"embeddable":true,"href":"https:\/\/www.prix.com.br\/prisma-inteligencia\/wp-json\/wp\/v2\/users\/6"}],"replies":[{"embeddable":true,"href":"https:\/\/www.prix.com.br\/prisma-inteligencia\/wp-json\/wp\/v2\/comments?post=2108"}],"version-history":[{"count":5,"href":"https:\/\/www.prix.com.br\/prisma-inteligencia\/wp-json\/wp\/v2\/posts\/2108\/revisions"}],"predecessor-version":[{"id":2167,"href":"https:\/\/www.prix.com.br\/prisma-inteligencia\/wp-json\/wp\/v2\/posts\/2108\/revisions\/2167"}],"wp:featuredmedia":[{"embeddable":true,"href":"https:\/\/www.prix.com.br\/prisma-inteligencia\/wp-json\/wp\/v2\/media\/2109"}],"wp:attachment":[{"href":"https:\/\/www.prix.com.br\/prisma-inteligencia\/wp-json\/wp\/v2\/media?parent=2108"}],"wp:term":[{"taxonomy":"category","embeddable":true,"href":"https:\/\/www.prix.com.br\/prisma-inteligencia\/wp-json\/wp\/v2\/categories?post=2108"},{"taxonomy":"post_tag","embeddable":true,"href":"https:\/\/www.prix.com.br\/prisma-inteligencia\/wp-json\/wp\/v2\/tags?post=2108"}],"curies":[{"name":"wp","href":"https:\/\/api.w.org\/{rel}","templated":true}]}}