{"id":2115,"date":"2024-01-03T15:26:38","date_gmt":"2024-01-03T18:26:38","guid":{"rendered":"https:\/\/www.prix.com.br\/prisma-inteligencia\/?p=2115"},"modified":"2024-01-03T15:27:14","modified_gmt":"2024-01-03T18:27:14","slug":"rede-gazeta-apresentou-a-14a-edicao-do-premio-marcas-de-valor-e-nosso-fundador-fernando-manhaes-destaca","status":"publish","type":"post","link":"https:\/\/www.prix.com.br\/prisma-inteligencia\/rede-gazeta-apresentou-a-14a-edicao-do-premio-marcas-de-valor-e-nosso-fundador-fernando-manhaes-destaca\/","title":{"rendered":"Rede Gazeta apresentou a 14\u00aa edi\u00e7\u00e3o do Pr\u00eamio Marcas de Valor e nosso fundador, Fernando Manh\u00e3es, destaca"},"content":{"rendered":"\n\n\n<p>A Rede Gazeta apresentou a 14\u00aa edi\u00e7\u00e3o do Pr\u00eamio Marcas de Valor no final do ano passado, um evento que reuniu empres\u00e1rios, autoridades e personalidades capixabas. Nosso fundador, Fernando Manh\u00e3es, destacou a crescente aten\u00e7\u00e3o dos consumidores em rela\u00e7\u00e3o \u00e0s marcas com as quais interagem:<\/p>\n\n\n\n<p>\u201c(&#8230;) muitos consumidores conscientes de seu papel, cobram de suas marcas uma postura mais transparente na sua rela\u00e7\u00e3o de produ\u00e7\u00e3o e venda. Infelizmente estamos falando ainda da exce\u00e7\u00e3o por parte das empresas. Num mundo que ainda passa fome, o perfil desse consumidor \u00e9 mais bem definido em pa\u00edses desenvolvidos e democr\u00e1ticos. Pessoas da classe social alta e com escolaridade superior.\u201d&nbsp;<\/p>\n\n\n\n<p>\u201cCom a internet e as rede sociais ficou mais f\u00e1cil saber se as marcas de fato, acreditam naquilo que est\u00e3o falando.\u201d<\/p>\n\n\n<div class=\"wp-block-image\">\n<figure class=\"aligncenter size-full is-resized\"><img decoding=\"async\" loading=\"lazy\" src=\"https:\/\/www.prix.com.br\/prisma-inteligencia\/wp-content\/uploads\/2024\/01\/WhatsApp-Image-2024-01-03-at-15.03.02.jpeg\" alt=\"\" class=\"wp-image-2118\" width=\"195\" height=\"397\" srcset=\"https:\/\/www.prix.com.br\/prisma-inteligencia\/wp-content\/uploads\/2024\/01\/WhatsApp-Image-2024-01-03-at-15.03.02.jpeg 272w, https:\/\/www.prix.com.br\/prisma-inteligencia\/wp-content\/uploads\/2024\/01\/WhatsApp-Image-2024-01-03-at-15.03.02-147x300.jpeg 147w\" sizes=\"(max-width: 195px) 100vw, 195px\" \/><\/figure><\/div>\n\n\n<p>Essa aten\u00e7\u00e3o \u00e9 crucial para todas as marcas, sejam elas capixabas ou globais, j\u00e1 que \u00e9 fundamental estarem cientes de sua posi\u00e7\u00e3o no mercado em que atuam.&nbsp;<\/p>\n\n\n\n<p>A edi\u00e7\u00e3o do 14\u00ba Pr\u00eamio Marcas de Valor est\u00e1 dispon\u00edvel em A Gazeta.<\/p>\n\n\n\n<p>agazeta.com.br\/marcasdevalor<\/p>\n","protected":false},"excerpt":{"rendered":"<p>A Rede Gazeta apresentou a 14\u00aa edi\u00e7\u00e3o do Pr\u00eamio Marcas de Valor no final do ano passado, um evento que reuniu empres\u00e1rios, autoridades e personalidades capixabas. Nosso fundador, Fernando Manh\u00e3es, destacou a crescente aten\u00e7\u00e3o dos consumidores em rela\u00e7\u00e3o \u00e0s marcas com as quais interagem: \u201c(&#8230;) muitos consumidores conscientes de seu papel, cobram de suas marcas [&#8230;]\n","protected":false},"author":6,"featured_media":2117,"comment_status":"open","ping_status":"open","sticky":false,"template":"","format":"standard","meta":[],"categories":[11],"tags":[],"yoast_head":"<!-- This site is optimized with the Yoast SEO plugin v21.8.1 - https:\/\/yoast.com\/wordpress\/plugins\/seo\/ -->\n<title>Rede Gazeta apresentou a 14\u00aa edi\u00e7\u00e3o do Pr\u00eamio Marcas de Valor e nosso fundador, Fernando Manh\u00e3es, destaca - Prisma Intelig\u00eancia %<\/title>\n<meta name=\"robots\" content=\"index, follow, max-snippet:-1, max-image-preview:large, max-video-preview:-1\" \/>\n<link rel=\"canonical\" href=\"https:\/\/www.prix.com.br\/prisma-inteligencia\/rede-gazeta-apresentou-a-14a-edicao-do-premio-marcas-de-valor-e-nosso-fundador-fernando-manhaes-destaca\/\" \/>\n<meta property=\"og:locale\" content=\"pt_BR\" \/>\n<meta property=\"og:type\" content=\"article\" \/>\n<meta property=\"og:title\" content=\"Rede Gazeta apresentou a 14\u00aa edi\u00e7\u00e3o do Pr\u00eamio Marcas de Valor e nosso fundador, Fernando Manh\u00e3es, destaca - Prisma Intelig\u00eancia %\" \/>\n<meta property=\"og:description\" content=\"A Rede Gazeta apresentou a 14\u00aa edi\u00e7\u00e3o do Pr\u00eamio Marcas de Valor no final do ano passado, um evento que reuniu empres\u00e1rios, autoridades e personalidades capixabas. Nosso fundador, Fernando Manh\u00e3es, destacou a crescente aten\u00e7\u00e3o dos consumidores em rela\u00e7\u00e3o \u00e0s marcas com as quais interagem: \u201c(&#8230;) muitos consumidores conscientes de seu papel, cobram de suas marcas [...]\" \/>\n<meta property=\"og:url\" content=\"https:\/\/www.prix.com.br\/prisma-inteligencia\/rede-gazeta-apresentou-a-14a-edicao-do-premio-marcas-de-valor-e-nosso-fundador-fernando-manhaes-destaca\/\" \/>\n<meta property=\"og:site_name\" content=\"Prisma Intelig\u00eancia\" \/>\n<meta property=\"article:published_time\" content=\"2024-01-03T18:26:38+00:00\" \/>\n<meta property=\"article:modified_time\" content=\"2024-01-03T18:27:14+00:00\" \/>\n<meta property=\"og:image\" content=\"http:\/\/www.prix.com.br\/prisma-inteligencia\/wp-content\/uploads\/2024\/01\/marcas.png\" \/>\n\t<meta property=\"og:image:width\" content=\"775\" \/>\n\t<meta property=\"og:image:height\" content=\"568\" \/>\n\t<meta property=\"og:image:type\" content=\"image\/png\" \/>\n<meta name=\"author\" content=\"Matheus Galv\u00e3o\" \/>\n<meta name=\"twitter:card\" content=\"summary_large_image\" \/>\n<meta name=\"twitter:label1\" content=\"Escrito por\" \/>\n\t<meta name=\"twitter:data1\" content=\"Matheus Galv\u00e3o\" \/>\n\t<meta name=\"twitter:label2\" content=\"Est. tempo de leitura\" \/>\n\t<meta name=\"twitter:data2\" content=\"2 minutos\" \/>\n<script type=\"application\/ld+json\" class=\"yoast-schema-graph\">{\"@context\":\"https:\/\/schema.org\",\"@graph\":[{\"@type\":\"Article\",\"@id\":\"https:\/\/www.prix.com.br\/prisma-inteligencia\/rede-gazeta-apresentou-a-14a-edicao-do-premio-marcas-de-valor-e-nosso-fundador-fernando-manhaes-destaca\/#article\",\"isPartOf\":{\"@id\":\"https:\/\/www.prix.com.br\/prisma-inteligencia\/rede-gazeta-apresentou-a-14a-edicao-do-premio-marcas-de-valor-e-nosso-fundador-fernando-manhaes-destaca\/\"},\"author\":{\"name\":\"Matheus Galv\u00e3o\",\"@id\":\"https:\/\/www.prix.com.br\/prisma-inteligencia\/#\/schema\/person\/976579f27135ac1cbd1a49da1a78347f\"},\"headline\":\"Rede Gazeta apresentou a 14\u00aa edi\u00e7\u00e3o do Pr\u00eamio Marcas de Valor e nosso fundador, Fernando Manh\u00e3es, destaca\",\"datePublished\":\"2024-01-03T18:26:38+00:00\",\"dateModified\":\"2024-01-03T18:27:14+00:00\",\"mainEntityOfPage\":{\"@id\":\"https:\/\/www.prix.com.br\/prisma-inteligencia\/rede-gazeta-apresentou-a-14a-edicao-do-premio-marcas-de-valor-e-nosso-fundador-fernando-manhaes-destaca\/\"},\"wordCount\":202,\"commentCount\":0,\"publisher\":{\"@id\":\"https:\/\/www.prix.com.br\/prisma-inteligencia\/#organization\"},\"articleSection\":[\"blog\"],\"inLanguage\":\"pt-BR\",\"potentialAction\":[{\"@type\":\"CommentAction\",\"name\":\"Comment\",\"target\":[\"https:\/\/www.prix.com.br\/prisma-inteligencia\/rede-gazeta-apresentou-a-14a-edicao-do-premio-marcas-de-valor-e-nosso-fundador-fernando-manhaes-destaca\/#respond\"]}]},{\"@type\":\"WebPage\",\"@id\":\"https:\/\/www.prix.com.br\/prisma-inteligencia\/rede-gazeta-apresentou-a-14a-edicao-do-premio-marcas-de-valor-e-nosso-fundador-fernando-manhaes-destaca\/\",\"url\":\"https:\/\/www.prix.com.br\/prisma-inteligencia\/rede-gazeta-apresentou-a-14a-edicao-do-premio-marcas-de-valor-e-nosso-fundador-fernando-manhaes-destaca\/\",\"name\":\"Rede Gazeta apresentou a 14\u00aa edi\u00e7\u00e3o do Pr\u00eamio Marcas de Valor e nosso fundador, Fernando Manh\u00e3es, destaca - Prisma Intelig\u00eancia %\",\"isPartOf\":{\"@id\":\"https:\/\/www.prix.com.br\/prisma-inteligencia\/#website\"},\"datePublished\":\"2024-01-03T18:26:38+00:00\",\"dateModified\":\"2024-01-03T18:27:14+00:00\",\"breadcrumb\":{\"@id\":\"https:\/\/www.prix.com.br\/prisma-inteligencia\/rede-gazeta-apresentou-a-14a-edicao-do-premio-marcas-de-valor-e-nosso-fundador-fernando-manhaes-destaca\/#breadcrumb\"},\"inLanguage\":\"pt-BR\",\"potentialAction\":[{\"@type\":\"ReadAction\",\"target\":[\"https:\/\/www.prix.com.br\/prisma-inteligencia\/rede-gazeta-apresentou-a-14a-edicao-do-premio-marcas-de-valor-e-nosso-fundador-fernando-manhaes-destaca\/\"]}]},{\"@type\":\"BreadcrumbList\",\"@id\":\"https:\/\/www.prix.com.br\/prisma-inteligencia\/rede-gazeta-apresentou-a-14a-edicao-do-premio-marcas-de-valor-e-nosso-fundador-fernando-manhaes-destaca\/#breadcrumb\",\"itemListElement\":[{\"@type\":\"ListItem\",\"position\":1,\"name\":\"In\u00edcio\",\"item\":\"https:\/\/www.prix.com.br\/prisma-inteligencia\/\"},{\"@type\":\"ListItem\",\"position\":2,\"name\":\"Rede Gazeta apresentou a 14\u00aa edi\u00e7\u00e3o do Pr\u00eamio Marcas de Valor e nosso fundador, Fernando Manh\u00e3es, destaca\"}]},{\"@type\":\"WebSite\",\"@id\":\"https:\/\/www.prix.com.br\/prisma-inteligencia\/#website\",\"url\":\"https:\/\/www.prix.com.br\/prisma-inteligencia\/\",\"name\":\"Prisma Intelig\u00eancia\",\"description\":\"Segundo o Instituto Ipsos especializado em h\u00e1bitos de consumo e comunica\u00e7\u00e3o, somos impactados diariamente, por mais seis mil mensagens publicit\u00e1rias.\",\"publisher\":{\"@id\":\"https:\/\/www.prix.com.br\/prisma-inteligencia\/#organization\"},\"potentialAction\":[{\"@type\":\"SearchAction\",\"target\":{\"@type\":\"EntryPoint\",\"urlTemplate\":\"https:\/\/www.prix.com.br\/prisma-inteligencia\/?s={search_term_string}\"},\"query-input\":\"required name=search_term_string\"}],\"inLanguage\":\"pt-BR\"},{\"@type\":\"Organization\",\"@id\":\"https:\/\/www.prix.com.br\/prisma-inteligencia\/#organization\",\"name\":\"Prisma Intelig\u00eancia\",\"url\":\"https:\/\/www.prix.com.br\/prisma-inteligencia\/\",\"logo\":{\"@type\":\"ImageObject\",\"inLanguage\":\"pt-BR\",\"@id\":\"https:\/\/www.prix.com.br\/prisma-inteligencia\/#\/schema\/logo\/image\/\",\"url\":\"https:\/\/www.prix.com.br\/prisma-inteligencia\/wp-content\/uploads\/2019\/09\/Logo-Prisma.png\",\"contentUrl\":\"https:\/\/www.prix.com.br\/prisma-inteligencia\/wp-content\/uploads\/2019\/09\/Logo-Prisma.png\",\"width\":554,\"height\":154,\"caption\":\"Prisma Intelig\u00eancia\"},\"image\":{\"@id\":\"https:\/\/www.prix.com.br\/prisma-inteligencia\/#\/schema\/logo\/image\/\"}},{\"@type\":\"Person\",\"@id\":\"https:\/\/www.prix.com.br\/prisma-inteligencia\/#\/schema\/person\/976579f27135ac1cbd1a49da1a78347f\",\"name\":\"Matheus Galv\u00e3o\",\"image\":{\"@type\":\"ImageObject\",\"inLanguage\":\"pt-BR\",\"@id\":\"https:\/\/www.prix.com.br\/prisma-inteligencia\/#\/schema\/person\/image\/\",\"url\":\"https:\/\/secure.gravatar.com\/avatar\/01a73771894dcb861cd73e5da454e0d0?s=96&d=mm&r=g\",\"contentUrl\":\"https:\/\/secure.gravatar.com\/avatar\/01a73771894dcb861cd73e5da454e0d0?s=96&d=mm&r=g\",\"caption\":\"Matheus Galv\u00e3o\"},\"sameAs\":[\"http:\/\/www.prix.com.br\/prisma-inteligencia\/\"],\"url\":\"https:\/\/www.prix.com.br\/prisma-inteligencia\/author\/matheusgalvao\/\"}]}<\/script>\n<!-- \/ Yoast SEO plugin. -->","yoast_head_json":{"title":"Rede Gazeta apresentou a 14\u00aa edi\u00e7\u00e3o do Pr\u00eamio Marcas de Valor e nosso fundador, Fernando Manh\u00e3es, destaca - Prisma Intelig\u00eancia %","robots":{"index":"index","follow":"follow","max-snippet":"max-snippet:-1","max-image-preview":"max-image-preview:large","max-video-preview":"max-video-preview:-1"},"canonical":"https:\/\/www.prix.com.br\/prisma-inteligencia\/rede-gazeta-apresentou-a-14a-edicao-do-premio-marcas-de-valor-e-nosso-fundador-fernando-manhaes-destaca\/","og_locale":"pt_BR","og_type":"article","og_title":"Rede Gazeta apresentou a 14\u00aa edi\u00e7\u00e3o do Pr\u00eamio Marcas de Valor e nosso fundador, Fernando Manh\u00e3es, destaca - Prisma Intelig\u00eancia %","og_description":"A Rede Gazeta apresentou a 14\u00aa edi\u00e7\u00e3o do Pr\u00eamio Marcas de Valor no final do ano passado, um evento que reuniu empres\u00e1rios, autoridades e personalidades capixabas. Nosso fundador, Fernando Manh\u00e3es, destacou a crescente aten\u00e7\u00e3o dos consumidores em rela\u00e7\u00e3o \u00e0s marcas com as quais interagem: \u201c(&#8230;) muitos consumidores conscientes de seu papel, cobram de suas marcas [...]","og_url":"https:\/\/www.prix.com.br\/prisma-inteligencia\/rede-gazeta-apresentou-a-14a-edicao-do-premio-marcas-de-valor-e-nosso-fundador-fernando-manhaes-destaca\/","og_site_name":"Prisma Intelig\u00eancia","article_published_time":"2024-01-03T18:26:38+00:00","article_modified_time":"2024-01-03T18:27:14+00:00","og_image":[{"width":775,"height":568,"url":"http:\/\/www.prix.com.br\/prisma-inteligencia\/wp-content\/uploads\/2024\/01\/marcas.png","type":"image\/png"}],"author":"Matheus Galv\u00e3o","twitter_card":"summary_large_image","twitter_misc":{"Escrito por":"Matheus Galv\u00e3o","Est. tempo de leitura":"2 minutos"},"schema":{"@context":"https:\/\/schema.org","@graph":[{"@type":"Article","@id":"https:\/\/www.prix.com.br\/prisma-inteligencia\/rede-gazeta-apresentou-a-14a-edicao-do-premio-marcas-de-valor-e-nosso-fundador-fernando-manhaes-destaca\/#article","isPartOf":{"@id":"https:\/\/www.prix.com.br\/prisma-inteligencia\/rede-gazeta-apresentou-a-14a-edicao-do-premio-marcas-de-valor-e-nosso-fundador-fernando-manhaes-destaca\/"},"author":{"name":"Matheus Galv\u00e3o","@id":"https:\/\/www.prix.com.br\/prisma-inteligencia\/#\/schema\/person\/976579f27135ac1cbd1a49da1a78347f"},"headline":"Rede Gazeta apresentou a 14\u00aa edi\u00e7\u00e3o do Pr\u00eamio Marcas de Valor e nosso fundador, Fernando Manh\u00e3es, destaca","datePublished":"2024-01-03T18:26:38+00:00","dateModified":"2024-01-03T18:27:14+00:00","mainEntityOfPage":{"@id":"https:\/\/www.prix.com.br\/prisma-inteligencia\/rede-gazeta-apresentou-a-14a-edicao-do-premio-marcas-de-valor-e-nosso-fundador-fernando-manhaes-destaca\/"},"wordCount":202,"commentCount":0,"publisher":{"@id":"https:\/\/www.prix.com.br\/prisma-inteligencia\/#organization"},"articleSection":["blog"],"inLanguage":"pt-BR","potentialAction":[{"@type":"CommentAction","name":"Comment","target":["https:\/\/www.prix.com.br\/prisma-inteligencia\/rede-gazeta-apresentou-a-14a-edicao-do-premio-marcas-de-valor-e-nosso-fundador-fernando-manhaes-destaca\/#respond"]}]},{"@type":"WebPage","@id":"https:\/\/www.prix.com.br\/prisma-inteligencia\/rede-gazeta-apresentou-a-14a-edicao-do-premio-marcas-de-valor-e-nosso-fundador-fernando-manhaes-destaca\/","url":"https:\/\/www.prix.com.br\/prisma-inteligencia\/rede-gazeta-apresentou-a-14a-edicao-do-premio-marcas-de-valor-e-nosso-fundador-fernando-manhaes-destaca\/","name":"Rede Gazeta apresentou a 14\u00aa edi\u00e7\u00e3o do Pr\u00eamio Marcas de Valor e nosso fundador, Fernando Manh\u00e3es, destaca - Prisma Intelig\u00eancia %","isPartOf":{"@id":"https:\/\/www.prix.com.br\/prisma-inteligencia\/#website"},"datePublished":"2024-01-03T18:26:38+00:00","dateModified":"2024-01-03T18:27:14+00:00","breadcrumb":{"@id":"https:\/\/www.prix.com.br\/prisma-inteligencia\/rede-gazeta-apresentou-a-14a-edicao-do-premio-marcas-de-valor-e-nosso-fundador-fernando-manhaes-destaca\/#breadcrumb"},"inLanguage":"pt-BR","potentialAction":[{"@type":"ReadAction","target":["https:\/\/www.prix.com.br\/prisma-inteligencia\/rede-gazeta-apresentou-a-14a-edicao-do-premio-marcas-de-valor-e-nosso-fundador-fernando-manhaes-destaca\/"]}]},{"@type":"BreadcrumbList","@id":"https:\/\/www.prix.com.br\/prisma-inteligencia\/rede-gazeta-apresentou-a-14a-edicao-do-premio-marcas-de-valor-e-nosso-fundador-fernando-manhaes-destaca\/#breadcrumb","itemListElement":[{"@type":"ListItem","position":1,"name":"In\u00edcio","item":"https:\/\/www.prix.com.br\/prisma-inteligencia\/"},{"@type":"ListItem","position":2,"name":"Rede Gazeta apresentou a 14\u00aa edi\u00e7\u00e3o do Pr\u00eamio Marcas de Valor e nosso fundador, Fernando Manh\u00e3es, destaca"}]},{"@type":"WebSite","@id":"https:\/\/www.prix.com.br\/prisma-inteligencia\/#website","url":"https:\/\/www.prix.com.br\/prisma-inteligencia\/","name":"Prisma Intelig\u00eancia","description":"Segundo o Instituto Ipsos especializado em h\u00e1bitos de consumo e comunica\u00e7\u00e3o, somos impactados diariamente, por mais seis mil mensagens publicit\u00e1rias.","publisher":{"@id":"https:\/\/www.prix.com.br\/prisma-inteligencia\/#organization"},"potentialAction":[{"@type":"SearchAction","target":{"@type":"EntryPoint","urlTemplate":"https:\/\/www.prix.com.br\/prisma-inteligencia\/?s={search_term_string}"},"query-input":"required name=search_term_string"}],"inLanguage":"pt-BR"},{"@type":"Organization","@id":"https:\/\/www.prix.com.br\/prisma-inteligencia\/#organization","name":"Prisma Intelig\u00eancia","url":"https:\/\/www.prix.com.br\/prisma-inteligencia\/","logo":{"@type":"ImageObject","inLanguage":"pt-BR","@id":"https:\/\/www.prix.com.br\/prisma-inteligencia\/#\/schema\/logo\/image\/","url":"https:\/\/www.prix.com.br\/prisma-inteligencia\/wp-content\/uploads\/2019\/09\/Logo-Prisma.png","contentUrl":"https:\/\/www.prix.com.br\/prisma-inteligencia\/wp-content\/uploads\/2019\/09\/Logo-Prisma.png","width":554,"height":154,"caption":"Prisma Intelig\u00eancia"},"image":{"@id":"https:\/\/www.prix.com.br\/prisma-inteligencia\/#\/schema\/logo\/image\/"}},{"@type":"Person","@id":"https:\/\/www.prix.com.br\/prisma-inteligencia\/#\/schema\/person\/976579f27135ac1cbd1a49da1a78347f","name":"Matheus Galv\u00e3o","image":{"@type":"ImageObject","inLanguage":"pt-BR","@id":"https:\/\/www.prix.com.br\/prisma-inteligencia\/#\/schema\/person\/image\/","url":"https:\/\/secure.gravatar.com\/avatar\/01a73771894dcb861cd73e5da454e0d0?s=96&d=mm&r=g","contentUrl":"https:\/\/secure.gravatar.com\/avatar\/01a73771894dcb861cd73e5da454e0d0?s=96&d=mm&r=g","caption":"Matheus Galv\u00e3o"},"sameAs":["http:\/\/www.prix.com.br\/prisma-inteligencia\/"],"url":"https:\/\/www.prix.com.br\/prisma-inteligencia\/author\/matheusgalvao\/"}]}},"_links":{"self":[{"href":"https:\/\/www.prix.com.br\/prisma-inteligencia\/wp-json\/wp\/v2\/posts\/2115"}],"collection":[{"href":"https:\/\/www.prix.com.br\/prisma-inteligencia\/wp-json\/wp\/v2\/posts"}],"about":[{"href":"https:\/\/www.prix.com.br\/prisma-inteligencia\/wp-json\/wp\/v2\/types\/post"}],"author":[{"embeddable":true,"href":"https:\/\/www.prix.com.br\/prisma-inteligencia\/wp-json\/wp\/v2\/users\/6"}],"replies":[{"embeddable":true,"href":"https:\/\/www.prix.com.br\/prisma-inteligencia\/wp-json\/wp\/v2\/comments?post=2115"}],"version-history":[{"count":3,"href":"https:\/\/www.prix.com.br\/prisma-inteligencia\/wp-json\/wp\/v2\/posts\/2115\/revisions"}],"predecessor-version":[{"id":2120,"href":"https:\/\/www.prix.com.br\/prisma-inteligencia\/wp-json\/wp\/v2\/posts\/2115\/revisions\/2120"}],"wp:featuredmedia":[{"embeddable":true,"href":"https:\/\/www.prix.com.br\/prisma-inteligencia\/wp-json\/wp\/v2\/media\/2117"}],"wp:attachment":[{"href":"https:\/\/www.prix.com.br\/prisma-inteligencia\/wp-json\/wp\/v2\/media?parent=2115"}],"wp:term":[{"taxonomy":"category","embeddable":true,"href":"https:\/\/www.prix.com.br\/prisma-inteligencia\/wp-json\/wp\/v2\/categories?post=2115"},{"taxonomy":"post_tag","embeddable":true,"href":"https:\/\/www.prix.com.br\/prisma-inteligencia\/wp-json\/wp\/v2\/tags?post=2115"}],"curies":[{"name":"wp","href":"https:\/\/api.w.org\/{rel}","templated":true}]}}