{"id":2133,"date":"2024-06-05T11:49:40","date_gmt":"2024-06-05T14:49:40","guid":{"rendered":"https:\/\/www.prix.com.br\/prisma-inteligencia\/?p=2133"},"modified":"2025-07-08T12:01:49","modified_gmt":"2025-07-08T15:01:49","slug":"a-disputa-pela-sua-atencao-esta-movendo-o-mundo","status":"publish","type":"post","link":"https:\/\/www.prix.com.br\/prisma-inteligencia\/a-disputa-pela-sua-atencao-esta-movendo-o-mundo\/","title":{"rendered":"A disputa pela sua aten\u00e7\u00e3o est\u00e1 movendo o mundo"},"content":{"rendered":"\n\n\n<p>Em tempos de Intelig\u00eancia Artificial e multiplica\u00e7\u00e3o de informa\u00e7\u00f5es no ambiente digital, chamar a<br>sua aten\u00e7\u00e3o virou objeto de marcas e empresas. Com a mudan\u00e7a das estruturas f\u00edsicas e os<br>constantes avan\u00e7os tecnol\u00f3gicos v\u00eam provocando um grau alt\u00edssimo de dificuldade de despertar a<br>aten\u00e7\u00e3o das pessoas.<\/p>\n\n\n\n<p>No passado a aplica\u00e7\u00e3o da t\u00e9cnica da AIDA (Aten\u00e7\u00e3o, Interesse, Desejo e A\u00e7\u00e3o) fazia todo sentido<br>como estrat\u00e9gia para chamar a aten\u00e7\u00e3o dos clientes, despertando o seu interesse, criando um desejo<br>e levando a uma a\u00e7\u00e3o de compra. Pareia f\u00e1cil. Uma f\u00f3rmula.<\/p>\n\n\n\n<p>Hoje n\u00e3o \u00e9 bem assim. Disputar sua aten\u00e7\u00e3o \u00e9 algo que vai al\u00e9m de formulas e de audi\u00eancia. Estamos diante da dualidade entre o mundo atrav\u00e9s de todas as formas comunica\u00e7\u00e3o e do outro lado a comunica\u00e7\u00e3o fluida e dispersa dos meios digitais. \u00c9 nesse ambiente que as marcas buscam nossa aten\u00e7\u00e3o. Nunca foi t\u00e3o dif\u00edcil captar a aten\u00e7\u00e3o de um determinado p\u00fablico alvo para entregar uma simples mensagem.<\/p>\n\n\n\n<p>Recente levantamento do CENPMEIOS aponta para o crescimento do investimento publicit\u00e1rio em<br>2023 para internet. O estudo mostrou que a internet atingiu 38,2% do investimento publicit\u00e1rio, bem<br>perto da TV Aberta que ainda mantem a lideran\u00e7a com 39,6%.<\/p>\n\n\n\n<p>Entretanto, com o aumento exponencial do investimento por parte dos anunciantes e o seu uso pelos clientes, o n\u00edvel de dispers\u00e3o \u00e9 superior ao dos meios convencionais. Basta pensar que podemos ser impactados de diversas formas e qualquer momento do dia. O volume de informa\u00e7\u00f5es as quais estamos expostos \u00e9 infinitamente maior na internet.<\/p>\n\n\n\n<p>Por outro lado, usamos o celular pra tudo. \u00c9 quase imposs\u00edvel n\u00e3o ser abordado por alguma marca<br>ou alguma oferta de produtos e servi\u00e7os. Segundo o Instituto Ipsos especializado em h\u00e1bitos de<br>consumo e comunica\u00e7\u00e3o, somos impactados diariamente, por mais seis mil mensagens publicit\u00e1rias.<br>S\u00e3o tantos os pontos de contato, que o n\u00edvel de esquecimento aumenta de forma sens\u00edvel.<\/p>\n\n\n\n<p>Estamos falando aqui de disputar sua aten\u00e7\u00e3o, reter \u00e9 outra conversa. O que podemos concluir \u00e9 que<br>apesar do interesse as pessoas na internet, n\u00e3o nos garante que o objetivo est\u00e1 sendo alcan\u00e7ado.<br>Segundo, que a qualidade da publicidade tem influ\u00eancia direta sobre o resultado na disputa e<br>reten\u00e7\u00e3o do conte\u00fado informado. Por fim, a repeti\u00e7\u00e3o dos conte\u00fados, ainda continua sendo<br>determinante no que \u00e9 de fato lembrado pelas pessoas.<\/p>\n\n\n\n<div class=\"wp-block-group is-layout-constrained\"><div class=\"wp-block-group__inner-container\"><\/div><\/div>\n","protected":false},"excerpt":{"rendered":"<p>Em tempos de Intelig\u00eancia Artificial e multiplica\u00e7\u00e3o de informa\u00e7\u00f5es no ambiente digital, chamar asua aten\u00e7\u00e3o virou objeto de marcas e empresas. Com a mudan\u00e7a das estruturas f\u00edsicas e osconstantes avan\u00e7os tecnol\u00f3gicos v\u00eam provocando um grau alt\u00edssimo de dificuldade de despertar aaten\u00e7\u00e3o das pessoas. No passado a aplica\u00e7\u00e3o da t\u00e9cnica da AIDA (Aten\u00e7\u00e3o, Interesse, Desejo e [&#8230;]\n","protected":false},"author":3,"featured_media":2135,"comment_status":"open","ping_status":"open","sticky":false,"template":"","format":"standard","meta":[],"categories":[11],"tags":[],"yoast_head":"<!-- This site is optimized with the Yoast SEO plugin v21.8.1 - https:\/\/yoast.com\/wordpress\/plugins\/seo\/ -->\n<title>A disputa pela sua aten\u00e7\u00e3o est\u00e1 movendo o mundo - Prisma Intelig\u00eancia<\/title>\n<meta name=\"description\" content=\"Segundo o Instituto Ipsos, especializado em h\u00e1bitos de consumo e comunica\u00e7\u00e3o, somos impactados diariamente por mais de seis mil mensagens publicit\u00e1rias. S\u00e3o tantos os pontos de contato que o n\u00edvel de esquecimento aumenta de forma sens\u00edvel.\" \/>\n<meta name=\"robots\" content=\"index, follow, max-snippet:-1, max-image-preview:large, max-video-preview:-1\" \/>\n<link rel=\"canonical\" href=\"https:\/\/www.prix.com.br\/prisma-inteligencia\/a-disputa-pela-sua-atencao-esta-movendo-o-mundo\/\" \/>\n<meta property=\"og:locale\" content=\"pt_BR\" \/>\n<meta property=\"og:type\" content=\"article\" \/>\n<meta property=\"og:title\" content=\"A disputa pela sua aten\u00e7\u00e3o est\u00e1 movendo o mundo - Prisma Intelig\u00eancia\" \/>\n<meta property=\"og:description\" content=\"Segundo o Instituto Ipsos, especializado em h\u00e1bitos de consumo e comunica\u00e7\u00e3o, somos impactados diariamente por mais de seis mil mensagens publicit\u00e1rias. S\u00e3o tantos os pontos de contato que o n\u00edvel de esquecimento aumenta de forma sens\u00edvel.\" \/>\n<meta property=\"og:url\" content=\"https:\/\/www.prix.com.br\/prisma-inteligencia\/a-disputa-pela-sua-atencao-esta-movendo-o-mundo\/\" \/>\n<meta property=\"og:site_name\" content=\"Prisma Intelig\u00eancia\" \/>\n<meta property=\"article:published_time\" content=\"2024-06-05T14:49:40+00:00\" \/>\n<meta property=\"article:modified_time\" content=\"2025-07-08T15:01:49+00:00\" \/>\n<meta property=\"og:image\" content=\"http:\/\/www.prix.com.br\/prisma-inteligencia\/wp-content\/uploads\/2024\/06\/woman-yelling-man-through-megaphone-2-1-scaled.jpg\" \/>\n\t<meta property=\"og:image:width\" content=\"2560\" \/>\n\t<meta property=\"og:image:height\" content=\"1709\" \/>\n\t<meta property=\"og:image:type\" content=\"image\/jpeg\" \/>\n<meta name=\"author\" content=\"prismapropaganda\" \/>\n<meta name=\"twitter:card\" content=\"summary_large_image\" \/>\n<meta name=\"twitter:label1\" content=\"Escrito por\" \/>\n\t<meta name=\"twitter:data1\" content=\"prismapropaganda\" \/>\n\t<meta name=\"twitter:label2\" content=\"Est. tempo de leitura\" \/>\n\t<meta name=\"twitter:data2\" content=\"3 minutos\" \/>\n<script type=\"application\/ld+json\" class=\"yoast-schema-graph\">{\"@context\":\"https:\/\/schema.org\",\"@graph\":[{\"@type\":\"Article\",\"@id\":\"https:\/\/www.prix.com.br\/prisma-inteligencia\/a-disputa-pela-sua-atencao-esta-movendo-o-mundo\/#article\",\"isPartOf\":{\"@id\":\"https:\/\/www.prix.com.br\/prisma-inteligencia\/a-disputa-pela-sua-atencao-esta-movendo-o-mundo\/\"},\"author\":{\"name\":\"prismapropaganda\",\"@id\":\"https:\/\/www.prix.com.br\/prisma-inteligencia\/#\/schema\/person\/d813d435436eba669bf9474f0b7ebe2e\"},\"headline\":\"A disputa pela sua aten\u00e7\u00e3o est\u00e1 movendo o mundo\",\"datePublished\":\"2024-06-05T14:49:40+00:00\",\"dateModified\":\"2025-07-08T15:01:49+00:00\",\"mainEntityOfPage\":{\"@id\":\"https:\/\/www.prix.com.br\/prisma-inteligencia\/a-disputa-pela-sua-atencao-esta-movendo-o-mundo\/\"},\"wordCount\":420,\"commentCount\":0,\"publisher\":{\"@id\":\"https:\/\/www.prix.com.br\/prisma-inteligencia\/#organization\"},\"articleSection\":[\"blog\"],\"inLanguage\":\"pt-BR\",\"potentialAction\":[{\"@type\":\"CommentAction\",\"name\":\"Comment\",\"target\":[\"https:\/\/www.prix.com.br\/prisma-inteligencia\/a-disputa-pela-sua-atencao-esta-movendo-o-mundo\/#respond\"]}]},{\"@type\":\"WebPage\",\"@id\":\"https:\/\/www.prix.com.br\/prisma-inteligencia\/a-disputa-pela-sua-atencao-esta-movendo-o-mundo\/\",\"url\":\"https:\/\/www.prix.com.br\/prisma-inteligencia\/a-disputa-pela-sua-atencao-esta-movendo-o-mundo\/\",\"name\":\"A disputa pela sua aten\u00e7\u00e3o est\u00e1 movendo o mundo - Prisma Intelig\u00eancia\",\"isPartOf\":{\"@id\":\"https:\/\/www.prix.com.br\/prisma-inteligencia\/#website\"},\"datePublished\":\"2024-06-05T14:49:40+00:00\",\"dateModified\":\"2025-07-08T15:01:49+00:00\",\"description\":\"Segundo o Instituto Ipsos, especializado em h\u00e1bitos de consumo e comunica\u00e7\u00e3o, somos impactados diariamente por mais de seis mil mensagens publicit\u00e1rias. S\u00e3o tantos os pontos de contato que o n\u00edvel de esquecimento aumenta de forma sens\u00edvel.\",\"breadcrumb\":{\"@id\":\"https:\/\/www.prix.com.br\/prisma-inteligencia\/a-disputa-pela-sua-atencao-esta-movendo-o-mundo\/#breadcrumb\"},\"inLanguage\":\"pt-BR\",\"potentialAction\":[{\"@type\":\"ReadAction\",\"target\":[\"https:\/\/www.prix.com.br\/prisma-inteligencia\/a-disputa-pela-sua-atencao-esta-movendo-o-mundo\/\"]}]},{\"@type\":\"BreadcrumbList\",\"@id\":\"https:\/\/www.prix.com.br\/prisma-inteligencia\/a-disputa-pela-sua-atencao-esta-movendo-o-mundo\/#breadcrumb\",\"itemListElement\":[{\"@type\":\"ListItem\",\"position\":1,\"name\":\"In\u00edcio\",\"item\":\"https:\/\/www.prix.com.br\/prisma-inteligencia\/\"},{\"@type\":\"ListItem\",\"position\":2,\"name\":\"A disputa pela sua aten\u00e7\u00e3o est\u00e1 movendo o mundo\"}]},{\"@type\":\"WebSite\",\"@id\":\"https:\/\/www.prix.com.br\/prisma-inteligencia\/#website\",\"url\":\"https:\/\/www.prix.com.br\/prisma-inteligencia\/\",\"name\":\"Prisma Intelig\u00eancia\",\"description\":\"Segundo o Instituto Ipsos especializado em h\u00e1bitos de consumo e comunica\u00e7\u00e3o, somos impactados diariamente, por mais seis mil mensagens publicit\u00e1rias.\",\"publisher\":{\"@id\":\"https:\/\/www.prix.com.br\/prisma-inteligencia\/#organization\"},\"potentialAction\":[{\"@type\":\"SearchAction\",\"target\":{\"@type\":\"EntryPoint\",\"urlTemplate\":\"https:\/\/www.prix.com.br\/prisma-inteligencia\/?s={search_term_string}\"},\"query-input\":\"required name=search_term_string\"}],\"inLanguage\":\"pt-BR\"},{\"@type\":\"Organization\",\"@id\":\"https:\/\/www.prix.com.br\/prisma-inteligencia\/#organization\",\"name\":\"Prisma Intelig\u00eancia\",\"url\":\"https:\/\/www.prix.com.br\/prisma-inteligencia\/\",\"logo\":{\"@type\":\"ImageObject\",\"inLanguage\":\"pt-BR\",\"@id\":\"https:\/\/www.prix.com.br\/prisma-inteligencia\/#\/schema\/logo\/image\/\",\"url\":\"https:\/\/www.prix.com.br\/prisma-inteligencia\/wp-content\/uploads\/2019\/09\/Logo-Prisma.png\",\"contentUrl\":\"https:\/\/www.prix.com.br\/prisma-inteligencia\/wp-content\/uploads\/2019\/09\/Logo-Prisma.png\",\"width\":554,\"height\":154,\"caption\":\"Prisma Intelig\u00eancia\"},\"image\":{\"@id\":\"https:\/\/www.prix.com.br\/prisma-inteligencia\/#\/schema\/logo\/image\/\"}},{\"@type\":\"Person\",\"@id\":\"https:\/\/www.prix.com.br\/prisma-inteligencia\/#\/schema\/person\/d813d435436eba669bf9474f0b7ebe2e\",\"name\":\"prismapropaganda\",\"image\":{\"@type\":\"ImageObject\",\"inLanguage\":\"pt-BR\",\"@id\":\"https:\/\/www.prix.com.br\/prisma-inteligencia\/#\/schema\/person\/image\/\",\"url\":\"https:\/\/secure.gravatar.com\/avatar\/eef51ad1a483453f26525d77f2278cfc?s=96&d=mm&r=g\",\"contentUrl\":\"https:\/\/secure.gravatar.com\/avatar\/eef51ad1a483453f26525d77f2278cfc?s=96&d=mm&r=g\",\"caption\":\"prismapropaganda\"},\"url\":\"https:\/\/www.prix.com.br\/prisma-inteligencia\/author\/prismapropaganda\/\"}]}<\/script>\n<!-- \/ Yoast SEO plugin. -->","yoast_head_json":{"title":"A disputa pela sua aten\u00e7\u00e3o est\u00e1 movendo o mundo - Prisma Intelig\u00eancia","description":"Segundo o Instituto Ipsos, especializado em h\u00e1bitos de consumo e comunica\u00e7\u00e3o, somos impactados diariamente por mais de seis mil mensagens publicit\u00e1rias. S\u00e3o tantos os pontos de contato que o n\u00edvel de esquecimento aumenta de forma sens\u00edvel.","robots":{"index":"index","follow":"follow","max-snippet":"max-snippet:-1","max-image-preview":"max-image-preview:large","max-video-preview":"max-video-preview:-1"},"canonical":"https:\/\/www.prix.com.br\/prisma-inteligencia\/a-disputa-pela-sua-atencao-esta-movendo-o-mundo\/","og_locale":"pt_BR","og_type":"article","og_title":"A disputa pela sua aten\u00e7\u00e3o est\u00e1 movendo o mundo - Prisma Intelig\u00eancia","og_description":"Segundo o Instituto Ipsos, especializado em h\u00e1bitos de consumo e comunica\u00e7\u00e3o, somos impactados diariamente por mais de seis mil mensagens publicit\u00e1rias. S\u00e3o tantos os pontos de contato que o n\u00edvel de esquecimento aumenta de forma sens\u00edvel.","og_url":"https:\/\/www.prix.com.br\/prisma-inteligencia\/a-disputa-pela-sua-atencao-esta-movendo-o-mundo\/","og_site_name":"Prisma Intelig\u00eancia","article_published_time":"2024-06-05T14:49:40+00:00","article_modified_time":"2025-07-08T15:01:49+00:00","og_image":[{"width":2560,"height":1709,"url":"http:\/\/www.prix.com.br\/prisma-inteligencia\/wp-content\/uploads\/2024\/06\/woman-yelling-man-through-megaphone-2-1-scaled.jpg","type":"image\/jpeg"}],"author":"prismapropaganda","twitter_card":"summary_large_image","twitter_misc":{"Escrito por":"prismapropaganda","Est. tempo de leitura":"3 minutos"},"schema":{"@context":"https:\/\/schema.org","@graph":[{"@type":"Article","@id":"https:\/\/www.prix.com.br\/prisma-inteligencia\/a-disputa-pela-sua-atencao-esta-movendo-o-mundo\/#article","isPartOf":{"@id":"https:\/\/www.prix.com.br\/prisma-inteligencia\/a-disputa-pela-sua-atencao-esta-movendo-o-mundo\/"},"author":{"name":"prismapropaganda","@id":"https:\/\/www.prix.com.br\/prisma-inteligencia\/#\/schema\/person\/d813d435436eba669bf9474f0b7ebe2e"},"headline":"A disputa pela sua aten\u00e7\u00e3o est\u00e1 movendo o mundo","datePublished":"2024-06-05T14:49:40+00:00","dateModified":"2025-07-08T15:01:49+00:00","mainEntityOfPage":{"@id":"https:\/\/www.prix.com.br\/prisma-inteligencia\/a-disputa-pela-sua-atencao-esta-movendo-o-mundo\/"},"wordCount":420,"commentCount":0,"publisher":{"@id":"https:\/\/www.prix.com.br\/prisma-inteligencia\/#organization"},"articleSection":["blog"],"inLanguage":"pt-BR","potentialAction":[{"@type":"CommentAction","name":"Comment","target":["https:\/\/www.prix.com.br\/prisma-inteligencia\/a-disputa-pela-sua-atencao-esta-movendo-o-mundo\/#respond"]}]},{"@type":"WebPage","@id":"https:\/\/www.prix.com.br\/prisma-inteligencia\/a-disputa-pela-sua-atencao-esta-movendo-o-mundo\/","url":"https:\/\/www.prix.com.br\/prisma-inteligencia\/a-disputa-pela-sua-atencao-esta-movendo-o-mundo\/","name":"A disputa pela sua aten\u00e7\u00e3o est\u00e1 movendo o mundo - Prisma Intelig\u00eancia","isPartOf":{"@id":"https:\/\/www.prix.com.br\/prisma-inteligencia\/#website"},"datePublished":"2024-06-05T14:49:40+00:00","dateModified":"2025-07-08T15:01:49+00:00","description":"Segundo o Instituto Ipsos, especializado em h\u00e1bitos de consumo e comunica\u00e7\u00e3o, somos impactados diariamente por mais de seis mil mensagens publicit\u00e1rias. S\u00e3o tantos os pontos de contato que o n\u00edvel de esquecimento aumenta de forma sens\u00edvel.","breadcrumb":{"@id":"https:\/\/www.prix.com.br\/prisma-inteligencia\/a-disputa-pela-sua-atencao-esta-movendo-o-mundo\/#breadcrumb"},"inLanguage":"pt-BR","potentialAction":[{"@type":"ReadAction","target":["https:\/\/www.prix.com.br\/prisma-inteligencia\/a-disputa-pela-sua-atencao-esta-movendo-o-mundo\/"]}]},{"@type":"BreadcrumbList","@id":"https:\/\/www.prix.com.br\/prisma-inteligencia\/a-disputa-pela-sua-atencao-esta-movendo-o-mundo\/#breadcrumb","itemListElement":[{"@type":"ListItem","position":1,"name":"In\u00edcio","item":"https:\/\/www.prix.com.br\/prisma-inteligencia\/"},{"@type":"ListItem","position":2,"name":"A disputa pela sua aten\u00e7\u00e3o est\u00e1 movendo o mundo"}]},{"@type":"WebSite","@id":"https:\/\/www.prix.com.br\/prisma-inteligencia\/#website","url":"https:\/\/www.prix.com.br\/prisma-inteligencia\/","name":"Prisma Intelig\u00eancia","description":"Segundo o Instituto Ipsos especializado em h\u00e1bitos de consumo e comunica\u00e7\u00e3o, somos impactados diariamente, por mais seis mil mensagens publicit\u00e1rias.","publisher":{"@id":"https:\/\/www.prix.com.br\/prisma-inteligencia\/#organization"},"potentialAction":[{"@type":"SearchAction","target":{"@type":"EntryPoint","urlTemplate":"https:\/\/www.prix.com.br\/prisma-inteligencia\/?s={search_term_string}"},"query-input":"required name=search_term_string"}],"inLanguage":"pt-BR"},{"@type":"Organization","@id":"https:\/\/www.prix.com.br\/prisma-inteligencia\/#organization","name":"Prisma Intelig\u00eancia","url":"https:\/\/www.prix.com.br\/prisma-inteligencia\/","logo":{"@type":"ImageObject","inLanguage":"pt-BR","@id":"https:\/\/www.prix.com.br\/prisma-inteligencia\/#\/schema\/logo\/image\/","url":"https:\/\/www.prix.com.br\/prisma-inteligencia\/wp-content\/uploads\/2019\/09\/Logo-Prisma.png","contentUrl":"https:\/\/www.prix.com.br\/prisma-inteligencia\/wp-content\/uploads\/2019\/09\/Logo-Prisma.png","width":554,"height":154,"caption":"Prisma Intelig\u00eancia"},"image":{"@id":"https:\/\/www.prix.com.br\/prisma-inteligencia\/#\/schema\/logo\/image\/"}},{"@type":"Person","@id":"https:\/\/www.prix.com.br\/prisma-inteligencia\/#\/schema\/person\/d813d435436eba669bf9474f0b7ebe2e","name":"prismapropaganda","image":{"@type":"ImageObject","inLanguage":"pt-BR","@id":"https:\/\/www.prix.com.br\/prisma-inteligencia\/#\/schema\/person\/image\/","url":"https:\/\/secure.gravatar.com\/avatar\/eef51ad1a483453f26525d77f2278cfc?s=96&d=mm&r=g","contentUrl":"https:\/\/secure.gravatar.com\/avatar\/eef51ad1a483453f26525d77f2278cfc?s=96&d=mm&r=g","caption":"prismapropaganda"},"url":"https:\/\/www.prix.com.br\/prisma-inteligencia\/author\/prismapropaganda\/"}]}},"_links":{"self":[{"href":"https:\/\/www.prix.com.br\/prisma-inteligencia\/wp-json\/wp\/v2\/posts\/2133"}],"collection":[{"href":"https:\/\/www.prix.com.br\/prisma-inteligencia\/wp-json\/wp\/v2\/posts"}],"about":[{"href":"https:\/\/www.prix.com.br\/prisma-inteligencia\/wp-json\/wp\/v2\/types\/post"}],"author":[{"embeddable":true,"href":"https:\/\/www.prix.com.br\/prisma-inteligencia\/wp-json\/wp\/v2\/users\/3"}],"replies":[{"embeddable":true,"href":"https:\/\/www.prix.com.br\/prisma-inteligencia\/wp-json\/wp\/v2\/comments?post=2133"}],"version-history":[{"count":3,"href":"https:\/\/www.prix.com.br\/prisma-inteligencia\/wp-json\/wp\/v2\/posts\/2133\/revisions"}],"predecessor-version":[{"id":2137,"href":"https:\/\/www.prix.com.br\/prisma-inteligencia\/wp-json\/wp\/v2\/posts\/2133\/revisions\/2137"}],"wp:featuredmedia":[{"embeddable":true,"href":"https:\/\/www.prix.com.br\/prisma-inteligencia\/wp-json\/wp\/v2\/media\/2135"}],"wp:attachment":[{"href":"https:\/\/www.prix.com.br\/prisma-inteligencia\/wp-json\/wp\/v2\/media?parent=2133"}],"wp:term":[{"taxonomy":"category","embeddable":true,"href":"https:\/\/www.prix.com.br\/prisma-inteligencia\/wp-json\/wp\/v2\/categories?post=2133"},{"taxonomy":"post_tag","embeddable":true,"href":"https:\/\/www.prix.com.br\/prisma-inteligencia\/wp-json\/wp\/v2\/tags?post=2133"}],"curies":[{"name":"wp","href":"https:\/\/api.w.org\/{rel}","templated":true}]}}