{"id":2159,"date":"2024-06-17T16:53:19","date_gmt":"2024-06-17T19:53:19","guid":{"rendered":"https:\/\/www.prix.com.br\/prisma-inteligencia\/?p=2159"},"modified":"2025-07-08T12:01:03","modified_gmt":"2025-07-08T15:01:03","slug":"a-midia-jornal-ainda-pulsa","status":"publish","type":"post","link":"https:\/\/www.prix.com.br\/prisma-inteligencia\/a-midia-jornal-ainda-pulsa\/","title":{"rendered":"A M\u00cdDIA JORNAL AINDA PULSA"},"content":{"rendered":"\n\n\n<p>Em agosto de 2015, publiquei nesse mesmo espa\u00e7o um artigo sobre o meio jornal com o t\u00edtulo \u201cO fim<br>dos jornais como conhecemos\u201d. Talvez tenha sido a coluna com maior n\u00famero de coment\u00e1rios na<br>\u00e9poca. Passados quase nove anos, os jornais resistem apesar de muitos terem anunciado a sua<br>morte, precocemente.<\/p>\n\n\n\n<p>\u00c9 fato ineg\u00e1vel que de l\u00e1 para c\u00e1, v\u00e1rios desapareceram. Entretanto, boa parte dos jornais mundiais<br>resistiu aos avan\u00e7os da tecnologia e da internet, dentro do modelo tradicional, com not\u00edcias factuais<br>e requentadas do dia anterior. Durante esse per\u00edodo, por quest\u00f5es econ\u00f4micas, foram se adaptando,<br>diminuindo o n\u00famero de p\u00e1ginas e restringindo sua circula\u00e7\u00e3o. Tamb\u00e9m \u00e9 verdade, que muitos<br>tentam equilibrar as contas, com a publicidade legal e a nova receita da m\u00eddia program\u00e1tica,<br>principalmente atrav\u00e9s do Google nos seus sites de not\u00edcias.<\/p>\n\n\n\n<p><br>Entretanto, o volume de an\u00fancios, principal sustento do meio, \u00e9 muito pequeno. Apesar de um<br>estoque de leitores mais velhos e de maior poder aquisitivo, os anunciantes decretaram o fim do<br>an\u00fancio e como consequ\u00eancia, as ag\u00eancias de publicidade apontam para o caminho das novas<br>tecnologias. Mesmo assim, os jornais resistem. A participa\u00e7\u00e3o do meio jornal, na distribui\u00e7\u00e3o do bolo<br>do investimento publicit\u00e1rio, vem reduzindo ano ap\u00f3s ano, apesar do ligeiro crescimento no ano<br>passado. Segundo dados do Cenp-meios, o meio jornal ficou em 2023, com 1,7% de participa\u00e7\u00e3o do<br>mercado publicit\u00e1rio. Por outro lado, a internet atingiu 38,2%.<\/p>\n\n\n\n<p>A queda do investimento por parte dos anunciantes e a diminui\u00e7\u00e3o do h\u00e1bito de leitura dos clientes,<br>faz com que o n\u00edvel de recupera\u00e7\u00e3o do meio, torne este desafio ainda maior. O jornal precisa<br>retomar a lideran\u00e7a do jornalismo investigativo e se transformar na caixa de resson\u00e2ncia daquilo que<br>\u00e9 diariamente colocado na internet. Uma esp\u00e9cie de autenticador da verdade. \u00c9 importante ressaltar<br>que um novo meio quando surge, n\u00e3o necessariamente, elimina outro meio. Basta ver como a<br>televis\u00e3o n\u00e3o acabou com o r\u00e1dio, muito pelo contr\u00e1rio. O r\u00e1dio continua mais vivo do que nunca.<br>Exemplo mais atualizado \u00e9 a forma como as televis\u00f5es, notadamente a TV Globo, vem trabalhando<br>com as plataformas de streaming, tudo para impedir o distanciamento do telespectador.<\/p>\n\n\n\n<p>O que podemos concluir \u00e9 que o meio jornal continua vivo, sim. Entretanto, v\u00e1rias perguntas pairam<br>no ar: ser\u00e1 ele capaz de se transformar e se ajustar \u00e0s novas demandas do mercado? Ser\u00e1 capaz de<br>motivar as novas gera\u00e7\u00f5es a ler no papel? Ser\u00e1 capaz de interligar o seu conte\u00fado jornal\u00edstico com<br>outros meios? Ser\u00e1 capaz de gerar atratividade por parte dos anunciantes? S\u00e3o perguntas sem<br>respostas definitivas at\u00e9 o momento. Mas, com certeza n\u00e3o precisaremos de mais nove anos para<br>conhec\u00ea-las.<\/p>\n","protected":false},"excerpt":{"rendered":"<p>Em agosto de 2015, publiquei nesse mesmo espa\u00e7o um artigo sobre o meio jornal com o t\u00edtulo \u201cO fimdos jornais como conhecemos\u201d. Talvez tenha sido a coluna com maior n\u00famero de coment\u00e1rios na\u00e9poca. Passados quase nove anos, os jornais resistem apesar de muitos terem anunciado a suamorte, precocemente. \u00c9 fato ineg\u00e1vel que de l\u00e1 para [&#8230;]\n","protected":false},"author":3,"featured_media":2160,"comment_status":"open","ping_status":"open","sticky":false,"template":"","format":"standard","meta":[],"categories":[11],"tags":[],"yoast_head":"<!-- This site is optimized with the Yoast SEO plugin v21.8.1 - https:\/\/yoast.com\/wordpress\/plugins\/seo\/ -->\n<title>A M\u00cdDIA JORNAL AINDA PULSA - Prisma Intelig\u00eancia<\/title>\n<meta name=\"robots\" content=\"index, follow, max-snippet:-1, max-image-preview:large, max-video-preview:-1\" \/>\n<link rel=\"canonical\" href=\"https:\/\/www.prix.com.br\/prisma-inteligencia\/a-midia-jornal-ainda-pulsa\/\" \/>\n<meta property=\"og:locale\" content=\"pt_BR\" \/>\n<meta property=\"og:type\" content=\"article\" \/>\n<meta property=\"og:title\" content=\"A M\u00cdDIA JORNAL AINDA PULSA - Prisma Intelig\u00eancia\" \/>\n<meta property=\"og:description\" content=\"Em agosto de 2015, publiquei nesse mesmo espa\u00e7o um artigo sobre o meio jornal com o t\u00edtulo \u201cO fimdos jornais como conhecemos\u201d. Talvez tenha sido a coluna com maior n\u00famero de coment\u00e1rios na\u00e9poca. Passados quase nove anos, os jornais resistem apesar de muitos terem anunciado a suamorte, precocemente. \u00c9 fato ineg\u00e1vel que de l\u00e1 para [...]\" \/>\n<meta property=\"og:url\" content=\"https:\/\/www.prix.com.br\/prisma-inteligencia\/a-midia-jornal-ainda-pulsa\/\" \/>\n<meta property=\"og:site_name\" content=\"Prisma Intelig\u00eancia\" \/>\n<meta property=\"article:published_time\" content=\"2024-06-17T19:53:19+00:00\" \/>\n<meta property=\"article:modified_time\" content=\"2025-07-08T15:01:03+00:00\" \/>\n<meta property=\"og:image\" content=\"http:\/\/www.prix.com.br\/prisma-inteligencia\/wp-content\/uploads\/2024\/06\/newspapers-laptop-online-news-isolated-1-scaled.jpg\" \/>\n\t<meta property=\"og:image:width\" content=\"2560\" \/>\n\t<meta property=\"og:image:height\" content=\"1707\" \/>\n\t<meta property=\"og:image:type\" content=\"image\/jpeg\" \/>\n<meta name=\"author\" content=\"prismapropaganda\" \/>\n<meta name=\"twitter:card\" content=\"summary_large_image\" \/>\n<meta name=\"twitter:label1\" content=\"Escrito por\" \/>\n\t<meta name=\"twitter:data1\" content=\"prismapropaganda\" \/>\n\t<meta name=\"twitter:label2\" content=\"Est. tempo de leitura\" \/>\n\t<meta name=\"twitter:data2\" content=\"3 minutos\" \/>\n<script type=\"application\/ld+json\" class=\"yoast-schema-graph\">{\"@context\":\"https:\/\/schema.org\",\"@graph\":[{\"@type\":\"Article\",\"@id\":\"https:\/\/www.prix.com.br\/prisma-inteligencia\/a-midia-jornal-ainda-pulsa\/#article\",\"isPartOf\":{\"@id\":\"https:\/\/www.prix.com.br\/prisma-inteligencia\/a-midia-jornal-ainda-pulsa\/\"},\"author\":{\"name\":\"prismapropaganda\",\"@id\":\"https:\/\/www.prix.com.br\/prisma-inteligencia\/#\/schema\/person\/d813d435436eba669bf9474f0b7ebe2e\"},\"headline\":\"A M\u00cdDIA JORNAL AINDA PULSA\",\"datePublished\":\"2024-06-17T19:53:19+00:00\",\"dateModified\":\"2025-07-08T15:01:03+00:00\",\"mainEntityOfPage\":{\"@id\":\"https:\/\/www.prix.com.br\/prisma-inteligencia\/a-midia-jornal-ainda-pulsa\/\"},\"wordCount\":462,\"commentCount\":0,\"publisher\":{\"@id\":\"https:\/\/www.prix.com.br\/prisma-inteligencia\/#organization\"},\"articleSection\":[\"blog\"],\"inLanguage\":\"pt-BR\",\"potentialAction\":[{\"@type\":\"CommentAction\",\"name\":\"Comment\",\"target\":[\"https:\/\/www.prix.com.br\/prisma-inteligencia\/a-midia-jornal-ainda-pulsa\/#respond\"]}]},{\"@type\":\"WebPage\",\"@id\":\"https:\/\/www.prix.com.br\/prisma-inteligencia\/a-midia-jornal-ainda-pulsa\/\",\"url\":\"https:\/\/www.prix.com.br\/prisma-inteligencia\/a-midia-jornal-ainda-pulsa\/\",\"name\":\"A M\u00cdDIA JORNAL AINDA PULSA - Prisma Intelig\u00eancia\",\"isPartOf\":{\"@id\":\"https:\/\/www.prix.com.br\/prisma-inteligencia\/#website\"},\"datePublished\":\"2024-06-17T19:53:19+00:00\",\"dateModified\":\"2025-07-08T15:01:03+00:00\",\"breadcrumb\":{\"@id\":\"https:\/\/www.prix.com.br\/prisma-inteligencia\/a-midia-jornal-ainda-pulsa\/#breadcrumb\"},\"inLanguage\":\"pt-BR\",\"potentialAction\":[{\"@type\":\"ReadAction\",\"target\":[\"https:\/\/www.prix.com.br\/prisma-inteligencia\/a-midia-jornal-ainda-pulsa\/\"]}]},{\"@type\":\"BreadcrumbList\",\"@id\":\"https:\/\/www.prix.com.br\/prisma-inteligencia\/a-midia-jornal-ainda-pulsa\/#breadcrumb\",\"itemListElement\":[{\"@type\":\"ListItem\",\"position\":1,\"name\":\"In\u00edcio\",\"item\":\"https:\/\/www.prix.com.br\/prisma-inteligencia\/\"},{\"@type\":\"ListItem\",\"position\":2,\"name\":\"A M\u00cdDIA JORNAL AINDA PULSA\"}]},{\"@type\":\"WebSite\",\"@id\":\"https:\/\/www.prix.com.br\/prisma-inteligencia\/#website\",\"url\":\"https:\/\/www.prix.com.br\/prisma-inteligencia\/\",\"name\":\"Prisma Intelig\u00eancia\",\"description\":\"Segundo o Instituto Ipsos especializado em h\u00e1bitos de consumo e comunica\u00e7\u00e3o, somos impactados diariamente, por mais seis mil mensagens publicit\u00e1rias.\",\"publisher\":{\"@id\":\"https:\/\/www.prix.com.br\/prisma-inteligencia\/#organization\"},\"potentialAction\":[{\"@type\":\"SearchAction\",\"target\":{\"@type\":\"EntryPoint\",\"urlTemplate\":\"https:\/\/www.prix.com.br\/prisma-inteligencia\/?s={search_term_string}\"},\"query-input\":\"required name=search_term_string\"}],\"inLanguage\":\"pt-BR\"},{\"@type\":\"Organization\",\"@id\":\"https:\/\/www.prix.com.br\/prisma-inteligencia\/#organization\",\"name\":\"Prisma Intelig\u00eancia\",\"url\":\"https:\/\/www.prix.com.br\/prisma-inteligencia\/\",\"logo\":{\"@type\":\"ImageObject\",\"inLanguage\":\"pt-BR\",\"@id\":\"https:\/\/www.prix.com.br\/prisma-inteligencia\/#\/schema\/logo\/image\/\",\"url\":\"https:\/\/www.prix.com.br\/prisma-inteligencia\/wp-content\/uploads\/2019\/09\/Logo-Prisma.png\",\"contentUrl\":\"https:\/\/www.prix.com.br\/prisma-inteligencia\/wp-content\/uploads\/2019\/09\/Logo-Prisma.png\",\"width\":554,\"height\":154,\"caption\":\"Prisma Intelig\u00eancia\"},\"image\":{\"@id\":\"https:\/\/www.prix.com.br\/prisma-inteligencia\/#\/schema\/logo\/image\/\"}},{\"@type\":\"Person\",\"@id\":\"https:\/\/www.prix.com.br\/prisma-inteligencia\/#\/schema\/person\/d813d435436eba669bf9474f0b7ebe2e\",\"name\":\"prismapropaganda\",\"image\":{\"@type\":\"ImageObject\",\"inLanguage\":\"pt-BR\",\"@id\":\"https:\/\/www.prix.com.br\/prisma-inteligencia\/#\/schema\/person\/image\/\",\"url\":\"https:\/\/secure.gravatar.com\/avatar\/eef51ad1a483453f26525d77f2278cfc?s=96&d=mm&r=g\",\"contentUrl\":\"https:\/\/secure.gravatar.com\/avatar\/eef51ad1a483453f26525d77f2278cfc?s=96&d=mm&r=g\",\"caption\":\"prismapropaganda\"},\"url\":\"https:\/\/www.prix.com.br\/prisma-inteligencia\/author\/prismapropaganda\/\"}]}<\/script>\n<!-- \/ Yoast SEO plugin. -->","yoast_head_json":{"title":"A M\u00cdDIA JORNAL AINDA PULSA - Prisma Intelig\u00eancia","robots":{"index":"index","follow":"follow","max-snippet":"max-snippet:-1","max-image-preview":"max-image-preview:large","max-video-preview":"max-video-preview:-1"},"canonical":"https:\/\/www.prix.com.br\/prisma-inteligencia\/a-midia-jornal-ainda-pulsa\/","og_locale":"pt_BR","og_type":"article","og_title":"A M\u00cdDIA JORNAL AINDA PULSA - Prisma Intelig\u00eancia","og_description":"Em agosto de 2015, publiquei nesse mesmo espa\u00e7o um artigo sobre o meio jornal com o t\u00edtulo \u201cO fimdos jornais como conhecemos\u201d. Talvez tenha sido a coluna com maior n\u00famero de coment\u00e1rios na\u00e9poca. Passados quase nove anos, os jornais resistem apesar de muitos terem anunciado a suamorte, precocemente. \u00c9 fato ineg\u00e1vel que de l\u00e1 para [...]","og_url":"https:\/\/www.prix.com.br\/prisma-inteligencia\/a-midia-jornal-ainda-pulsa\/","og_site_name":"Prisma Intelig\u00eancia","article_published_time":"2024-06-17T19:53:19+00:00","article_modified_time":"2025-07-08T15:01:03+00:00","og_image":[{"width":2560,"height":1707,"url":"http:\/\/www.prix.com.br\/prisma-inteligencia\/wp-content\/uploads\/2024\/06\/newspapers-laptop-online-news-isolated-1-scaled.jpg","type":"image\/jpeg"}],"author":"prismapropaganda","twitter_card":"summary_large_image","twitter_misc":{"Escrito por":"prismapropaganda","Est. tempo de leitura":"3 minutos"},"schema":{"@context":"https:\/\/schema.org","@graph":[{"@type":"Article","@id":"https:\/\/www.prix.com.br\/prisma-inteligencia\/a-midia-jornal-ainda-pulsa\/#article","isPartOf":{"@id":"https:\/\/www.prix.com.br\/prisma-inteligencia\/a-midia-jornal-ainda-pulsa\/"},"author":{"name":"prismapropaganda","@id":"https:\/\/www.prix.com.br\/prisma-inteligencia\/#\/schema\/person\/d813d435436eba669bf9474f0b7ebe2e"},"headline":"A M\u00cdDIA JORNAL AINDA PULSA","datePublished":"2024-06-17T19:53:19+00:00","dateModified":"2025-07-08T15:01:03+00:00","mainEntityOfPage":{"@id":"https:\/\/www.prix.com.br\/prisma-inteligencia\/a-midia-jornal-ainda-pulsa\/"},"wordCount":462,"commentCount":0,"publisher":{"@id":"https:\/\/www.prix.com.br\/prisma-inteligencia\/#organization"},"articleSection":["blog"],"inLanguage":"pt-BR","potentialAction":[{"@type":"CommentAction","name":"Comment","target":["https:\/\/www.prix.com.br\/prisma-inteligencia\/a-midia-jornal-ainda-pulsa\/#respond"]}]},{"@type":"WebPage","@id":"https:\/\/www.prix.com.br\/prisma-inteligencia\/a-midia-jornal-ainda-pulsa\/","url":"https:\/\/www.prix.com.br\/prisma-inteligencia\/a-midia-jornal-ainda-pulsa\/","name":"A M\u00cdDIA JORNAL AINDA PULSA - Prisma Intelig\u00eancia","isPartOf":{"@id":"https:\/\/www.prix.com.br\/prisma-inteligencia\/#website"},"datePublished":"2024-06-17T19:53:19+00:00","dateModified":"2025-07-08T15:01:03+00:00","breadcrumb":{"@id":"https:\/\/www.prix.com.br\/prisma-inteligencia\/a-midia-jornal-ainda-pulsa\/#breadcrumb"},"inLanguage":"pt-BR","potentialAction":[{"@type":"ReadAction","target":["https:\/\/www.prix.com.br\/prisma-inteligencia\/a-midia-jornal-ainda-pulsa\/"]}]},{"@type":"BreadcrumbList","@id":"https:\/\/www.prix.com.br\/prisma-inteligencia\/a-midia-jornal-ainda-pulsa\/#breadcrumb","itemListElement":[{"@type":"ListItem","position":1,"name":"In\u00edcio","item":"https:\/\/www.prix.com.br\/prisma-inteligencia\/"},{"@type":"ListItem","position":2,"name":"A M\u00cdDIA JORNAL AINDA PULSA"}]},{"@type":"WebSite","@id":"https:\/\/www.prix.com.br\/prisma-inteligencia\/#website","url":"https:\/\/www.prix.com.br\/prisma-inteligencia\/","name":"Prisma Intelig\u00eancia","description":"Segundo o Instituto Ipsos especializado em h\u00e1bitos de consumo e comunica\u00e7\u00e3o, somos impactados diariamente, por mais seis mil mensagens publicit\u00e1rias.","publisher":{"@id":"https:\/\/www.prix.com.br\/prisma-inteligencia\/#organization"},"potentialAction":[{"@type":"SearchAction","target":{"@type":"EntryPoint","urlTemplate":"https:\/\/www.prix.com.br\/prisma-inteligencia\/?s={search_term_string}"},"query-input":"required name=search_term_string"}],"inLanguage":"pt-BR"},{"@type":"Organization","@id":"https:\/\/www.prix.com.br\/prisma-inteligencia\/#organization","name":"Prisma Intelig\u00eancia","url":"https:\/\/www.prix.com.br\/prisma-inteligencia\/","logo":{"@type":"ImageObject","inLanguage":"pt-BR","@id":"https:\/\/www.prix.com.br\/prisma-inteligencia\/#\/schema\/logo\/image\/","url":"https:\/\/www.prix.com.br\/prisma-inteligencia\/wp-content\/uploads\/2019\/09\/Logo-Prisma.png","contentUrl":"https:\/\/www.prix.com.br\/prisma-inteligencia\/wp-content\/uploads\/2019\/09\/Logo-Prisma.png","width":554,"height":154,"caption":"Prisma Intelig\u00eancia"},"image":{"@id":"https:\/\/www.prix.com.br\/prisma-inteligencia\/#\/schema\/logo\/image\/"}},{"@type":"Person","@id":"https:\/\/www.prix.com.br\/prisma-inteligencia\/#\/schema\/person\/d813d435436eba669bf9474f0b7ebe2e","name":"prismapropaganda","image":{"@type":"ImageObject","inLanguage":"pt-BR","@id":"https:\/\/www.prix.com.br\/prisma-inteligencia\/#\/schema\/person\/image\/","url":"https:\/\/secure.gravatar.com\/avatar\/eef51ad1a483453f26525d77f2278cfc?s=96&d=mm&r=g","contentUrl":"https:\/\/secure.gravatar.com\/avatar\/eef51ad1a483453f26525d77f2278cfc?s=96&d=mm&r=g","caption":"prismapropaganda"},"url":"https:\/\/www.prix.com.br\/prisma-inteligencia\/author\/prismapropaganda\/"}]}},"_links":{"self":[{"href":"https:\/\/www.prix.com.br\/prisma-inteligencia\/wp-json\/wp\/v2\/posts\/2159"}],"collection":[{"href":"https:\/\/www.prix.com.br\/prisma-inteligencia\/wp-json\/wp\/v2\/posts"}],"about":[{"href":"https:\/\/www.prix.com.br\/prisma-inteligencia\/wp-json\/wp\/v2\/types\/post"}],"author":[{"embeddable":true,"href":"https:\/\/www.prix.com.br\/prisma-inteligencia\/wp-json\/wp\/v2\/users\/3"}],"replies":[{"embeddable":true,"href":"https:\/\/www.prix.com.br\/prisma-inteligencia\/wp-json\/wp\/v2\/comments?post=2159"}],"version-history":[{"count":1,"href":"https:\/\/www.prix.com.br\/prisma-inteligencia\/wp-json\/wp\/v2\/posts\/2159\/revisions"}],"predecessor-version":[{"id":2161,"href":"https:\/\/www.prix.com.br\/prisma-inteligencia\/wp-json\/wp\/v2\/posts\/2159\/revisions\/2161"}],"wp:featuredmedia":[{"embeddable":true,"href":"https:\/\/www.prix.com.br\/prisma-inteligencia\/wp-json\/wp\/v2\/media\/2160"}],"wp:attachment":[{"href":"https:\/\/www.prix.com.br\/prisma-inteligencia\/wp-json\/wp\/v2\/media?parent=2159"}],"wp:term":[{"taxonomy":"category","embeddable":true,"href":"https:\/\/www.prix.com.br\/prisma-inteligencia\/wp-json\/wp\/v2\/categories?post=2159"},{"taxonomy":"post_tag","embeddable":true,"href":"https:\/\/www.prix.com.br\/prisma-inteligencia\/wp-json\/wp\/v2\/tags?post=2159"}],"curies":[{"name":"wp","href":"https:\/\/api.w.org\/{rel}","templated":true}]}}