{"id":2162,"date":"2024-06-24T10:17:09","date_gmt":"2024-06-24T13:17:09","guid":{"rendered":"https:\/\/www.prix.com.br\/prisma-inteligencia\/?p=2162"},"modified":"2025-07-08T12:00:47","modified_gmt":"2025-07-08T15:00:47","slug":"o-esx-se-consolida-como-maior-evento-de-inovacao-do-es","status":"publish","type":"post","link":"https:\/\/www.prix.com.br\/prisma-inteligencia\/o-esx-se-consolida-como-maior-evento-de-inovacao-do-es\/","title":{"rendered":"O ESX SE CONSOLIDA COMO MAIOR EVENTO DE INOVA\u00c7\u00c3O DO ES"},"content":{"rendered":"\n\n\n<p>No \u00faltimo fim de semana realizou-se o ESX \u2013 Esp\u00edrito Santo Innovation Experience, em Vit\u00f3ria\/ES, na Pra\u00e7a do Papa. Um acontecimento que se consolida como o maior evento de inova\u00e7\u00e3o do Estado. Um encontro projetado e realizado com uma feira de inova\u00e7\u00e3o, tecnologia e neg\u00f3cios.<\/p>\n\n\n\n<p>Funcionando ao mesmo tempo com seis arenas, com conte\u00fados nas trilhas do conhecimento na \u00e1rea da sustentabilidade, tecnologia, vendas e marketing e gest\u00e3o estrat\u00e9gica, o ESX ofereceu aos seus participantes uma excelente oportunidade de troca de conhecimento, relacionamento e neg\u00f3cios. Al\u00e9m das grandes empresas do Estado, a Feira contou com startups locais e de outros estados.<\/p>\n\n\n\n<p>Tive a oportunidade de assistir algumas apresenta\u00e7\u00f5es e palestras como do publicit\u00e1rio Walter Longo, Celso Athayde (fundador da CUFA &#8211; Central \u00danica das Favelas), Renato Meirelles (Instituto Locomotiva), Edney Souza (professor da ESPM- Escola Superior de Propaganda e Marketing). Com abordagem sobre assuntos diversos, um ponto foi comum nas apresenta\u00e7\u00f5es: o impacto da intelig\u00eancia artificial nas nossas vidas e nos neg\u00f3cios. Embora n\u00e3o seja nenhuma novidade, a informa\u00e7\u00e3o nova \u00e9 como a intelig\u00eancia artificial penetrou nas mais diversas formas de utilidades das pr\u00e1ticas cotidianas. A intelig\u00eancia artificial n\u00e3o pode ser tratada mais como um diferencial e sim, como uma necessidade facilitadora da vida das pessoas.<\/p>\n\n\n\n<p>Na vis\u00e3o de Walter Longo, a IA n\u00e3o \u00e9 uma tend\u00eancia \u00e9 uma era. Segundo ele, atua em tr\u00eas dimens\u00f5es: na tomada de decis\u00e3o baseada em dados, na efici\u00eancia e redu\u00e7\u00e3o de custos e experi\u00eancia apropriada do cliente. Entretanto, existem alguns desafios no meio do caminho. Como transformar dados em informa\u00e7\u00e3o. Como treinar a intelig\u00eancia capaz de produzir resultados mais precisos, verdadeiros e l\u00f3gicos. Na outra ponta, Celso Athayde frisou como o mercado pode mergulhar no universo das favelas. Segundo ele, se as favelas fossem um estado seria o terceiro estado brasileiro, com mais de 16 milh\u00f5es de pessoas. Algo que muitas empresas ainda n\u00e3o descobriram a forma correta de trabalhar a sua comunica\u00e7\u00e3o.<\/p>\n\n\n\n<p>O presidente do Instituto Locomotiva Renato Meirelles, enfatizou o crescimento do acesso da internet na \u00faltima d\u00e9cada. Hoje, 81% da popula\u00e7\u00e3o brasileira tem acesso \u00e0 internet, n\u00famero bem acima da m\u00e9dia mundial que chega a 63%.&nbsp; Na vis\u00e3o dele, metade dos brasileiros vive com uma renda familiar de at\u00e9 3.255 reais. E s\u00e3o 154,3 milh\u00f5es brasileiros com renda domiciliar abaixo de 4.674,13 reais. O que chamou de mercado emergente. O que refor\u00e7a a necessidade das empresas ajustarem a sua linguagem associada \u00e0 expans\u00e3o dos meios digitais. J\u00e1 o professor da ESPM Edney Souza, enfatizou as tend\u00eancias das novas tecnologias, principalmente de empresas chinesas e os impactos provocados pela IA, da realidade aumentada e da intelig\u00eancia qu\u00e2ntica.<\/p>\n\n\n\n<p>Enfim, uma pequena demonstra\u00e7\u00e3o dos conte\u00fados significativos que foram explanados. A ESX foi promovida pelo SEBRAE ES e pelo Governo do Estado. Contou com o patroc\u00ednio da Petrobras e do Senac. Quem n\u00e3o foi, perdeu. At\u00e9 2025. &nbsp;&nbsp;<\/p>\n","protected":false},"excerpt":{"rendered":"<p>No \u00faltimo fim de semana realizou-se o ESX \u2013 Esp\u00edrito Santo Innovation Experience, em Vit\u00f3ria\/ES, na Pra\u00e7a do Papa. Um acontecimento que se consolida como o maior evento de inova\u00e7\u00e3o do Estado. Um encontro projetado e realizado com uma feira de inova\u00e7\u00e3o, tecnologia e neg\u00f3cios. Funcionando ao mesmo tempo com seis arenas, com conte\u00fados nas [&#8230;]\n","protected":false},"author":3,"featured_media":2163,"comment_status":"open","ping_status":"open","sticky":false,"template":"","format":"standard","meta":[],"categories":[11],"tags":[],"yoast_head":"<!-- This site is optimized with the Yoast SEO plugin v21.8.1 - https:\/\/yoast.com\/wordpress\/plugins\/seo\/ -->\n<title>O ESX SE CONSOLIDA COMO MAIOR EVENTO DE INOVA\u00c7\u00c3O DO ES - Prisma Intelig\u00eancia<\/title>\n<meta name=\"robots\" content=\"index, follow, max-snippet:-1, max-image-preview:large, max-video-preview:-1\" \/>\n<link rel=\"canonical\" href=\"https:\/\/www.prix.com.br\/prisma-inteligencia\/o-esx-se-consolida-como-maior-evento-de-inovacao-do-es\/\" \/>\n<meta property=\"og:locale\" content=\"pt_BR\" \/>\n<meta property=\"og:type\" content=\"article\" \/>\n<meta property=\"og:title\" content=\"O ESX SE CONSOLIDA COMO MAIOR EVENTO DE INOVA\u00c7\u00c3O DO ES - Prisma Intelig\u00eancia\" \/>\n<meta property=\"og:description\" content=\"No \u00faltimo fim de semana realizou-se o ESX \u2013 Esp\u00edrito Santo Innovation Experience, em Vit\u00f3ria\/ES, na Pra\u00e7a do Papa. Um acontecimento que se consolida como o maior evento de inova\u00e7\u00e3o do Estado. Um encontro projetado e realizado com uma feira de inova\u00e7\u00e3o, tecnologia e neg\u00f3cios. Funcionando ao mesmo tempo com seis arenas, com conte\u00fados nas [...]\" \/>\n<meta property=\"og:url\" content=\"https:\/\/www.prix.com.br\/prisma-inteligencia\/o-esx-se-consolida-como-maior-evento-de-inovacao-do-es\/\" \/>\n<meta property=\"og:site_name\" content=\"Prisma Intelig\u00eancia\" \/>\n<meta property=\"article:published_time\" content=\"2024-06-24T13:17:09+00:00\" \/>\n<meta property=\"article:modified_time\" content=\"2025-07-08T15:00:47+00:00\" \/>\n<meta property=\"og:image\" content=\"http:\/\/www.prix.com.br\/prisma-inteligencia\/wp-content\/uploads\/2024\/06\/business-concept-with-team-close-up-scaled.jpg\" \/>\n\t<meta property=\"og:image:width\" content=\"2560\" \/>\n\t<meta property=\"og:image:height\" content=\"1707\" \/>\n\t<meta property=\"og:image:type\" content=\"image\/jpeg\" \/>\n<meta name=\"author\" content=\"prismapropaganda\" \/>\n<meta name=\"twitter:card\" content=\"summary_large_image\" \/>\n<meta name=\"twitter:label1\" content=\"Escrito por\" \/>\n\t<meta name=\"twitter:data1\" content=\"prismapropaganda\" \/>\n\t<meta name=\"twitter:label2\" content=\"Est. tempo de leitura\" \/>\n\t<meta name=\"twitter:data2\" content=\"3 minutos\" \/>\n<script type=\"application\/ld+json\" class=\"yoast-schema-graph\">{\"@context\":\"https:\/\/schema.org\",\"@graph\":[{\"@type\":\"Article\",\"@id\":\"https:\/\/www.prix.com.br\/prisma-inteligencia\/o-esx-se-consolida-como-maior-evento-de-inovacao-do-es\/#article\",\"isPartOf\":{\"@id\":\"https:\/\/www.prix.com.br\/prisma-inteligencia\/o-esx-se-consolida-como-maior-evento-de-inovacao-do-es\/\"},\"author\":{\"name\":\"prismapropaganda\",\"@id\":\"https:\/\/www.prix.com.br\/prisma-inteligencia\/#\/schema\/person\/d813d435436eba669bf9474f0b7ebe2e\"},\"headline\":\"O ESX SE CONSOLIDA COMO MAIOR EVENTO DE INOVA\u00c7\u00c3O DO ES\",\"datePublished\":\"2024-06-24T13:17:09+00:00\",\"dateModified\":\"2025-07-08T15:00:47+00:00\",\"mainEntityOfPage\":{\"@id\":\"https:\/\/www.prix.com.br\/prisma-inteligencia\/o-esx-se-consolida-como-maior-evento-de-inovacao-do-es\/\"},\"wordCount\":529,\"commentCount\":0,\"publisher\":{\"@id\":\"https:\/\/www.prix.com.br\/prisma-inteligencia\/#organization\"},\"articleSection\":[\"blog\"],\"inLanguage\":\"pt-BR\",\"potentialAction\":[{\"@type\":\"CommentAction\",\"name\":\"Comment\",\"target\":[\"https:\/\/www.prix.com.br\/prisma-inteligencia\/o-esx-se-consolida-como-maior-evento-de-inovacao-do-es\/#respond\"]}]},{\"@type\":\"WebPage\",\"@id\":\"https:\/\/www.prix.com.br\/prisma-inteligencia\/o-esx-se-consolida-como-maior-evento-de-inovacao-do-es\/\",\"url\":\"https:\/\/www.prix.com.br\/prisma-inteligencia\/o-esx-se-consolida-como-maior-evento-de-inovacao-do-es\/\",\"name\":\"O ESX SE CONSOLIDA COMO MAIOR EVENTO DE INOVA\u00c7\u00c3O DO ES - Prisma Intelig\u00eancia\",\"isPartOf\":{\"@id\":\"https:\/\/www.prix.com.br\/prisma-inteligencia\/#website\"},\"datePublished\":\"2024-06-24T13:17:09+00:00\",\"dateModified\":\"2025-07-08T15:00:47+00:00\",\"breadcrumb\":{\"@id\":\"https:\/\/www.prix.com.br\/prisma-inteligencia\/o-esx-se-consolida-como-maior-evento-de-inovacao-do-es\/#breadcrumb\"},\"inLanguage\":\"pt-BR\",\"potentialAction\":[{\"@type\":\"ReadAction\",\"target\":[\"https:\/\/www.prix.com.br\/prisma-inteligencia\/o-esx-se-consolida-como-maior-evento-de-inovacao-do-es\/\"]}]},{\"@type\":\"BreadcrumbList\",\"@id\":\"https:\/\/www.prix.com.br\/prisma-inteligencia\/o-esx-se-consolida-como-maior-evento-de-inovacao-do-es\/#breadcrumb\",\"itemListElement\":[{\"@type\":\"ListItem\",\"position\":1,\"name\":\"In\u00edcio\",\"item\":\"https:\/\/www.prix.com.br\/prisma-inteligencia\/\"},{\"@type\":\"ListItem\",\"position\":2,\"name\":\"O ESX SE CONSOLIDA COMO MAIOR EVENTO DE INOVA\u00c7\u00c3O DO ES\"}]},{\"@type\":\"WebSite\",\"@id\":\"https:\/\/www.prix.com.br\/prisma-inteligencia\/#website\",\"url\":\"https:\/\/www.prix.com.br\/prisma-inteligencia\/\",\"name\":\"Prisma Intelig\u00eancia\",\"description\":\"Segundo o Instituto Ipsos especializado em h\u00e1bitos de consumo e comunica\u00e7\u00e3o, somos impactados diariamente, por mais seis mil mensagens publicit\u00e1rias.\",\"publisher\":{\"@id\":\"https:\/\/www.prix.com.br\/prisma-inteligencia\/#organization\"},\"potentialAction\":[{\"@type\":\"SearchAction\",\"target\":{\"@type\":\"EntryPoint\",\"urlTemplate\":\"https:\/\/www.prix.com.br\/prisma-inteligencia\/?s={search_term_string}\"},\"query-input\":\"required name=search_term_string\"}],\"inLanguage\":\"pt-BR\"},{\"@type\":\"Organization\",\"@id\":\"https:\/\/www.prix.com.br\/prisma-inteligencia\/#organization\",\"name\":\"Prisma Intelig\u00eancia\",\"url\":\"https:\/\/www.prix.com.br\/prisma-inteligencia\/\",\"logo\":{\"@type\":\"ImageObject\",\"inLanguage\":\"pt-BR\",\"@id\":\"https:\/\/www.prix.com.br\/prisma-inteligencia\/#\/schema\/logo\/image\/\",\"url\":\"https:\/\/www.prix.com.br\/prisma-inteligencia\/wp-content\/uploads\/2019\/09\/Logo-Prisma.png\",\"contentUrl\":\"https:\/\/www.prix.com.br\/prisma-inteligencia\/wp-content\/uploads\/2019\/09\/Logo-Prisma.png\",\"width\":554,\"height\":154,\"caption\":\"Prisma Intelig\u00eancia\"},\"image\":{\"@id\":\"https:\/\/www.prix.com.br\/prisma-inteligencia\/#\/schema\/logo\/image\/\"}},{\"@type\":\"Person\",\"@id\":\"https:\/\/www.prix.com.br\/prisma-inteligencia\/#\/schema\/person\/d813d435436eba669bf9474f0b7ebe2e\",\"name\":\"prismapropaganda\",\"image\":{\"@type\":\"ImageObject\",\"inLanguage\":\"pt-BR\",\"@id\":\"https:\/\/www.prix.com.br\/prisma-inteligencia\/#\/schema\/person\/image\/\",\"url\":\"https:\/\/secure.gravatar.com\/avatar\/eef51ad1a483453f26525d77f2278cfc?s=96&d=mm&r=g\",\"contentUrl\":\"https:\/\/secure.gravatar.com\/avatar\/eef51ad1a483453f26525d77f2278cfc?s=96&d=mm&r=g\",\"caption\":\"prismapropaganda\"},\"url\":\"https:\/\/www.prix.com.br\/prisma-inteligencia\/author\/prismapropaganda\/\"}]}<\/script>\n<!-- \/ Yoast SEO plugin. -->","yoast_head_json":{"title":"O ESX SE CONSOLIDA COMO MAIOR EVENTO DE INOVA\u00c7\u00c3O DO ES - Prisma Intelig\u00eancia","robots":{"index":"index","follow":"follow","max-snippet":"max-snippet:-1","max-image-preview":"max-image-preview:large","max-video-preview":"max-video-preview:-1"},"canonical":"https:\/\/www.prix.com.br\/prisma-inteligencia\/o-esx-se-consolida-como-maior-evento-de-inovacao-do-es\/","og_locale":"pt_BR","og_type":"article","og_title":"O ESX SE CONSOLIDA COMO MAIOR EVENTO DE INOVA\u00c7\u00c3O DO ES - Prisma Intelig\u00eancia","og_description":"No \u00faltimo fim de semana realizou-se o ESX \u2013 Esp\u00edrito Santo Innovation Experience, em Vit\u00f3ria\/ES, na Pra\u00e7a do Papa. Um acontecimento que se consolida como o maior evento de inova\u00e7\u00e3o do Estado. Um encontro projetado e realizado com uma feira de inova\u00e7\u00e3o, tecnologia e neg\u00f3cios. Funcionando ao mesmo tempo com seis arenas, com conte\u00fados nas [...]","og_url":"https:\/\/www.prix.com.br\/prisma-inteligencia\/o-esx-se-consolida-como-maior-evento-de-inovacao-do-es\/","og_site_name":"Prisma Intelig\u00eancia","article_published_time":"2024-06-24T13:17:09+00:00","article_modified_time":"2025-07-08T15:00:47+00:00","og_image":[{"width":2560,"height":1707,"url":"http:\/\/www.prix.com.br\/prisma-inteligencia\/wp-content\/uploads\/2024\/06\/business-concept-with-team-close-up-scaled.jpg","type":"image\/jpeg"}],"author":"prismapropaganda","twitter_card":"summary_large_image","twitter_misc":{"Escrito por":"prismapropaganda","Est. tempo de leitura":"3 minutos"},"schema":{"@context":"https:\/\/schema.org","@graph":[{"@type":"Article","@id":"https:\/\/www.prix.com.br\/prisma-inteligencia\/o-esx-se-consolida-como-maior-evento-de-inovacao-do-es\/#article","isPartOf":{"@id":"https:\/\/www.prix.com.br\/prisma-inteligencia\/o-esx-se-consolida-como-maior-evento-de-inovacao-do-es\/"},"author":{"name":"prismapropaganda","@id":"https:\/\/www.prix.com.br\/prisma-inteligencia\/#\/schema\/person\/d813d435436eba669bf9474f0b7ebe2e"},"headline":"O ESX SE CONSOLIDA COMO MAIOR EVENTO DE INOVA\u00c7\u00c3O DO ES","datePublished":"2024-06-24T13:17:09+00:00","dateModified":"2025-07-08T15:00:47+00:00","mainEntityOfPage":{"@id":"https:\/\/www.prix.com.br\/prisma-inteligencia\/o-esx-se-consolida-como-maior-evento-de-inovacao-do-es\/"},"wordCount":529,"commentCount":0,"publisher":{"@id":"https:\/\/www.prix.com.br\/prisma-inteligencia\/#organization"},"articleSection":["blog"],"inLanguage":"pt-BR","potentialAction":[{"@type":"CommentAction","name":"Comment","target":["https:\/\/www.prix.com.br\/prisma-inteligencia\/o-esx-se-consolida-como-maior-evento-de-inovacao-do-es\/#respond"]}]},{"@type":"WebPage","@id":"https:\/\/www.prix.com.br\/prisma-inteligencia\/o-esx-se-consolida-como-maior-evento-de-inovacao-do-es\/","url":"https:\/\/www.prix.com.br\/prisma-inteligencia\/o-esx-se-consolida-como-maior-evento-de-inovacao-do-es\/","name":"O ESX SE CONSOLIDA COMO MAIOR EVENTO DE INOVA\u00c7\u00c3O DO ES - Prisma Intelig\u00eancia","isPartOf":{"@id":"https:\/\/www.prix.com.br\/prisma-inteligencia\/#website"},"datePublished":"2024-06-24T13:17:09+00:00","dateModified":"2025-07-08T15:00:47+00:00","breadcrumb":{"@id":"https:\/\/www.prix.com.br\/prisma-inteligencia\/o-esx-se-consolida-como-maior-evento-de-inovacao-do-es\/#breadcrumb"},"inLanguage":"pt-BR","potentialAction":[{"@type":"ReadAction","target":["https:\/\/www.prix.com.br\/prisma-inteligencia\/o-esx-se-consolida-como-maior-evento-de-inovacao-do-es\/"]}]},{"@type":"BreadcrumbList","@id":"https:\/\/www.prix.com.br\/prisma-inteligencia\/o-esx-se-consolida-como-maior-evento-de-inovacao-do-es\/#breadcrumb","itemListElement":[{"@type":"ListItem","position":1,"name":"In\u00edcio","item":"https:\/\/www.prix.com.br\/prisma-inteligencia\/"},{"@type":"ListItem","position":2,"name":"O ESX SE CONSOLIDA COMO MAIOR EVENTO DE INOVA\u00c7\u00c3O DO ES"}]},{"@type":"WebSite","@id":"https:\/\/www.prix.com.br\/prisma-inteligencia\/#website","url":"https:\/\/www.prix.com.br\/prisma-inteligencia\/","name":"Prisma Intelig\u00eancia","description":"Segundo o Instituto Ipsos especializado em h\u00e1bitos de consumo e comunica\u00e7\u00e3o, somos impactados diariamente, por mais seis mil mensagens publicit\u00e1rias.","publisher":{"@id":"https:\/\/www.prix.com.br\/prisma-inteligencia\/#organization"},"potentialAction":[{"@type":"SearchAction","target":{"@type":"EntryPoint","urlTemplate":"https:\/\/www.prix.com.br\/prisma-inteligencia\/?s={search_term_string}"},"query-input":"required name=search_term_string"}],"inLanguage":"pt-BR"},{"@type":"Organization","@id":"https:\/\/www.prix.com.br\/prisma-inteligencia\/#organization","name":"Prisma Intelig\u00eancia","url":"https:\/\/www.prix.com.br\/prisma-inteligencia\/","logo":{"@type":"ImageObject","inLanguage":"pt-BR","@id":"https:\/\/www.prix.com.br\/prisma-inteligencia\/#\/schema\/logo\/image\/","url":"https:\/\/www.prix.com.br\/prisma-inteligencia\/wp-content\/uploads\/2019\/09\/Logo-Prisma.png","contentUrl":"https:\/\/www.prix.com.br\/prisma-inteligencia\/wp-content\/uploads\/2019\/09\/Logo-Prisma.png","width":554,"height":154,"caption":"Prisma Intelig\u00eancia"},"image":{"@id":"https:\/\/www.prix.com.br\/prisma-inteligencia\/#\/schema\/logo\/image\/"}},{"@type":"Person","@id":"https:\/\/www.prix.com.br\/prisma-inteligencia\/#\/schema\/person\/d813d435436eba669bf9474f0b7ebe2e","name":"prismapropaganda","image":{"@type":"ImageObject","inLanguage":"pt-BR","@id":"https:\/\/www.prix.com.br\/prisma-inteligencia\/#\/schema\/person\/image\/","url":"https:\/\/secure.gravatar.com\/avatar\/eef51ad1a483453f26525d77f2278cfc?s=96&d=mm&r=g","contentUrl":"https:\/\/secure.gravatar.com\/avatar\/eef51ad1a483453f26525d77f2278cfc?s=96&d=mm&r=g","caption":"prismapropaganda"},"url":"https:\/\/www.prix.com.br\/prisma-inteligencia\/author\/prismapropaganda\/"}]}},"_links":{"self":[{"href":"https:\/\/www.prix.com.br\/prisma-inteligencia\/wp-json\/wp\/v2\/posts\/2162"}],"collection":[{"href":"https:\/\/www.prix.com.br\/prisma-inteligencia\/wp-json\/wp\/v2\/posts"}],"about":[{"href":"https:\/\/www.prix.com.br\/prisma-inteligencia\/wp-json\/wp\/v2\/types\/post"}],"author":[{"embeddable":true,"href":"https:\/\/www.prix.com.br\/prisma-inteligencia\/wp-json\/wp\/v2\/users\/3"}],"replies":[{"embeddable":true,"href":"https:\/\/www.prix.com.br\/prisma-inteligencia\/wp-json\/wp\/v2\/comments?post=2162"}],"version-history":[{"count":1,"href":"https:\/\/www.prix.com.br\/prisma-inteligencia\/wp-json\/wp\/v2\/posts\/2162\/revisions"}],"predecessor-version":[{"id":2164,"href":"https:\/\/www.prix.com.br\/prisma-inteligencia\/wp-json\/wp\/v2\/posts\/2162\/revisions\/2164"}],"wp:featuredmedia":[{"embeddable":true,"href":"https:\/\/www.prix.com.br\/prisma-inteligencia\/wp-json\/wp\/v2\/media\/2163"}],"wp:attachment":[{"href":"https:\/\/www.prix.com.br\/prisma-inteligencia\/wp-json\/wp\/v2\/media?parent=2162"}],"wp:term":[{"taxonomy":"category","embeddable":true,"href":"https:\/\/www.prix.com.br\/prisma-inteligencia\/wp-json\/wp\/v2\/categories?post=2162"},{"taxonomy":"post_tag","embeddable":true,"href":"https:\/\/www.prix.com.br\/prisma-inteligencia\/wp-json\/wp\/v2\/tags?post=2162"}],"curies":[{"name":"wp","href":"https:\/\/api.w.org\/{rel}","templated":true}]}}