{"id":2212,"date":"2024-08-16T15:53:56","date_gmt":"2024-08-16T18:53:56","guid":{"rendered":"https:\/\/www.prix.com.br\/prisma-inteligencia\/?p=2212"},"modified":"2025-07-08T11:59:25","modified_gmt":"2025-07-08T14:59:25","slug":"premio-colibri-37-anos-de-criatividade","status":"publish","type":"post","link":"https:\/\/www.prix.com.br\/prisma-inteligencia\/premio-colibri-37-anos-de-criatividade\/","title":{"rendered":"Pr\u00eamio Colibri: 37 anos de criatividade"},"content":{"rendered":"\n\n\n<p>O Pr\u00eamio Colibri chega aos seus 37 anos de idade e nos dias 14 e 15 acontece respectivamente o<br>Colibri Summit com conte\u00fado e oficinas, no IFES de Jardim da Penha e a festa de premia\u00e7\u00e3o, no<br>Espa\u00e7o Patrick Ribeiro. O mais antigo e ininterrupto pr\u00eamio de publicidade regional brasileira, nesse<br>ano traz o tema Criatividade em todas as formas.<\/p>\n\n\n\n<p><br>O Pr\u00eamio Colibri \u00e9 promovido anualmente pelo SINAPRO-ES \u2013 Sindicato das Ag\u00eancias de Propaganda<br>do Estado do Esp\u00edrito Santo e premia as ag\u00eancias capixabas e seus profissionais que criam e<br>produzem pe\u00e7as e a\u00e7\u00f5es publicit\u00e1rias, nos mais diversos meios de comunica\u00e7\u00e3o.<\/p>\n\n\n\n<p><br>O Colibri deste ano tamb\u00e9m \u00e9 um resgate \u00e0 criatividade. Em tempos de revolu\u00e7\u00e3o tecnol\u00f3gica, com<br>as Intelig\u00eancias Artificiais, o Colibri com todas as suas categorias, tem a criatividade como principal<br>fator de diferencia\u00e7\u00e3o, na busca pela aten\u00e7\u00e3o dos consumidores. Por outro lado, o pr\u00eamio vem<br>resgatando a cada ano que passa, os profissionais e empresas que ajudam a construir o trade da<br>comunica\u00e7\u00e3o, premiando atrav\u00e9s do voto das ag\u00eancias filiadas ao Sinapro, valorizando a real<br>contribui\u00e7\u00e3o daqueles que atrav\u00e9s de suas especialidades, fazem com que o mercado publicit\u00e1rio<br>capixaba cres\u00e7a e se desenvolva.<\/p>\n\n\n\n<p><br>Por fim, o Colibri segue buscando renovar a atratividade para o neg\u00f3cio da comunica\u00e7\u00e3o com o<br>pr\u00eamio para os estudantes de comunica\u00e7\u00e3o, fazendo com que n\u00e3o s\u00f3 os estudantes se voltem para a<br>viv\u00eancia profissional do mercado, como tamb\u00e9m a pr\u00f3pria academia, que muitas vezes est\u00e1<br>desconectada do pragmatismo do mercado. O Colibri premiar\u00e1 al\u00e9m da dupla com o Colibri de ouro,<br>o professor orientador.<\/p>\n\n\n\n<p><br>A contribui\u00e7\u00e3o do Colibri para o mercado \u00e9 ineg\u00e1vel. Entretanto, \u00e9 importante continuar a resgatar o<br>papel do Colibri do passado, no salto criativo do mercado. A criatividade em todas as formas, al\u00e9m de<br>configurar a diversidade da comunica\u00e7\u00e3o e que todas as formas de comunica\u00e7\u00e3o valem a pena. \u00c9<br>importante ressaltar que tudo muda e se renova, mas \u00e9 important\u00edssimo renovar as novas demandas<br>mercadol\u00f3gicas e criativas. Cabe ao mercado como um todo, n\u00e3o s\u00f3 ao Sinapro, buscar maior<br>envolvimento dos ve\u00edculos e fornecedores com as escolas de comunica\u00e7\u00e3o. Investir na atratividade<br>de talentos, capaz de gerar novamente o valor indel\u00e9vel da conquista de uma estatueta.<\/p>\n","protected":false},"excerpt":{"rendered":"<p>O Pr\u00eamio Colibri chega aos seus 37 anos de idade e nos dias 14 e 15 acontece respectivamente oColibri Summit com conte\u00fado e oficinas, no IFES de Jardim da Penha e a festa de premia\u00e7\u00e3o, noEspa\u00e7o Patrick Ribeiro. O mais antigo e ininterrupto pr\u00eamio de publicidade regional brasileira, nesseano traz o tema Criatividade em todas [&#8230;]\n","protected":false},"author":3,"featured_media":2213,"comment_status":"open","ping_status":"open","sticky":false,"template":"","format":"standard","meta":[],"categories":[11],"tags":[],"yoast_head":"<!-- This site is optimized with the Yoast SEO plugin v21.8.1 - https:\/\/yoast.com\/wordpress\/plugins\/seo\/ -->\n<title>Pr\u00eamio Colibri: 37 anos de criatividade - Prisma Intelig\u00eancia<\/title>\n<meta name=\"robots\" content=\"index, follow, max-snippet:-1, max-image-preview:large, max-video-preview:-1\" \/>\n<link rel=\"canonical\" href=\"https:\/\/www.prix.com.br\/prisma-inteligencia\/premio-colibri-37-anos-de-criatividade\/\" \/>\n<meta property=\"og:locale\" content=\"pt_BR\" \/>\n<meta property=\"og:type\" content=\"article\" \/>\n<meta property=\"og:title\" content=\"Pr\u00eamio Colibri: 37 anos de criatividade - Prisma Intelig\u00eancia\" \/>\n<meta property=\"og:description\" content=\"O Pr\u00eamio Colibri chega aos seus 37 anos de idade e nos dias 14 e 15 acontece respectivamente oColibri Summit com conte\u00fado e oficinas, no IFES de Jardim da Penha e a festa de premia\u00e7\u00e3o, noEspa\u00e7o Patrick Ribeiro. O mais antigo e ininterrupto pr\u00eamio de publicidade regional brasileira, nesseano traz o tema Criatividade em todas [...]\" \/>\n<meta property=\"og:url\" content=\"https:\/\/www.prix.com.br\/prisma-inteligencia\/premio-colibri-37-anos-de-criatividade\/\" \/>\n<meta property=\"og:site_name\" content=\"Prisma Intelig\u00eancia\" \/>\n<meta property=\"article:published_time\" content=\"2024-08-16T18:53:56+00:00\" \/>\n<meta property=\"article:modified_time\" content=\"2025-07-08T14:59:25+00:00\" \/>\n<meta property=\"og:image\" content=\"http:\/\/www.prix.com.br\/prisma-inteligencia\/wp-content\/uploads\/2024\/08\/Screenshot_4.png\" \/>\n\t<meta property=\"og:image:width\" content=\"952\" \/>\n\t<meta property=\"og:image:height\" content=\"457\" \/>\n\t<meta property=\"og:image:type\" content=\"image\/png\" \/>\n<meta name=\"author\" content=\"prismapropaganda\" \/>\n<meta name=\"twitter:card\" content=\"summary_large_image\" \/>\n<meta name=\"twitter:label1\" content=\"Escrito por\" \/>\n\t<meta name=\"twitter:data1\" content=\"prismapropaganda\" \/>\n\t<meta name=\"twitter:label2\" content=\"Est. tempo de leitura\" \/>\n\t<meta name=\"twitter:data2\" content=\"3 minutos\" \/>\n<script type=\"application\/ld+json\" class=\"yoast-schema-graph\">{\"@context\":\"https:\/\/schema.org\",\"@graph\":[{\"@type\":\"Article\",\"@id\":\"https:\/\/www.prix.com.br\/prisma-inteligencia\/premio-colibri-37-anos-de-criatividade\/#article\",\"isPartOf\":{\"@id\":\"https:\/\/www.prix.com.br\/prisma-inteligencia\/premio-colibri-37-anos-de-criatividade\/\"},\"author\":{\"name\":\"prismapropaganda\",\"@id\":\"https:\/\/www.prix.com.br\/prisma-inteligencia\/#\/schema\/person\/d813d435436eba669bf9474f0b7ebe2e\"},\"headline\":\"Pr\u00eamio Colibri: 37 anos de criatividade\",\"datePublished\":\"2024-08-16T18:53:56+00:00\",\"dateModified\":\"2025-07-08T14:59:25+00:00\",\"mainEntityOfPage\":{\"@id\":\"https:\/\/www.prix.com.br\/prisma-inteligencia\/premio-colibri-37-anos-de-criatividade\/\"},\"wordCount\":391,\"commentCount\":0,\"publisher\":{\"@id\":\"https:\/\/www.prix.com.br\/prisma-inteligencia\/#organization\"},\"articleSection\":[\"blog\"],\"inLanguage\":\"pt-BR\",\"potentialAction\":[{\"@type\":\"CommentAction\",\"name\":\"Comment\",\"target\":[\"https:\/\/www.prix.com.br\/prisma-inteligencia\/premio-colibri-37-anos-de-criatividade\/#respond\"]}]},{\"@type\":\"WebPage\",\"@id\":\"https:\/\/www.prix.com.br\/prisma-inteligencia\/premio-colibri-37-anos-de-criatividade\/\",\"url\":\"https:\/\/www.prix.com.br\/prisma-inteligencia\/premio-colibri-37-anos-de-criatividade\/\",\"name\":\"Pr\u00eamio Colibri: 37 anos de criatividade - Prisma Intelig\u00eancia\",\"isPartOf\":{\"@id\":\"https:\/\/www.prix.com.br\/prisma-inteligencia\/#website\"},\"datePublished\":\"2024-08-16T18:53:56+00:00\",\"dateModified\":\"2025-07-08T14:59:25+00:00\",\"breadcrumb\":{\"@id\":\"https:\/\/www.prix.com.br\/prisma-inteligencia\/premio-colibri-37-anos-de-criatividade\/#breadcrumb\"},\"inLanguage\":\"pt-BR\",\"potentialAction\":[{\"@type\":\"ReadAction\",\"target\":[\"https:\/\/www.prix.com.br\/prisma-inteligencia\/premio-colibri-37-anos-de-criatividade\/\"]}]},{\"@type\":\"BreadcrumbList\",\"@id\":\"https:\/\/www.prix.com.br\/prisma-inteligencia\/premio-colibri-37-anos-de-criatividade\/#breadcrumb\",\"itemListElement\":[{\"@type\":\"ListItem\",\"position\":1,\"name\":\"In\u00edcio\",\"item\":\"https:\/\/www.prix.com.br\/prisma-inteligencia\/\"},{\"@type\":\"ListItem\",\"position\":2,\"name\":\"Pr\u00eamio Colibri: 37 anos de criatividade\"}]},{\"@type\":\"WebSite\",\"@id\":\"https:\/\/www.prix.com.br\/prisma-inteligencia\/#website\",\"url\":\"https:\/\/www.prix.com.br\/prisma-inteligencia\/\",\"name\":\"Prisma Intelig\u00eancia\",\"description\":\"Segundo o Instituto Ipsos especializado em h\u00e1bitos de consumo e comunica\u00e7\u00e3o, somos impactados diariamente, por mais seis mil mensagens publicit\u00e1rias.\",\"publisher\":{\"@id\":\"https:\/\/www.prix.com.br\/prisma-inteligencia\/#organization\"},\"potentialAction\":[{\"@type\":\"SearchAction\",\"target\":{\"@type\":\"EntryPoint\",\"urlTemplate\":\"https:\/\/www.prix.com.br\/prisma-inteligencia\/?s={search_term_string}\"},\"query-input\":\"required name=search_term_string\"}],\"inLanguage\":\"pt-BR\"},{\"@type\":\"Organization\",\"@id\":\"https:\/\/www.prix.com.br\/prisma-inteligencia\/#organization\",\"name\":\"Prisma Intelig\u00eancia\",\"url\":\"https:\/\/www.prix.com.br\/prisma-inteligencia\/\",\"logo\":{\"@type\":\"ImageObject\",\"inLanguage\":\"pt-BR\",\"@id\":\"https:\/\/www.prix.com.br\/prisma-inteligencia\/#\/schema\/logo\/image\/\",\"url\":\"https:\/\/www.prix.com.br\/prisma-inteligencia\/wp-content\/uploads\/2019\/09\/Logo-Prisma.png\",\"contentUrl\":\"https:\/\/www.prix.com.br\/prisma-inteligencia\/wp-content\/uploads\/2019\/09\/Logo-Prisma.png\",\"width\":554,\"height\":154,\"caption\":\"Prisma Intelig\u00eancia\"},\"image\":{\"@id\":\"https:\/\/www.prix.com.br\/prisma-inteligencia\/#\/schema\/logo\/image\/\"}},{\"@type\":\"Person\",\"@id\":\"https:\/\/www.prix.com.br\/prisma-inteligencia\/#\/schema\/person\/d813d435436eba669bf9474f0b7ebe2e\",\"name\":\"prismapropaganda\",\"image\":{\"@type\":\"ImageObject\",\"inLanguage\":\"pt-BR\",\"@id\":\"https:\/\/www.prix.com.br\/prisma-inteligencia\/#\/schema\/person\/image\/\",\"url\":\"https:\/\/secure.gravatar.com\/avatar\/eef51ad1a483453f26525d77f2278cfc?s=96&d=mm&r=g\",\"contentUrl\":\"https:\/\/secure.gravatar.com\/avatar\/eef51ad1a483453f26525d77f2278cfc?s=96&d=mm&r=g\",\"caption\":\"prismapropaganda\"},\"url\":\"https:\/\/www.prix.com.br\/prisma-inteligencia\/author\/prismapropaganda\/\"}]}<\/script>\n<!-- \/ Yoast SEO plugin. -->","yoast_head_json":{"title":"Pr\u00eamio Colibri: 37 anos de criatividade - Prisma Intelig\u00eancia","robots":{"index":"index","follow":"follow","max-snippet":"max-snippet:-1","max-image-preview":"max-image-preview:large","max-video-preview":"max-video-preview:-1"},"canonical":"https:\/\/www.prix.com.br\/prisma-inteligencia\/premio-colibri-37-anos-de-criatividade\/","og_locale":"pt_BR","og_type":"article","og_title":"Pr\u00eamio Colibri: 37 anos de criatividade - Prisma Intelig\u00eancia","og_description":"O Pr\u00eamio Colibri chega aos seus 37 anos de idade e nos dias 14 e 15 acontece respectivamente oColibri Summit com conte\u00fado e oficinas, no IFES de Jardim da Penha e a festa de premia\u00e7\u00e3o, noEspa\u00e7o Patrick Ribeiro. O mais antigo e ininterrupto pr\u00eamio de publicidade regional brasileira, nesseano traz o tema Criatividade em todas [...]","og_url":"https:\/\/www.prix.com.br\/prisma-inteligencia\/premio-colibri-37-anos-de-criatividade\/","og_site_name":"Prisma Intelig\u00eancia","article_published_time":"2024-08-16T18:53:56+00:00","article_modified_time":"2025-07-08T14:59:25+00:00","og_image":[{"width":952,"height":457,"url":"http:\/\/www.prix.com.br\/prisma-inteligencia\/wp-content\/uploads\/2024\/08\/Screenshot_4.png","type":"image\/png"}],"author":"prismapropaganda","twitter_card":"summary_large_image","twitter_misc":{"Escrito por":"prismapropaganda","Est. tempo de leitura":"3 minutos"},"schema":{"@context":"https:\/\/schema.org","@graph":[{"@type":"Article","@id":"https:\/\/www.prix.com.br\/prisma-inteligencia\/premio-colibri-37-anos-de-criatividade\/#article","isPartOf":{"@id":"https:\/\/www.prix.com.br\/prisma-inteligencia\/premio-colibri-37-anos-de-criatividade\/"},"author":{"name":"prismapropaganda","@id":"https:\/\/www.prix.com.br\/prisma-inteligencia\/#\/schema\/person\/d813d435436eba669bf9474f0b7ebe2e"},"headline":"Pr\u00eamio Colibri: 37 anos de criatividade","datePublished":"2024-08-16T18:53:56+00:00","dateModified":"2025-07-08T14:59:25+00:00","mainEntityOfPage":{"@id":"https:\/\/www.prix.com.br\/prisma-inteligencia\/premio-colibri-37-anos-de-criatividade\/"},"wordCount":391,"commentCount":0,"publisher":{"@id":"https:\/\/www.prix.com.br\/prisma-inteligencia\/#organization"},"articleSection":["blog"],"inLanguage":"pt-BR","potentialAction":[{"@type":"CommentAction","name":"Comment","target":["https:\/\/www.prix.com.br\/prisma-inteligencia\/premio-colibri-37-anos-de-criatividade\/#respond"]}]},{"@type":"WebPage","@id":"https:\/\/www.prix.com.br\/prisma-inteligencia\/premio-colibri-37-anos-de-criatividade\/","url":"https:\/\/www.prix.com.br\/prisma-inteligencia\/premio-colibri-37-anos-de-criatividade\/","name":"Pr\u00eamio Colibri: 37 anos de criatividade - Prisma Intelig\u00eancia","isPartOf":{"@id":"https:\/\/www.prix.com.br\/prisma-inteligencia\/#website"},"datePublished":"2024-08-16T18:53:56+00:00","dateModified":"2025-07-08T14:59:25+00:00","breadcrumb":{"@id":"https:\/\/www.prix.com.br\/prisma-inteligencia\/premio-colibri-37-anos-de-criatividade\/#breadcrumb"},"inLanguage":"pt-BR","potentialAction":[{"@type":"ReadAction","target":["https:\/\/www.prix.com.br\/prisma-inteligencia\/premio-colibri-37-anos-de-criatividade\/"]}]},{"@type":"BreadcrumbList","@id":"https:\/\/www.prix.com.br\/prisma-inteligencia\/premio-colibri-37-anos-de-criatividade\/#breadcrumb","itemListElement":[{"@type":"ListItem","position":1,"name":"In\u00edcio","item":"https:\/\/www.prix.com.br\/prisma-inteligencia\/"},{"@type":"ListItem","position":2,"name":"Pr\u00eamio Colibri: 37 anos de criatividade"}]},{"@type":"WebSite","@id":"https:\/\/www.prix.com.br\/prisma-inteligencia\/#website","url":"https:\/\/www.prix.com.br\/prisma-inteligencia\/","name":"Prisma Intelig\u00eancia","description":"Segundo o Instituto Ipsos especializado em h\u00e1bitos de consumo e comunica\u00e7\u00e3o, somos impactados diariamente, por mais seis mil mensagens publicit\u00e1rias.","publisher":{"@id":"https:\/\/www.prix.com.br\/prisma-inteligencia\/#organization"},"potentialAction":[{"@type":"SearchAction","target":{"@type":"EntryPoint","urlTemplate":"https:\/\/www.prix.com.br\/prisma-inteligencia\/?s={search_term_string}"},"query-input":"required name=search_term_string"}],"inLanguage":"pt-BR"},{"@type":"Organization","@id":"https:\/\/www.prix.com.br\/prisma-inteligencia\/#organization","name":"Prisma Intelig\u00eancia","url":"https:\/\/www.prix.com.br\/prisma-inteligencia\/","logo":{"@type":"ImageObject","inLanguage":"pt-BR","@id":"https:\/\/www.prix.com.br\/prisma-inteligencia\/#\/schema\/logo\/image\/","url":"https:\/\/www.prix.com.br\/prisma-inteligencia\/wp-content\/uploads\/2019\/09\/Logo-Prisma.png","contentUrl":"https:\/\/www.prix.com.br\/prisma-inteligencia\/wp-content\/uploads\/2019\/09\/Logo-Prisma.png","width":554,"height":154,"caption":"Prisma Intelig\u00eancia"},"image":{"@id":"https:\/\/www.prix.com.br\/prisma-inteligencia\/#\/schema\/logo\/image\/"}},{"@type":"Person","@id":"https:\/\/www.prix.com.br\/prisma-inteligencia\/#\/schema\/person\/d813d435436eba669bf9474f0b7ebe2e","name":"prismapropaganda","image":{"@type":"ImageObject","inLanguage":"pt-BR","@id":"https:\/\/www.prix.com.br\/prisma-inteligencia\/#\/schema\/person\/image\/","url":"https:\/\/secure.gravatar.com\/avatar\/eef51ad1a483453f26525d77f2278cfc?s=96&d=mm&r=g","contentUrl":"https:\/\/secure.gravatar.com\/avatar\/eef51ad1a483453f26525d77f2278cfc?s=96&d=mm&r=g","caption":"prismapropaganda"},"url":"https:\/\/www.prix.com.br\/prisma-inteligencia\/author\/prismapropaganda\/"}]}},"_links":{"self":[{"href":"https:\/\/www.prix.com.br\/prisma-inteligencia\/wp-json\/wp\/v2\/posts\/2212"}],"collection":[{"href":"https:\/\/www.prix.com.br\/prisma-inteligencia\/wp-json\/wp\/v2\/posts"}],"about":[{"href":"https:\/\/www.prix.com.br\/prisma-inteligencia\/wp-json\/wp\/v2\/types\/post"}],"author":[{"embeddable":true,"href":"https:\/\/www.prix.com.br\/prisma-inteligencia\/wp-json\/wp\/v2\/users\/3"}],"replies":[{"embeddable":true,"href":"https:\/\/www.prix.com.br\/prisma-inteligencia\/wp-json\/wp\/v2\/comments?post=2212"}],"version-history":[{"count":1,"href":"https:\/\/www.prix.com.br\/prisma-inteligencia\/wp-json\/wp\/v2\/posts\/2212\/revisions"}],"predecessor-version":[{"id":2214,"href":"https:\/\/www.prix.com.br\/prisma-inteligencia\/wp-json\/wp\/v2\/posts\/2212\/revisions\/2214"}],"wp:featuredmedia":[{"embeddable":true,"href":"https:\/\/www.prix.com.br\/prisma-inteligencia\/wp-json\/wp\/v2\/media\/2213"}],"wp:attachment":[{"href":"https:\/\/www.prix.com.br\/prisma-inteligencia\/wp-json\/wp\/v2\/media?parent=2212"}],"wp:term":[{"taxonomy":"category","embeddable":true,"href":"https:\/\/www.prix.com.br\/prisma-inteligencia\/wp-json\/wp\/v2\/categories?post=2212"},{"taxonomy":"post_tag","embeddable":true,"href":"https:\/\/www.prix.com.br\/prisma-inteligencia\/wp-json\/wp\/v2\/tags?post=2212"}],"curies":[{"name":"wp","href":"https:\/\/api.w.org\/{rel}","templated":true}]}}