{"id":2215,"date":"2024-09-24T09:41:29","date_gmt":"2024-09-24T12:41:29","guid":{"rendered":"https:\/\/www.prix.com.br\/prisma-inteligencia\/?p=2215"},"modified":"2025-07-08T11:59:05","modified_gmt":"2025-07-08T14:59:05","slug":"prisma-inteligencia-de-marketing-e-maely-ooh-criam-campanha-estrategica-para-sabor-da-terra","status":"publish","type":"post","link":"https:\/\/www.prix.com.br\/prisma-inteligencia\/prisma-inteligencia-de-marketing-e-maely-ooh-criam-campanha-estrategica-para-sabor-da-terra\/","title":{"rendered":"Prisma Intelig\u00eancia de Marketing e Maely OOH criam campanha estrat\u00e9gica para Sabor da Terra"},"content":{"rendered":"\n\n\n<p>A Prisma Intelig\u00eancia de Marketing, em parceria com a Maely OOH, lan\u00e7ou uma nova campanha para o Sabor da Terra. Com mais de 30 anos de hist\u00f3ria, o tradicional mercado da Praia do Canto reafirma sua presen\u00e7a no bairro e celebra sua nova unidade no Shopping Vit\u00f3ria, utilizando uma abordagem criativa e estrat\u00e9gica de m\u00eddia Out Of Home (OOH).&nbsp;<\/p>\n\n\n\n<p>A campanha foi criada para fortalecer ainda mais a conex\u00e3o da marca com seu p\u00fablico, destacando que, al\u00e9m de manter sua presen\u00e7a na Praia do Canto, o Sabor da Terra agora tamb\u00e9m leva sua ess\u00eancia ao maior shopping da cidade. Utilizando pain\u00e9is digitais, tanto dentro do shopping quanto nas ruas, a campanha demonstra o compromisso da marca em estar cada vez mais presente no dia a dia de seus clientes.<\/p>\n\n\n\n<figure class=\"wp-block-embed is-type-video is-provider-youtube wp-block-embed-youtube wp-embed-aspect-4-3 wp-has-aspect-ratio\"><div class=\"wp-block-embed__wrapper\">\n<iframe loading=\"lazy\" title=\"Campanha Sabor da Terra\" width=\"1020\" height=\"765\" src=\"https:\/\/www.youtube.com\/embed\/4sB5B0NqrsE?feature=oembed\" frameborder=\"0\" allow=\"accelerometer; autoplay; clipboard-write; encrypted-media; gyroscope; picture-in-picture; web-share\" referrerpolicy=\"strict-origin-when-cross-origin\" allowfullscreen><\/iframe>\n<\/div><\/figure>\n\n\n\n<p>Adotando uma estrat\u00e9gia de m\u00eddia com t\u00e9cnica de alcance de circuito, Prisma Intelig\u00eancia de Marketing trouxe para a campanha um toque de familiaridade e proximidade, alinhado aos valores do Sabor da Terra. A parceria com a Maely OOH garantiu que a mensagem fosse levada aos lugares certos, com a m\u00e1xima efic\u00e1cia, impactando tanto os clientes de longa data quanto os novos consumidores, que agora t\u00eam mais um local para encontrar os produtos fresquinhos que s\u00f3 o Sabor da Terra oferece.&nbsp;<\/p>\n\n\n\n<p>Afinal, seja na Praia do Canto ou no Shopping Vit\u00f3ria, o Sabor da Terra est\u00e1 sempre do seu lado, do seu jeito.&nbsp;<\/p>\n\n\n\n<p><strong>Ficha T\u00e9cnica:&nbsp;<\/strong><\/p>\n\n\n\n<p><strong>Cliente:<\/strong> Sabor da Terra<\/p>\n\n\n\n<p><strong>Ag\u00eancia: <\/strong>Prisma Intelig\u00eancia de Marketing<\/p>\n\n\n\n<p><strong>Dire\u00e7\u00e3o de cria\u00e7\u00e3o: <\/strong>Leonardo Bassul<\/p>\n\n\n\n<p><strong>Cria\u00e7\u00e3o:<\/strong> Gabriel Campos, Leonardo Bassul e Bernardo Borgo&nbsp;<\/p>\n\n\n\n<p><strong>M\u00eddia: <\/strong>Vanessa Ferreira<\/p>\n\n\n\n<p><strong>Atendimento: <\/strong>Vanessa Ferreira e Raquel Rampon Medeiros<\/p>\n\n\n\n<p><strong>Maely OOH: <\/strong>Jo\u00e3o Carlos Jr e Rodrigo Oliveira<\/p>\n\n\n\n<p><strong>Produtor de Elenco:<\/strong> George Lima Produ\u00e7\u00f5es<\/p>\n\n\n\n<p><strong>Elenco:<\/strong> Karla Barros, Aline Santos,&nbsp; Daniel Costa<\/p>\n\n\n\n<p><strong>Produtora V\u00eddeo:<\/strong> Inpacto Produ\u00e7\u00f5es&nbsp;<\/p>\n\n\n\n<p><strong>Dire\u00e7\u00e3o de cena:<\/strong> Eduardo Almeida&nbsp;<\/p>\n\n\n\n<p><strong>Assistente de fotografia:<\/strong> Henrique Nunes<\/p>\n\n\n\n<p><strong>Assistente de Produ\u00e7\u00e3o: <\/strong>Ana Maria Nogueira e Vanessa Ferreira<\/p>\n\n\n\n<p><strong>Edi\u00e7\u00e3o e finaliza\u00e7\u00e3o:<\/strong> Henrique Barros<\/p>\n\n\n\n<p><strong>Fotografia:<\/strong> Bruno Coelho<\/p>\n\n\n\n<p><strong>Aprova\u00e7\u00e3o:<\/strong> Fernanda Nolasco<\/p>\n","protected":false},"excerpt":{"rendered":"<p>A Prisma Intelig\u00eancia de Marketing, em parceria com a Maely OOH, lan\u00e7ou uma nova campanha para o Sabor da Terra. Com mais de 30 anos de hist\u00f3ria, o tradicional mercado da Praia do Canto reafirma sua presen\u00e7a no bairro e celebra sua nova unidade no Shopping Vit\u00f3ria, utilizando uma abordagem criativa e estrat\u00e9gica de m\u00eddia [&#8230;]\n","protected":false},"author":3,"featured_media":2216,"comment_status":"open","ping_status":"open","sticky":false,"template":"","format":"standard","meta":[],"categories":[11],"tags":[],"yoast_head":"<!-- This site is optimized with the Yoast SEO plugin v21.8.1 - https:\/\/yoast.com\/wordpress\/plugins\/seo\/ -->\n<title>Prisma Intelig\u00eancia de Marketing e Maely OOH criam campanha estrat\u00e9gica para Sabor da Terra - Prisma Intelig\u00eancia<\/title>\n<meta name=\"robots\" content=\"index, follow, max-snippet:-1, max-image-preview:large, max-video-preview:-1\" \/>\n<link rel=\"canonical\" href=\"https:\/\/www.prix.com.br\/prisma-inteligencia\/prisma-inteligencia-de-marketing-e-maely-ooh-criam-campanha-estrategica-para-sabor-da-terra\/\" \/>\n<meta property=\"og:locale\" content=\"pt_BR\" \/>\n<meta property=\"og:type\" content=\"article\" \/>\n<meta property=\"og:title\" content=\"Prisma Intelig\u00eancia de Marketing e Maely OOH criam campanha estrat\u00e9gica para Sabor da Terra - Prisma Intelig\u00eancia\" \/>\n<meta property=\"og:description\" content=\"A Prisma Intelig\u00eancia de Marketing, em parceria com a Maely OOH, lan\u00e7ou uma nova campanha para o Sabor da Terra. Com mais de 30 anos de hist\u00f3ria, o tradicional mercado da Praia do Canto reafirma sua presen\u00e7a no bairro e celebra sua nova unidade no Shopping Vit\u00f3ria, utilizando uma abordagem criativa e estrat\u00e9gica de m\u00eddia [...]\" \/>\n<meta property=\"og:url\" content=\"https:\/\/www.prix.com.br\/prisma-inteligencia\/prisma-inteligencia-de-marketing-e-maely-ooh-criam-campanha-estrategica-para-sabor-da-terra\/\" \/>\n<meta property=\"og:site_name\" content=\"Prisma Intelig\u00eancia\" \/>\n<meta property=\"article:published_time\" content=\"2024-09-24T12:41:29+00:00\" \/>\n<meta property=\"article:modified_time\" content=\"2025-07-08T14:59:05+00:00\" \/>\n<meta property=\"og:image\" content=\"http:\/\/www.prix.com.br\/prisma-inteligencia\/wp-content\/uploads\/2024\/08\/Sabor-da-Terra-Campanha-Prisma-Frame-1.png\" \/>\n\t<meta property=\"og:image:width\" content=\"1097\" \/>\n\t<meta property=\"og:image:height\" content=\"723\" \/>\n\t<meta property=\"og:image:type\" content=\"image\/png\" \/>\n<meta name=\"author\" content=\"prismapropaganda\" \/>\n<meta name=\"twitter:card\" content=\"summary_large_image\" \/>\n<meta name=\"twitter:label1\" content=\"Escrito por\" \/>\n\t<meta name=\"twitter:data1\" content=\"prismapropaganda\" \/>\n\t<meta name=\"twitter:label2\" content=\"Est. tempo de leitura\" \/>\n\t<meta name=\"twitter:data2\" content=\"2 minutos\" \/>\n<script type=\"application\/ld+json\" class=\"yoast-schema-graph\">{\"@context\":\"https:\/\/schema.org\",\"@graph\":[{\"@type\":\"Article\",\"@id\":\"https:\/\/www.prix.com.br\/prisma-inteligencia\/prisma-inteligencia-de-marketing-e-maely-ooh-criam-campanha-estrategica-para-sabor-da-terra\/#article\",\"isPartOf\":{\"@id\":\"https:\/\/www.prix.com.br\/prisma-inteligencia\/prisma-inteligencia-de-marketing-e-maely-ooh-criam-campanha-estrategica-para-sabor-da-terra\/\"},\"author\":{\"name\":\"prismapropaganda\",\"@id\":\"https:\/\/www.prix.com.br\/prisma-inteligencia\/#\/schema\/person\/d813d435436eba669bf9474f0b7ebe2e\"},\"headline\":\"Prisma Intelig\u00eancia de Marketing e Maely OOH criam campanha estrat\u00e9gica para Sabor da Terra\",\"datePublished\":\"2024-09-24T12:41:29+00:00\",\"dateModified\":\"2025-07-08T14:59:05+00:00\",\"mainEntityOfPage\":{\"@id\":\"https:\/\/www.prix.com.br\/prisma-inteligencia\/prisma-inteligencia-de-marketing-e-maely-ooh-criam-campanha-estrategica-para-sabor-da-terra\/\"},\"wordCount\":387,\"commentCount\":0,\"publisher\":{\"@id\":\"https:\/\/www.prix.com.br\/prisma-inteligencia\/#organization\"},\"articleSection\":[\"blog\"],\"inLanguage\":\"pt-BR\",\"potentialAction\":[{\"@type\":\"CommentAction\",\"name\":\"Comment\",\"target\":[\"https:\/\/www.prix.com.br\/prisma-inteligencia\/prisma-inteligencia-de-marketing-e-maely-ooh-criam-campanha-estrategica-para-sabor-da-terra\/#respond\"]}]},{\"@type\":\"WebPage\",\"@id\":\"https:\/\/www.prix.com.br\/prisma-inteligencia\/prisma-inteligencia-de-marketing-e-maely-ooh-criam-campanha-estrategica-para-sabor-da-terra\/\",\"url\":\"https:\/\/www.prix.com.br\/prisma-inteligencia\/prisma-inteligencia-de-marketing-e-maely-ooh-criam-campanha-estrategica-para-sabor-da-terra\/\",\"name\":\"Prisma Intelig\u00eancia de Marketing e Maely OOH criam campanha estrat\u00e9gica para Sabor da Terra - Prisma Intelig\u00eancia\",\"isPartOf\":{\"@id\":\"https:\/\/www.prix.com.br\/prisma-inteligencia\/#website\"},\"datePublished\":\"2024-09-24T12:41:29+00:00\",\"dateModified\":\"2025-07-08T14:59:05+00:00\",\"breadcrumb\":{\"@id\":\"https:\/\/www.prix.com.br\/prisma-inteligencia\/prisma-inteligencia-de-marketing-e-maely-ooh-criam-campanha-estrategica-para-sabor-da-terra\/#breadcrumb\"},\"inLanguage\":\"pt-BR\",\"potentialAction\":[{\"@type\":\"ReadAction\",\"target\":[\"https:\/\/www.prix.com.br\/prisma-inteligencia\/prisma-inteligencia-de-marketing-e-maely-ooh-criam-campanha-estrategica-para-sabor-da-terra\/\"]}]},{\"@type\":\"BreadcrumbList\",\"@id\":\"https:\/\/www.prix.com.br\/prisma-inteligencia\/prisma-inteligencia-de-marketing-e-maely-ooh-criam-campanha-estrategica-para-sabor-da-terra\/#breadcrumb\",\"itemListElement\":[{\"@type\":\"ListItem\",\"position\":1,\"name\":\"In\u00edcio\",\"item\":\"https:\/\/www.prix.com.br\/prisma-inteligencia\/\"},{\"@type\":\"ListItem\",\"position\":2,\"name\":\"Prisma Intelig\u00eancia de Marketing e Maely OOH criam campanha estrat\u00e9gica para Sabor da Terra\"}]},{\"@type\":\"WebSite\",\"@id\":\"https:\/\/www.prix.com.br\/prisma-inteligencia\/#website\",\"url\":\"https:\/\/www.prix.com.br\/prisma-inteligencia\/\",\"name\":\"Prisma Intelig\u00eancia\",\"description\":\"Segundo o Instituto Ipsos especializado em h\u00e1bitos de consumo e comunica\u00e7\u00e3o, somos impactados diariamente, por mais seis mil mensagens publicit\u00e1rias.\",\"publisher\":{\"@id\":\"https:\/\/www.prix.com.br\/prisma-inteligencia\/#organization\"},\"potentialAction\":[{\"@type\":\"SearchAction\",\"target\":{\"@type\":\"EntryPoint\",\"urlTemplate\":\"https:\/\/www.prix.com.br\/prisma-inteligencia\/?s={search_term_string}\"},\"query-input\":\"required name=search_term_string\"}],\"inLanguage\":\"pt-BR\"},{\"@type\":\"Organization\",\"@id\":\"https:\/\/www.prix.com.br\/prisma-inteligencia\/#organization\",\"name\":\"Prisma Intelig\u00eancia\",\"url\":\"https:\/\/www.prix.com.br\/prisma-inteligencia\/\",\"logo\":{\"@type\":\"ImageObject\",\"inLanguage\":\"pt-BR\",\"@id\":\"https:\/\/www.prix.com.br\/prisma-inteligencia\/#\/schema\/logo\/image\/\",\"url\":\"https:\/\/www.prix.com.br\/prisma-inteligencia\/wp-content\/uploads\/2019\/09\/Logo-Prisma.png\",\"contentUrl\":\"https:\/\/www.prix.com.br\/prisma-inteligencia\/wp-content\/uploads\/2019\/09\/Logo-Prisma.png\",\"width\":554,\"height\":154,\"caption\":\"Prisma Intelig\u00eancia\"},\"image\":{\"@id\":\"https:\/\/www.prix.com.br\/prisma-inteligencia\/#\/schema\/logo\/image\/\"}},{\"@type\":\"Person\",\"@id\":\"https:\/\/www.prix.com.br\/prisma-inteligencia\/#\/schema\/person\/d813d435436eba669bf9474f0b7ebe2e\",\"name\":\"prismapropaganda\",\"image\":{\"@type\":\"ImageObject\",\"inLanguage\":\"pt-BR\",\"@id\":\"https:\/\/www.prix.com.br\/prisma-inteligencia\/#\/schema\/person\/image\/\",\"url\":\"https:\/\/secure.gravatar.com\/avatar\/eef51ad1a483453f26525d77f2278cfc?s=96&d=mm&r=g\",\"contentUrl\":\"https:\/\/secure.gravatar.com\/avatar\/eef51ad1a483453f26525d77f2278cfc?s=96&d=mm&r=g\",\"caption\":\"prismapropaganda\"},\"url\":\"https:\/\/www.prix.com.br\/prisma-inteligencia\/author\/prismapropaganda\/\"}]}<\/script>\n<!-- \/ Yoast SEO plugin. -->","yoast_head_json":{"title":"Prisma Intelig\u00eancia de Marketing e Maely OOH criam campanha estrat\u00e9gica para Sabor da Terra - Prisma Intelig\u00eancia","robots":{"index":"index","follow":"follow","max-snippet":"max-snippet:-1","max-image-preview":"max-image-preview:large","max-video-preview":"max-video-preview:-1"},"canonical":"https:\/\/www.prix.com.br\/prisma-inteligencia\/prisma-inteligencia-de-marketing-e-maely-ooh-criam-campanha-estrategica-para-sabor-da-terra\/","og_locale":"pt_BR","og_type":"article","og_title":"Prisma Intelig\u00eancia de Marketing e Maely OOH criam campanha estrat\u00e9gica para Sabor da Terra - Prisma Intelig\u00eancia","og_description":"A Prisma Intelig\u00eancia de Marketing, em parceria com a Maely OOH, lan\u00e7ou uma nova campanha para o Sabor da Terra. Com mais de 30 anos de hist\u00f3ria, o tradicional mercado da Praia do Canto reafirma sua presen\u00e7a no bairro e celebra sua nova unidade no Shopping Vit\u00f3ria, utilizando uma abordagem criativa e estrat\u00e9gica de m\u00eddia [...]","og_url":"https:\/\/www.prix.com.br\/prisma-inteligencia\/prisma-inteligencia-de-marketing-e-maely-ooh-criam-campanha-estrategica-para-sabor-da-terra\/","og_site_name":"Prisma Intelig\u00eancia","article_published_time":"2024-09-24T12:41:29+00:00","article_modified_time":"2025-07-08T14:59:05+00:00","og_image":[{"width":1097,"height":723,"url":"http:\/\/www.prix.com.br\/prisma-inteligencia\/wp-content\/uploads\/2024\/08\/Sabor-da-Terra-Campanha-Prisma-Frame-1.png","type":"image\/png"}],"author":"prismapropaganda","twitter_card":"summary_large_image","twitter_misc":{"Escrito por":"prismapropaganda","Est. tempo de leitura":"2 minutos"},"schema":{"@context":"https:\/\/schema.org","@graph":[{"@type":"Article","@id":"https:\/\/www.prix.com.br\/prisma-inteligencia\/prisma-inteligencia-de-marketing-e-maely-ooh-criam-campanha-estrategica-para-sabor-da-terra\/#article","isPartOf":{"@id":"https:\/\/www.prix.com.br\/prisma-inteligencia\/prisma-inteligencia-de-marketing-e-maely-ooh-criam-campanha-estrategica-para-sabor-da-terra\/"},"author":{"name":"prismapropaganda","@id":"https:\/\/www.prix.com.br\/prisma-inteligencia\/#\/schema\/person\/d813d435436eba669bf9474f0b7ebe2e"},"headline":"Prisma Intelig\u00eancia de Marketing e Maely OOH criam campanha estrat\u00e9gica para Sabor da Terra","datePublished":"2024-09-24T12:41:29+00:00","dateModified":"2025-07-08T14:59:05+00:00","mainEntityOfPage":{"@id":"https:\/\/www.prix.com.br\/prisma-inteligencia\/prisma-inteligencia-de-marketing-e-maely-ooh-criam-campanha-estrategica-para-sabor-da-terra\/"},"wordCount":387,"commentCount":0,"publisher":{"@id":"https:\/\/www.prix.com.br\/prisma-inteligencia\/#organization"},"articleSection":["blog"],"inLanguage":"pt-BR","potentialAction":[{"@type":"CommentAction","name":"Comment","target":["https:\/\/www.prix.com.br\/prisma-inteligencia\/prisma-inteligencia-de-marketing-e-maely-ooh-criam-campanha-estrategica-para-sabor-da-terra\/#respond"]}]},{"@type":"WebPage","@id":"https:\/\/www.prix.com.br\/prisma-inteligencia\/prisma-inteligencia-de-marketing-e-maely-ooh-criam-campanha-estrategica-para-sabor-da-terra\/","url":"https:\/\/www.prix.com.br\/prisma-inteligencia\/prisma-inteligencia-de-marketing-e-maely-ooh-criam-campanha-estrategica-para-sabor-da-terra\/","name":"Prisma Intelig\u00eancia de Marketing e Maely OOH criam campanha estrat\u00e9gica para Sabor da Terra - Prisma Intelig\u00eancia","isPartOf":{"@id":"https:\/\/www.prix.com.br\/prisma-inteligencia\/#website"},"datePublished":"2024-09-24T12:41:29+00:00","dateModified":"2025-07-08T14:59:05+00:00","breadcrumb":{"@id":"https:\/\/www.prix.com.br\/prisma-inteligencia\/prisma-inteligencia-de-marketing-e-maely-ooh-criam-campanha-estrategica-para-sabor-da-terra\/#breadcrumb"},"inLanguage":"pt-BR","potentialAction":[{"@type":"ReadAction","target":["https:\/\/www.prix.com.br\/prisma-inteligencia\/prisma-inteligencia-de-marketing-e-maely-ooh-criam-campanha-estrategica-para-sabor-da-terra\/"]}]},{"@type":"BreadcrumbList","@id":"https:\/\/www.prix.com.br\/prisma-inteligencia\/prisma-inteligencia-de-marketing-e-maely-ooh-criam-campanha-estrategica-para-sabor-da-terra\/#breadcrumb","itemListElement":[{"@type":"ListItem","position":1,"name":"In\u00edcio","item":"https:\/\/www.prix.com.br\/prisma-inteligencia\/"},{"@type":"ListItem","position":2,"name":"Prisma Intelig\u00eancia de Marketing e Maely OOH criam campanha estrat\u00e9gica para Sabor da Terra"}]},{"@type":"WebSite","@id":"https:\/\/www.prix.com.br\/prisma-inteligencia\/#website","url":"https:\/\/www.prix.com.br\/prisma-inteligencia\/","name":"Prisma Intelig\u00eancia","description":"Segundo o Instituto Ipsos especializado em h\u00e1bitos de consumo e comunica\u00e7\u00e3o, somos impactados diariamente, por mais seis mil mensagens publicit\u00e1rias.","publisher":{"@id":"https:\/\/www.prix.com.br\/prisma-inteligencia\/#organization"},"potentialAction":[{"@type":"SearchAction","target":{"@type":"EntryPoint","urlTemplate":"https:\/\/www.prix.com.br\/prisma-inteligencia\/?s={search_term_string}"},"query-input":"required name=search_term_string"}],"inLanguage":"pt-BR"},{"@type":"Organization","@id":"https:\/\/www.prix.com.br\/prisma-inteligencia\/#organization","name":"Prisma Intelig\u00eancia","url":"https:\/\/www.prix.com.br\/prisma-inteligencia\/","logo":{"@type":"ImageObject","inLanguage":"pt-BR","@id":"https:\/\/www.prix.com.br\/prisma-inteligencia\/#\/schema\/logo\/image\/","url":"https:\/\/www.prix.com.br\/prisma-inteligencia\/wp-content\/uploads\/2019\/09\/Logo-Prisma.png","contentUrl":"https:\/\/www.prix.com.br\/prisma-inteligencia\/wp-content\/uploads\/2019\/09\/Logo-Prisma.png","width":554,"height":154,"caption":"Prisma Intelig\u00eancia"},"image":{"@id":"https:\/\/www.prix.com.br\/prisma-inteligencia\/#\/schema\/logo\/image\/"}},{"@type":"Person","@id":"https:\/\/www.prix.com.br\/prisma-inteligencia\/#\/schema\/person\/d813d435436eba669bf9474f0b7ebe2e","name":"prismapropaganda","image":{"@type":"ImageObject","inLanguage":"pt-BR","@id":"https:\/\/www.prix.com.br\/prisma-inteligencia\/#\/schema\/person\/image\/","url":"https:\/\/secure.gravatar.com\/avatar\/eef51ad1a483453f26525d77f2278cfc?s=96&d=mm&r=g","contentUrl":"https:\/\/secure.gravatar.com\/avatar\/eef51ad1a483453f26525d77f2278cfc?s=96&d=mm&r=g","caption":"prismapropaganda"},"url":"https:\/\/www.prix.com.br\/prisma-inteligencia\/author\/prismapropaganda\/"}]}},"_links":{"self":[{"href":"https:\/\/www.prix.com.br\/prisma-inteligencia\/wp-json\/wp\/v2\/posts\/2215"}],"collection":[{"href":"https:\/\/www.prix.com.br\/prisma-inteligencia\/wp-json\/wp\/v2\/posts"}],"about":[{"href":"https:\/\/www.prix.com.br\/prisma-inteligencia\/wp-json\/wp\/v2\/types\/post"}],"author":[{"embeddable":true,"href":"https:\/\/www.prix.com.br\/prisma-inteligencia\/wp-json\/wp\/v2\/users\/3"}],"replies":[{"embeddable":true,"href":"https:\/\/www.prix.com.br\/prisma-inteligencia\/wp-json\/wp\/v2\/comments?post=2215"}],"version-history":[{"count":3,"href":"https:\/\/www.prix.com.br\/prisma-inteligencia\/wp-json\/wp\/v2\/posts\/2215\/revisions"}],"predecessor-version":[{"id":2220,"href":"https:\/\/www.prix.com.br\/prisma-inteligencia\/wp-json\/wp\/v2\/posts\/2215\/revisions\/2220"}],"wp:featuredmedia":[{"embeddable":true,"href":"https:\/\/www.prix.com.br\/prisma-inteligencia\/wp-json\/wp\/v2\/media\/2216"}],"wp:attachment":[{"href":"https:\/\/www.prix.com.br\/prisma-inteligencia\/wp-json\/wp\/v2\/media?parent=2215"}],"wp:term":[{"taxonomy":"category","embeddable":true,"href":"https:\/\/www.prix.com.br\/prisma-inteligencia\/wp-json\/wp\/v2\/categories?post=2215"},{"taxonomy":"post_tag","embeddable":true,"href":"https:\/\/www.prix.com.br\/prisma-inteligencia\/wp-json\/wp\/v2\/tags?post=2215"}],"curies":[{"name":"wp","href":"https:\/\/api.w.org\/{rel}","templated":true}]}}