{"id":2224,"date":"2024-10-11T18:22:48","date_gmt":"2024-10-11T21:22:48","guid":{"rendered":"https:\/\/www.prix.com.br\/prisma-inteligencia\/?p=2224"},"modified":"2025-07-08T11:58:48","modified_gmt":"2025-07-08T14:58:48","slug":"sou-pela-vitima-uma-campanha-que-da-voz-a-quem-precisa","status":"publish","type":"post","link":"https:\/\/www.prix.com.br\/prisma-inteligencia\/sou-pela-vitima-uma-campanha-que-da-voz-a-quem-precisa\/","title":{"rendered":"Sou Pela V\u00edtima: uma campanha que d\u00e1 voz a quem precisa"},"content":{"rendered":"\n\n\n<p><strong><em>A Campanha Sou Pela V\u00edtima<\/em><\/strong>, idealizada pelos Promotores e Procuradores de Justi\u00e7a do Estado, tem como miss\u00e3o defender e amparar v\u00edtimas de crimes e suas fam\u00edlias, garantindo que seus direitos sejam respeitados e suas vozes ouvidas. Em um cen\u00e1rio onde milhares de v\u00edtimas s\u00e3o esquecidas e silenciadas, a campanha busca promover justi\u00e7a social e fortalecer a cidadania ativa.<\/p>\n\n\n\n<p>Pela primeira vez uma iniciativa in\u00e9dita no Brasil e no Esp\u00edrito Santo, a Associa\u00e7\u00e3o de Promotores e Procuradores de Justi\u00e7a do Esp\u00edrito Santo se mobiliza para levar um Projeto de Lei de Iniciativa Popular. Para que o processo seja oficialmente iniciado na Assembleia Legislativa do Estado (ALES), ser\u00e3o necess\u00e1rias <strong>30 mil assinaturas<\/strong> de eleitores capixabas.<\/p>\n\n\n\n<p>Para compreender a import\u00e2ncia da <em>Campanha Sou Pela V\u00edtima<\/em>, \u00e9 essencial explicar o papel do Minist\u00e9rio P\u00fablico (MP). O MP \u00e9 uma institui\u00e7\u00e3o p\u00fablica que atua de forma independente, ou seja, n\u00e3o est\u00e1 vinculada ao governo, e tem como principal fun\u00e7\u00e3o proteger os direitos dos indiv\u00edduos e da sociedade. A maioria da popula\u00e7\u00e3o n\u00e3o tem ci\u00eancia da import\u00e2ncia e do papel do MP e, por isso, muitas vezes, perde a chance de ser defendido e ter seus direitos garantidos.<\/p>\n\n\n\n<p>Entre as garantias previstas no Projeto de Lei, est\u00e1 a altera\u00e7\u00e3o do art. 6\u00ba da Lei Complementar Estadual n\u00ba 879\/2017, que prev\u00ea que as v\u00edtimas poder\u00e3o ser inclu\u00eddas como benefici\u00e1rias obrigat\u00f3rias nas contrata\u00e7\u00f5es de obras e servi\u00e7os realizados pelos \u00f3rg\u00e3os da Administra\u00e7\u00e3o Direta e pelas entidades da Administra\u00e7\u00e3o Indireta do Poder Executivo Estadual. Isso quer dizer que, assim como presos e egressos, t\u00eam previsto em Lei oportunidades de empregos em empresas, as v\u00edtimas de crimes tamb\u00e9m poder\u00e3o ter oportunidades, caso a lei seja aprovada.&nbsp;<\/p>\n\n\n\n<p>Campanhas pr\u00f3-bono com o envolvimento de ag\u00eancias de publicidade e empresas em geral podem influenciar positivamente a opini\u00e3o p\u00fablica, sensibilizando as pessoas e despertando a cidadania em cada um de n\u00f3s. Al\u00e9m disso, essas iniciativas contribuem para a constru\u00e7\u00e3o de uma democracia mais participativa e refor\u00e7am a responsabilidade social.&nbsp;<\/p>\n\n\n\n<p>Acredito nessa causa, pois a publicidade, al\u00e9m de ser uma ferramenta comercial, tem o poder de transformar comportamentos e atitudes, sendo uma aliada fundamental na luta por justi\u00e7a e direitos.&nbsp;<\/p>\n\n\n\n<p>Por isso, a sua assinatura pode fazer a diferen\u00e7a na vida de pessoas que precisam de apoio. Acesse <a href=\"http:\/\/soupelavitima.com.br\">soupelavitima.com.br<\/a> e, juntos, podemos mudar essa hist\u00f3ria.<\/p>\n","protected":false},"excerpt":{"rendered":"<p>A Campanha Sou Pela V\u00edtima, idealizada pelos Promotores e Procuradores de Justi\u00e7a do Estado, tem como miss\u00e3o defender e amparar v\u00edtimas de crimes e suas fam\u00edlias, garantindo que seus direitos sejam respeitados e suas vozes ouvidas. Em um cen\u00e1rio onde milhares de v\u00edtimas s\u00e3o esquecidas e silenciadas, a campanha busca promover justi\u00e7a social e fortalecer [&#8230;]\n","protected":false},"author":3,"featured_media":2225,"comment_status":"open","ping_status":"open","sticky":false,"template":"","format":"standard","meta":[],"categories":[11],"tags":[],"yoast_head":"<!-- This site is optimized with the Yoast SEO plugin v21.8.1 - https:\/\/yoast.com\/wordpress\/plugins\/seo\/ -->\n<title>Sou Pela V\u00edtima: uma campanha que d\u00e1 voz a quem precisa - Prisma Intelig\u00eancia<\/title>\n<meta name=\"robots\" content=\"index, follow, max-snippet:-1, max-image-preview:large, max-video-preview:-1\" \/>\n<link rel=\"canonical\" href=\"https:\/\/www.prix.com.br\/prisma-inteligencia\/sou-pela-vitima-uma-campanha-que-da-voz-a-quem-precisa\/\" \/>\n<meta property=\"og:locale\" content=\"pt_BR\" \/>\n<meta property=\"og:type\" content=\"article\" \/>\n<meta property=\"og:title\" content=\"Sou Pela V\u00edtima: uma campanha que d\u00e1 voz a quem precisa - Prisma Intelig\u00eancia\" \/>\n<meta property=\"og:description\" content=\"A Campanha Sou Pela V\u00edtima, idealizada pelos Promotores e Procuradores de Justi\u00e7a do Estado, tem como miss\u00e3o defender e amparar v\u00edtimas de crimes e suas fam\u00edlias, garantindo que seus direitos sejam respeitados e suas vozes ouvidas. Em um cen\u00e1rio onde milhares de v\u00edtimas s\u00e3o esquecidas e silenciadas, a campanha busca promover justi\u00e7a social e fortalecer [...]\" \/>\n<meta property=\"og:url\" content=\"https:\/\/www.prix.com.br\/prisma-inteligencia\/sou-pela-vitima-uma-campanha-que-da-voz-a-quem-precisa\/\" \/>\n<meta property=\"og:site_name\" content=\"Prisma Intelig\u00eancia\" \/>\n<meta property=\"article:published_time\" content=\"2024-10-11T21:22:48+00:00\" \/>\n<meta property=\"article:modified_time\" content=\"2025-07-08T14:58:48+00:00\" \/>\n<meta property=\"og:image\" content=\"http:\/\/www.prix.com.br\/prisma-inteligencia\/wp-content\/uploads\/2024\/10\/tela_titulo_campanha_1.jpg\" \/>\n\t<meta property=\"og:image:width\" content=\"1920\" \/>\n\t<meta property=\"og:image:height\" content=\"1080\" \/>\n\t<meta property=\"og:image:type\" content=\"image\/jpeg\" \/>\n<meta name=\"author\" content=\"prismapropaganda\" \/>\n<meta name=\"twitter:card\" content=\"summary_large_image\" \/>\n<meta name=\"twitter:label1\" content=\"Escrito por\" \/>\n\t<meta name=\"twitter:data1\" content=\"prismapropaganda\" \/>\n\t<meta name=\"twitter:label2\" content=\"Est. tempo de leitura\" \/>\n\t<meta name=\"twitter:data2\" content=\"3 minutos\" \/>\n<script type=\"application\/ld+json\" class=\"yoast-schema-graph\">{\"@context\":\"https:\/\/schema.org\",\"@graph\":[{\"@type\":\"Article\",\"@id\":\"https:\/\/www.prix.com.br\/prisma-inteligencia\/sou-pela-vitima-uma-campanha-que-da-voz-a-quem-precisa\/#article\",\"isPartOf\":{\"@id\":\"https:\/\/www.prix.com.br\/prisma-inteligencia\/sou-pela-vitima-uma-campanha-que-da-voz-a-quem-precisa\/\"},\"author\":{\"name\":\"prismapropaganda\",\"@id\":\"https:\/\/www.prix.com.br\/prisma-inteligencia\/#\/schema\/person\/d813d435436eba669bf9474f0b7ebe2e\"},\"headline\":\"Sou Pela V\u00edtima: uma campanha que d\u00e1 voz a quem precisa\",\"datePublished\":\"2024-10-11T21:22:48+00:00\",\"dateModified\":\"2025-07-08T14:58:48+00:00\",\"mainEntityOfPage\":{\"@id\":\"https:\/\/www.prix.com.br\/prisma-inteligencia\/sou-pela-vitima-uma-campanha-que-da-voz-a-quem-precisa\/\"},\"wordCount\":448,\"commentCount\":0,\"publisher\":{\"@id\":\"https:\/\/www.prix.com.br\/prisma-inteligencia\/#organization\"},\"articleSection\":[\"blog\"],\"inLanguage\":\"pt-BR\",\"potentialAction\":[{\"@type\":\"CommentAction\",\"name\":\"Comment\",\"target\":[\"https:\/\/www.prix.com.br\/prisma-inteligencia\/sou-pela-vitima-uma-campanha-que-da-voz-a-quem-precisa\/#respond\"]}]},{\"@type\":\"WebPage\",\"@id\":\"https:\/\/www.prix.com.br\/prisma-inteligencia\/sou-pela-vitima-uma-campanha-que-da-voz-a-quem-precisa\/\",\"url\":\"https:\/\/www.prix.com.br\/prisma-inteligencia\/sou-pela-vitima-uma-campanha-que-da-voz-a-quem-precisa\/\",\"name\":\"Sou Pela V\u00edtima: uma campanha que d\u00e1 voz a quem precisa - Prisma Intelig\u00eancia\",\"isPartOf\":{\"@id\":\"https:\/\/www.prix.com.br\/prisma-inteligencia\/#website\"},\"datePublished\":\"2024-10-11T21:22:48+00:00\",\"dateModified\":\"2025-07-08T14:58:48+00:00\",\"breadcrumb\":{\"@id\":\"https:\/\/www.prix.com.br\/prisma-inteligencia\/sou-pela-vitima-uma-campanha-que-da-voz-a-quem-precisa\/#breadcrumb\"},\"inLanguage\":\"pt-BR\",\"potentialAction\":[{\"@type\":\"ReadAction\",\"target\":[\"https:\/\/www.prix.com.br\/prisma-inteligencia\/sou-pela-vitima-uma-campanha-que-da-voz-a-quem-precisa\/\"]}]},{\"@type\":\"BreadcrumbList\",\"@id\":\"https:\/\/www.prix.com.br\/prisma-inteligencia\/sou-pela-vitima-uma-campanha-que-da-voz-a-quem-precisa\/#breadcrumb\",\"itemListElement\":[{\"@type\":\"ListItem\",\"position\":1,\"name\":\"In\u00edcio\",\"item\":\"https:\/\/www.prix.com.br\/prisma-inteligencia\/\"},{\"@type\":\"ListItem\",\"position\":2,\"name\":\"Sou Pela V\u00edtima: uma campanha que d\u00e1 voz a quem precisa\"}]},{\"@type\":\"WebSite\",\"@id\":\"https:\/\/www.prix.com.br\/prisma-inteligencia\/#website\",\"url\":\"https:\/\/www.prix.com.br\/prisma-inteligencia\/\",\"name\":\"Prisma Intelig\u00eancia\",\"description\":\"Segundo o Instituto Ipsos especializado em h\u00e1bitos de consumo e comunica\u00e7\u00e3o, somos impactados diariamente, por mais seis mil mensagens publicit\u00e1rias.\",\"publisher\":{\"@id\":\"https:\/\/www.prix.com.br\/prisma-inteligencia\/#organization\"},\"potentialAction\":[{\"@type\":\"SearchAction\",\"target\":{\"@type\":\"EntryPoint\",\"urlTemplate\":\"https:\/\/www.prix.com.br\/prisma-inteligencia\/?s={search_term_string}\"},\"query-input\":\"required name=search_term_string\"}],\"inLanguage\":\"pt-BR\"},{\"@type\":\"Organization\",\"@id\":\"https:\/\/www.prix.com.br\/prisma-inteligencia\/#organization\",\"name\":\"Prisma Intelig\u00eancia\",\"url\":\"https:\/\/www.prix.com.br\/prisma-inteligencia\/\",\"logo\":{\"@type\":\"ImageObject\",\"inLanguage\":\"pt-BR\",\"@id\":\"https:\/\/www.prix.com.br\/prisma-inteligencia\/#\/schema\/logo\/image\/\",\"url\":\"https:\/\/www.prix.com.br\/prisma-inteligencia\/wp-content\/uploads\/2019\/09\/Logo-Prisma.png\",\"contentUrl\":\"https:\/\/www.prix.com.br\/prisma-inteligencia\/wp-content\/uploads\/2019\/09\/Logo-Prisma.png\",\"width\":554,\"height\":154,\"caption\":\"Prisma Intelig\u00eancia\"},\"image\":{\"@id\":\"https:\/\/www.prix.com.br\/prisma-inteligencia\/#\/schema\/logo\/image\/\"}},{\"@type\":\"Person\",\"@id\":\"https:\/\/www.prix.com.br\/prisma-inteligencia\/#\/schema\/person\/d813d435436eba669bf9474f0b7ebe2e\",\"name\":\"prismapropaganda\",\"image\":{\"@type\":\"ImageObject\",\"inLanguage\":\"pt-BR\",\"@id\":\"https:\/\/www.prix.com.br\/prisma-inteligencia\/#\/schema\/person\/image\/\",\"url\":\"https:\/\/secure.gravatar.com\/avatar\/eef51ad1a483453f26525d77f2278cfc?s=96&d=mm&r=g\",\"contentUrl\":\"https:\/\/secure.gravatar.com\/avatar\/eef51ad1a483453f26525d77f2278cfc?s=96&d=mm&r=g\",\"caption\":\"prismapropaganda\"},\"url\":\"https:\/\/www.prix.com.br\/prisma-inteligencia\/author\/prismapropaganda\/\"}]}<\/script>\n<!-- \/ Yoast SEO plugin. -->","yoast_head_json":{"title":"Sou Pela V\u00edtima: uma campanha que d\u00e1 voz a quem precisa - Prisma Intelig\u00eancia","robots":{"index":"index","follow":"follow","max-snippet":"max-snippet:-1","max-image-preview":"max-image-preview:large","max-video-preview":"max-video-preview:-1"},"canonical":"https:\/\/www.prix.com.br\/prisma-inteligencia\/sou-pela-vitima-uma-campanha-que-da-voz-a-quem-precisa\/","og_locale":"pt_BR","og_type":"article","og_title":"Sou Pela V\u00edtima: uma campanha que d\u00e1 voz a quem precisa - Prisma Intelig\u00eancia","og_description":"A Campanha Sou Pela V\u00edtima, idealizada pelos Promotores e Procuradores de Justi\u00e7a do Estado, tem como miss\u00e3o defender e amparar v\u00edtimas de crimes e suas fam\u00edlias, garantindo que seus direitos sejam respeitados e suas vozes ouvidas. Em um cen\u00e1rio onde milhares de v\u00edtimas s\u00e3o esquecidas e silenciadas, a campanha busca promover justi\u00e7a social e fortalecer [...]","og_url":"https:\/\/www.prix.com.br\/prisma-inteligencia\/sou-pela-vitima-uma-campanha-que-da-voz-a-quem-precisa\/","og_site_name":"Prisma Intelig\u00eancia","article_published_time":"2024-10-11T21:22:48+00:00","article_modified_time":"2025-07-08T14:58:48+00:00","og_image":[{"width":1920,"height":1080,"url":"http:\/\/www.prix.com.br\/prisma-inteligencia\/wp-content\/uploads\/2024\/10\/tela_titulo_campanha_1.jpg","type":"image\/jpeg"}],"author":"prismapropaganda","twitter_card":"summary_large_image","twitter_misc":{"Escrito por":"prismapropaganda","Est. tempo de leitura":"3 minutos"},"schema":{"@context":"https:\/\/schema.org","@graph":[{"@type":"Article","@id":"https:\/\/www.prix.com.br\/prisma-inteligencia\/sou-pela-vitima-uma-campanha-que-da-voz-a-quem-precisa\/#article","isPartOf":{"@id":"https:\/\/www.prix.com.br\/prisma-inteligencia\/sou-pela-vitima-uma-campanha-que-da-voz-a-quem-precisa\/"},"author":{"name":"prismapropaganda","@id":"https:\/\/www.prix.com.br\/prisma-inteligencia\/#\/schema\/person\/d813d435436eba669bf9474f0b7ebe2e"},"headline":"Sou Pela V\u00edtima: uma campanha que d\u00e1 voz a quem precisa","datePublished":"2024-10-11T21:22:48+00:00","dateModified":"2025-07-08T14:58:48+00:00","mainEntityOfPage":{"@id":"https:\/\/www.prix.com.br\/prisma-inteligencia\/sou-pela-vitima-uma-campanha-que-da-voz-a-quem-precisa\/"},"wordCount":448,"commentCount":0,"publisher":{"@id":"https:\/\/www.prix.com.br\/prisma-inteligencia\/#organization"},"articleSection":["blog"],"inLanguage":"pt-BR","potentialAction":[{"@type":"CommentAction","name":"Comment","target":["https:\/\/www.prix.com.br\/prisma-inteligencia\/sou-pela-vitima-uma-campanha-que-da-voz-a-quem-precisa\/#respond"]}]},{"@type":"WebPage","@id":"https:\/\/www.prix.com.br\/prisma-inteligencia\/sou-pela-vitima-uma-campanha-que-da-voz-a-quem-precisa\/","url":"https:\/\/www.prix.com.br\/prisma-inteligencia\/sou-pela-vitima-uma-campanha-que-da-voz-a-quem-precisa\/","name":"Sou Pela V\u00edtima: uma campanha que d\u00e1 voz a quem precisa - Prisma Intelig\u00eancia","isPartOf":{"@id":"https:\/\/www.prix.com.br\/prisma-inteligencia\/#website"},"datePublished":"2024-10-11T21:22:48+00:00","dateModified":"2025-07-08T14:58:48+00:00","breadcrumb":{"@id":"https:\/\/www.prix.com.br\/prisma-inteligencia\/sou-pela-vitima-uma-campanha-que-da-voz-a-quem-precisa\/#breadcrumb"},"inLanguage":"pt-BR","potentialAction":[{"@type":"ReadAction","target":["https:\/\/www.prix.com.br\/prisma-inteligencia\/sou-pela-vitima-uma-campanha-que-da-voz-a-quem-precisa\/"]}]},{"@type":"BreadcrumbList","@id":"https:\/\/www.prix.com.br\/prisma-inteligencia\/sou-pela-vitima-uma-campanha-que-da-voz-a-quem-precisa\/#breadcrumb","itemListElement":[{"@type":"ListItem","position":1,"name":"In\u00edcio","item":"https:\/\/www.prix.com.br\/prisma-inteligencia\/"},{"@type":"ListItem","position":2,"name":"Sou Pela V\u00edtima: uma campanha que d\u00e1 voz a quem precisa"}]},{"@type":"WebSite","@id":"https:\/\/www.prix.com.br\/prisma-inteligencia\/#website","url":"https:\/\/www.prix.com.br\/prisma-inteligencia\/","name":"Prisma Intelig\u00eancia","description":"Segundo o Instituto Ipsos especializado em h\u00e1bitos de consumo e comunica\u00e7\u00e3o, somos impactados diariamente, por mais seis mil mensagens publicit\u00e1rias.","publisher":{"@id":"https:\/\/www.prix.com.br\/prisma-inteligencia\/#organization"},"potentialAction":[{"@type":"SearchAction","target":{"@type":"EntryPoint","urlTemplate":"https:\/\/www.prix.com.br\/prisma-inteligencia\/?s={search_term_string}"},"query-input":"required name=search_term_string"}],"inLanguage":"pt-BR"},{"@type":"Organization","@id":"https:\/\/www.prix.com.br\/prisma-inteligencia\/#organization","name":"Prisma Intelig\u00eancia","url":"https:\/\/www.prix.com.br\/prisma-inteligencia\/","logo":{"@type":"ImageObject","inLanguage":"pt-BR","@id":"https:\/\/www.prix.com.br\/prisma-inteligencia\/#\/schema\/logo\/image\/","url":"https:\/\/www.prix.com.br\/prisma-inteligencia\/wp-content\/uploads\/2019\/09\/Logo-Prisma.png","contentUrl":"https:\/\/www.prix.com.br\/prisma-inteligencia\/wp-content\/uploads\/2019\/09\/Logo-Prisma.png","width":554,"height":154,"caption":"Prisma Intelig\u00eancia"},"image":{"@id":"https:\/\/www.prix.com.br\/prisma-inteligencia\/#\/schema\/logo\/image\/"}},{"@type":"Person","@id":"https:\/\/www.prix.com.br\/prisma-inteligencia\/#\/schema\/person\/d813d435436eba669bf9474f0b7ebe2e","name":"prismapropaganda","image":{"@type":"ImageObject","inLanguage":"pt-BR","@id":"https:\/\/www.prix.com.br\/prisma-inteligencia\/#\/schema\/person\/image\/","url":"https:\/\/secure.gravatar.com\/avatar\/eef51ad1a483453f26525d77f2278cfc?s=96&d=mm&r=g","contentUrl":"https:\/\/secure.gravatar.com\/avatar\/eef51ad1a483453f26525d77f2278cfc?s=96&d=mm&r=g","caption":"prismapropaganda"},"url":"https:\/\/www.prix.com.br\/prisma-inteligencia\/author\/prismapropaganda\/"}]}},"_links":{"self":[{"href":"https:\/\/www.prix.com.br\/prisma-inteligencia\/wp-json\/wp\/v2\/posts\/2224"}],"collection":[{"href":"https:\/\/www.prix.com.br\/prisma-inteligencia\/wp-json\/wp\/v2\/posts"}],"about":[{"href":"https:\/\/www.prix.com.br\/prisma-inteligencia\/wp-json\/wp\/v2\/types\/post"}],"author":[{"embeddable":true,"href":"https:\/\/www.prix.com.br\/prisma-inteligencia\/wp-json\/wp\/v2\/users\/3"}],"replies":[{"embeddable":true,"href":"https:\/\/www.prix.com.br\/prisma-inteligencia\/wp-json\/wp\/v2\/comments?post=2224"}],"version-history":[{"count":1,"href":"https:\/\/www.prix.com.br\/prisma-inteligencia\/wp-json\/wp\/v2\/posts\/2224\/revisions"}],"predecessor-version":[{"id":2226,"href":"https:\/\/www.prix.com.br\/prisma-inteligencia\/wp-json\/wp\/v2\/posts\/2224\/revisions\/2226"}],"wp:featuredmedia":[{"embeddable":true,"href":"https:\/\/www.prix.com.br\/prisma-inteligencia\/wp-json\/wp\/v2\/media\/2225"}],"wp:attachment":[{"href":"https:\/\/www.prix.com.br\/prisma-inteligencia\/wp-json\/wp\/v2\/media?parent=2224"}],"wp:term":[{"taxonomy":"category","embeddable":true,"href":"https:\/\/www.prix.com.br\/prisma-inteligencia\/wp-json\/wp\/v2\/categories?post=2224"},{"taxonomy":"post_tag","embeddable":true,"href":"https:\/\/www.prix.com.br\/prisma-inteligencia\/wp-json\/wp\/v2\/tags?post=2224"}],"curies":[{"name":"wp","href":"https:\/\/api.w.org\/{rel}","templated":true}]}}