{"id":2236,"date":"2024-12-09T17:22:33","date_gmt":"2024-12-09T20:22:33","guid":{"rendered":"https:\/\/www.prix.com.br\/prisma-inteligencia\/?p=2236"},"modified":"2025-07-08T11:55:44","modified_gmt":"2025-07-08T14:55:44","slug":"esquecam-a-tecnologia-quem-inova-sao-as-pessoas","status":"publish","type":"post","link":"https:\/\/www.prix.com.br\/prisma-inteligencia\/esquecam-a-tecnologia-quem-inova-sao-as-pessoas\/","title":{"rendered":"Esque\u00e7am a tecnologia: quem inova s\u00e3o as pessoas."},"content":{"rendered":"\n\n\n<p>A realidade para muitas as empresas no mercado, est\u00e1 envolvida diretamente com rob\u00f3tica e automa\u00e7\u00e3o, nos controles num\u00e9ricos dos sistemas de produ\u00e7\u00e3o, softwares de \u00faltima gera\u00e7\u00e3o e avan\u00e7os significativos na aplica\u00e7\u00e3o da intelig\u00eancia artificial na rotina empresarial. Andamos apaixonados pela tecnologia. Aos poucos vamos dando conta de que essa era tem novos impactos em diversos n\u00edveis, principalmente nas quest\u00f5es econ\u00f4micas e sociais. Nesse cen\u00e1rio, quais os limites da tecnologia? Que se abram as cortinas para identificar solu\u00e7\u00f5es que impliquem em mudan\u00e7as profundas, de uma nova economia virtual e fluida e de como lidar com a permanente substitui\u00e7\u00e3o de empregos humanos por m\u00e1quinas. &nbsp;<\/p>\n\n\n\n<p>Esque\u00e7am tecnologia, por si s\u00f3 a tecnologia n\u00e3o inova. Quem produz inova\u00e7\u00e3o s\u00e3o as pessoas.&nbsp; Algu\u00e9m pode at\u00e9 fazer uma descoberta isolada e solit\u00e1ria, mas s\u00f3 inova verdadeiramente quem conhece a necessidade e se relaciona com as pessoas. Afinal, pra que servem os avan\u00e7os tecnol\u00f3gicos, se n\u00e3o para o beneficio da humanidade? Toda \u00e9poca tem uma ordem dos sentidos com condi\u00e7\u00f5es hist\u00f3ricas, sociais e culturais. \u00c9 o regime da significa\u00e7\u00e3o do tempo, fazendo com que o passado seja refer\u00eancia, o futuro tend\u00eancia e o presente que vivemos no agora, seja cada vez mais tecnol\u00f3gico, acelerado pelo tempo e com a sensa\u00e7\u00e3o que ele passa mais r\u00e1pido do que o de costume. &nbsp;<\/p>\n\n\n\n<p>Assim, a sociedade vive um grande desafio de conviver com aspectos que a tecnologia n\u00e3o conseguiu resolver e muitas vezes acentuaram essas quest\u00f5es como: fome, terrorismo, desastres naturais, polui\u00e7\u00e3o, doen\u00e7as, altera\u00e7\u00f5es clim\u00e1ticas, fluxos migrat\u00f3rios e guerras, s\u00e3o quest\u00f5es que ainda n\u00e3o nos demos conta, de que o mundo, carece de cuidados que s\u00f3 o desenvolvimento tecnol\u00f3gico sustent\u00e1vel, a ci\u00eancia aplicada e um ser humano no seu controle e exerc\u00edcio pleno, ser\u00e3o capazes de restabelecer um equilibro entre o artificial e o humano. &nbsp;<\/p>\n\n\n\n<p>A tecnologia n\u00e3o retrocede. Ao logo da hist\u00f3ria foi desenvolvida pelo homem que fez com que as ferramentas tecnol\u00f3gicas operassem a servi\u00e7o dele. A tentativa de colocar limites do desenvolvimento da intelig\u00eancia artificial \u00e9 uma demonstra\u00e7\u00e3o dos riscos que ainda est\u00e3o por vir.<\/p>\n\n\n\n<p>A regulamenta\u00e7\u00e3o da IA \u00e9 um caminho. Entretanto, nenhuma lei ou regulamento impedir\u00e1 o seu avan\u00e7o.<\/p>\n","protected":false},"excerpt":{"rendered":"<p>A realidade para muitas as empresas no mercado, est\u00e1 envolvida diretamente com rob\u00f3tica e automa\u00e7\u00e3o, nos controles num\u00e9ricos dos sistemas de produ\u00e7\u00e3o, softwares de \u00faltima gera\u00e7\u00e3o e avan\u00e7os significativos na aplica\u00e7\u00e3o da intelig\u00eancia artificial na rotina empresarial. Andamos apaixonados pela tecnologia. Aos poucos vamos dando conta de que essa era tem novos impactos em diversos [&#8230;]\n","protected":false},"author":3,"featured_media":2237,"comment_status":"open","ping_status":"open","sticky":false,"template":"","format":"standard","meta":[],"categories":[11],"tags":[],"yoast_head":"<!-- This site is optimized with the Yoast SEO plugin v21.8.1 - https:\/\/yoast.com\/wordpress\/plugins\/seo\/ -->\n<title>Esque\u00e7am a tecnologia: quem inova s\u00e3o as pessoas. - Prisma Intelig\u00eancia<\/title>\n<meta name=\"robots\" content=\"index, follow, max-snippet:-1, max-image-preview:large, max-video-preview:-1\" \/>\n<link rel=\"canonical\" href=\"https:\/\/www.prix.com.br\/prisma-inteligencia\/esquecam-a-tecnologia-quem-inova-sao-as-pessoas\/\" \/>\n<meta property=\"og:locale\" content=\"pt_BR\" \/>\n<meta property=\"og:type\" content=\"article\" \/>\n<meta property=\"og:title\" content=\"Esque\u00e7am a tecnologia: quem inova s\u00e3o as pessoas. - Prisma Intelig\u00eancia\" \/>\n<meta property=\"og:description\" content=\"A realidade para muitas as empresas no mercado, est\u00e1 envolvida diretamente com rob\u00f3tica e automa\u00e7\u00e3o, nos controles num\u00e9ricos dos sistemas de produ\u00e7\u00e3o, softwares de \u00faltima gera\u00e7\u00e3o e avan\u00e7os significativos na aplica\u00e7\u00e3o da intelig\u00eancia artificial na rotina empresarial. Andamos apaixonados pela tecnologia. Aos poucos vamos dando conta de que essa era tem novos impactos em diversos [...]\" \/>\n<meta property=\"og:url\" content=\"https:\/\/www.prix.com.br\/prisma-inteligencia\/esquecam-a-tecnologia-quem-inova-sao-as-pessoas\/\" \/>\n<meta property=\"og:site_name\" content=\"Prisma Intelig\u00eancia\" \/>\n<meta property=\"article:published_time\" content=\"2024-12-09T20:22:33+00:00\" \/>\n<meta property=\"article:modified_time\" content=\"2025-07-08T14:55:44+00:00\" \/>\n<meta property=\"og:image\" content=\"http:\/\/www.prix.com.br\/prisma-inteligencia\/wp-content\/uploads\/2024\/12\/man-blue-shirt-using-laptop-work-typing-keyboard-indoor-portrait-male-hands-computer-cup-coffee-table-1-scaled.jpg\" \/>\n\t<meta property=\"og:image:width\" content=\"2560\" \/>\n\t<meta property=\"og:image:height\" content=\"1707\" \/>\n\t<meta property=\"og:image:type\" content=\"image\/jpeg\" \/>\n<meta name=\"author\" content=\"prismapropaganda\" \/>\n<meta name=\"twitter:card\" content=\"summary_large_image\" \/>\n<meta name=\"twitter:label1\" content=\"Escrito por\" \/>\n\t<meta name=\"twitter:data1\" content=\"prismapropaganda\" \/>\n\t<meta name=\"twitter:label2\" content=\"Est. tempo de leitura\" \/>\n\t<meta name=\"twitter:data2\" content=\"3 minutos\" \/>\n<script type=\"application\/ld+json\" class=\"yoast-schema-graph\">{\"@context\":\"https:\/\/schema.org\",\"@graph\":[{\"@type\":\"Article\",\"@id\":\"https:\/\/www.prix.com.br\/prisma-inteligencia\/esquecam-a-tecnologia-quem-inova-sao-as-pessoas\/#article\",\"isPartOf\":{\"@id\":\"https:\/\/www.prix.com.br\/prisma-inteligencia\/esquecam-a-tecnologia-quem-inova-sao-as-pessoas\/\"},\"author\":{\"name\":\"prismapropaganda\",\"@id\":\"https:\/\/www.prix.com.br\/prisma-inteligencia\/#\/schema\/person\/d813d435436eba669bf9474f0b7ebe2e\"},\"headline\":\"Esque\u00e7am a tecnologia: quem inova s\u00e3o as pessoas.\",\"datePublished\":\"2024-12-09T20:22:33+00:00\",\"dateModified\":\"2025-07-08T14:55:44+00:00\",\"mainEntityOfPage\":{\"@id\":\"https:\/\/www.prix.com.br\/prisma-inteligencia\/esquecam-a-tecnologia-quem-inova-sao-as-pessoas\/\"},\"wordCount\":422,\"commentCount\":0,\"publisher\":{\"@id\":\"https:\/\/www.prix.com.br\/prisma-inteligencia\/#organization\"},\"articleSection\":[\"blog\"],\"inLanguage\":\"pt-BR\",\"potentialAction\":[{\"@type\":\"CommentAction\",\"name\":\"Comment\",\"target\":[\"https:\/\/www.prix.com.br\/prisma-inteligencia\/esquecam-a-tecnologia-quem-inova-sao-as-pessoas\/#respond\"]}]},{\"@type\":\"WebPage\",\"@id\":\"https:\/\/www.prix.com.br\/prisma-inteligencia\/esquecam-a-tecnologia-quem-inova-sao-as-pessoas\/\",\"url\":\"https:\/\/www.prix.com.br\/prisma-inteligencia\/esquecam-a-tecnologia-quem-inova-sao-as-pessoas\/\",\"name\":\"Esque\u00e7am a tecnologia: quem inova s\u00e3o as pessoas. - Prisma Intelig\u00eancia\",\"isPartOf\":{\"@id\":\"https:\/\/www.prix.com.br\/prisma-inteligencia\/#website\"},\"datePublished\":\"2024-12-09T20:22:33+00:00\",\"dateModified\":\"2025-07-08T14:55:44+00:00\",\"breadcrumb\":{\"@id\":\"https:\/\/www.prix.com.br\/prisma-inteligencia\/esquecam-a-tecnologia-quem-inova-sao-as-pessoas\/#breadcrumb\"},\"inLanguage\":\"pt-BR\",\"potentialAction\":[{\"@type\":\"ReadAction\",\"target\":[\"https:\/\/www.prix.com.br\/prisma-inteligencia\/esquecam-a-tecnologia-quem-inova-sao-as-pessoas\/\"]}]},{\"@type\":\"BreadcrumbList\",\"@id\":\"https:\/\/www.prix.com.br\/prisma-inteligencia\/esquecam-a-tecnologia-quem-inova-sao-as-pessoas\/#breadcrumb\",\"itemListElement\":[{\"@type\":\"ListItem\",\"position\":1,\"name\":\"In\u00edcio\",\"item\":\"https:\/\/www.prix.com.br\/prisma-inteligencia\/\"},{\"@type\":\"ListItem\",\"position\":2,\"name\":\"Esque\u00e7am a tecnologia: quem inova s\u00e3o as pessoas.\"}]},{\"@type\":\"WebSite\",\"@id\":\"https:\/\/www.prix.com.br\/prisma-inteligencia\/#website\",\"url\":\"https:\/\/www.prix.com.br\/prisma-inteligencia\/\",\"name\":\"Prisma Intelig\u00eancia\",\"description\":\"Segundo o Instituto Ipsos especializado em h\u00e1bitos de consumo e comunica\u00e7\u00e3o, somos impactados diariamente, por mais seis mil mensagens publicit\u00e1rias.\",\"publisher\":{\"@id\":\"https:\/\/www.prix.com.br\/prisma-inteligencia\/#organization\"},\"potentialAction\":[{\"@type\":\"SearchAction\",\"target\":{\"@type\":\"EntryPoint\",\"urlTemplate\":\"https:\/\/www.prix.com.br\/prisma-inteligencia\/?s={search_term_string}\"},\"query-input\":\"required name=search_term_string\"}],\"inLanguage\":\"pt-BR\"},{\"@type\":\"Organization\",\"@id\":\"https:\/\/www.prix.com.br\/prisma-inteligencia\/#organization\",\"name\":\"Prisma Intelig\u00eancia\",\"url\":\"https:\/\/www.prix.com.br\/prisma-inteligencia\/\",\"logo\":{\"@type\":\"ImageObject\",\"inLanguage\":\"pt-BR\",\"@id\":\"https:\/\/www.prix.com.br\/prisma-inteligencia\/#\/schema\/logo\/image\/\",\"url\":\"https:\/\/www.prix.com.br\/prisma-inteligencia\/wp-content\/uploads\/2019\/09\/Logo-Prisma.png\",\"contentUrl\":\"https:\/\/www.prix.com.br\/prisma-inteligencia\/wp-content\/uploads\/2019\/09\/Logo-Prisma.png\",\"width\":554,\"height\":154,\"caption\":\"Prisma Intelig\u00eancia\"},\"image\":{\"@id\":\"https:\/\/www.prix.com.br\/prisma-inteligencia\/#\/schema\/logo\/image\/\"}},{\"@type\":\"Person\",\"@id\":\"https:\/\/www.prix.com.br\/prisma-inteligencia\/#\/schema\/person\/d813d435436eba669bf9474f0b7ebe2e\",\"name\":\"prismapropaganda\",\"image\":{\"@type\":\"ImageObject\",\"inLanguage\":\"pt-BR\",\"@id\":\"https:\/\/www.prix.com.br\/prisma-inteligencia\/#\/schema\/person\/image\/\",\"url\":\"https:\/\/secure.gravatar.com\/avatar\/eef51ad1a483453f26525d77f2278cfc?s=96&d=mm&r=g\",\"contentUrl\":\"https:\/\/secure.gravatar.com\/avatar\/eef51ad1a483453f26525d77f2278cfc?s=96&d=mm&r=g\",\"caption\":\"prismapropaganda\"},\"url\":\"https:\/\/www.prix.com.br\/prisma-inteligencia\/author\/prismapropaganda\/\"}]}<\/script>\n<!-- \/ Yoast SEO plugin. -->","yoast_head_json":{"title":"Esque\u00e7am a tecnologia: quem inova s\u00e3o as pessoas. - Prisma Intelig\u00eancia","robots":{"index":"index","follow":"follow","max-snippet":"max-snippet:-1","max-image-preview":"max-image-preview:large","max-video-preview":"max-video-preview:-1"},"canonical":"https:\/\/www.prix.com.br\/prisma-inteligencia\/esquecam-a-tecnologia-quem-inova-sao-as-pessoas\/","og_locale":"pt_BR","og_type":"article","og_title":"Esque\u00e7am a tecnologia: quem inova s\u00e3o as pessoas. - Prisma Intelig\u00eancia","og_description":"A realidade para muitas as empresas no mercado, est\u00e1 envolvida diretamente com rob\u00f3tica e automa\u00e7\u00e3o, nos controles num\u00e9ricos dos sistemas de produ\u00e7\u00e3o, softwares de \u00faltima gera\u00e7\u00e3o e avan\u00e7os significativos na aplica\u00e7\u00e3o da intelig\u00eancia artificial na rotina empresarial. Andamos apaixonados pela tecnologia. Aos poucos vamos dando conta de que essa era tem novos impactos em diversos [...]","og_url":"https:\/\/www.prix.com.br\/prisma-inteligencia\/esquecam-a-tecnologia-quem-inova-sao-as-pessoas\/","og_site_name":"Prisma Intelig\u00eancia","article_published_time":"2024-12-09T20:22:33+00:00","article_modified_time":"2025-07-08T14:55:44+00:00","og_image":[{"width":2560,"height":1707,"url":"http:\/\/www.prix.com.br\/prisma-inteligencia\/wp-content\/uploads\/2024\/12\/man-blue-shirt-using-laptop-work-typing-keyboard-indoor-portrait-male-hands-computer-cup-coffee-table-1-scaled.jpg","type":"image\/jpeg"}],"author":"prismapropaganda","twitter_card":"summary_large_image","twitter_misc":{"Escrito por":"prismapropaganda","Est. tempo de leitura":"3 minutos"},"schema":{"@context":"https:\/\/schema.org","@graph":[{"@type":"Article","@id":"https:\/\/www.prix.com.br\/prisma-inteligencia\/esquecam-a-tecnologia-quem-inova-sao-as-pessoas\/#article","isPartOf":{"@id":"https:\/\/www.prix.com.br\/prisma-inteligencia\/esquecam-a-tecnologia-quem-inova-sao-as-pessoas\/"},"author":{"name":"prismapropaganda","@id":"https:\/\/www.prix.com.br\/prisma-inteligencia\/#\/schema\/person\/d813d435436eba669bf9474f0b7ebe2e"},"headline":"Esque\u00e7am a tecnologia: quem inova s\u00e3o as pessoas.","datePublished":"2024-12-09T20:22:33+00:00","dateModified":"2025-07-08T14:55:44+00:00","mainEntityOfPage":{"@id":"https:\/\/www.prix.com.br\/prisma-inteligencia\/esquecam-a-tecnologia-quem-inova-sao-as-pessoas\/"},"wordCount":422,"commentCount":0,"publisher":{"@id":"https:\/\/www.prix.com.br\/prisma-inteligencia\/#organization"},"articleSection":["blog"],"inLanguage":"pt-BR","potentialAction":[{"@type":"CommentAction","name":"Comment","target":["https:\/\/www.prix.com.br\/prisma-inteligencia\/esquecam-a-tecnologia-quem-inova-sao-as-pessoas\/#respond"]}]},{"@type":"WebPage","@id":"https:\/\/www.prix.com.br\/prisma-inteligencia\/esquecam-a-tecnologia-quem-inova-sao-as-pessoas\/","url":"https:\/\/www.prix.com.br\/prisma-inteligencia\/esquecam-a-tecnologia-quem-inova-sao-as-pessoas\/","name":"Esque\u00e7am a tecnologia: quem inova s\u00e3o as pessoas. - Prisma Intelig\u00eancia","isPartOf":{"@id":"https:\/\/www.prix.com.br\/prisma-inteligencia\/#website"},"datePublished":"2024-12-09T20:22:33+00:00","dateModified":"2025-07-08T14:55:44+00:00","breadcrumb":{"@id":"https:\/\/www.prix.com.br\/prisma-inteligencia\/esquecam-a-tecnologia-quem-inova-sao-as-pessoas\/#breadcrumb"},"inLanguage":"pt-BR","potentialAction":[{"@type":"ReadAction","target":["https:\/\/www.prix.com.br\/prisma-inteligencia\/esquecam-a-tecnologia-quem-inova-sao-as-pessoas\/"]}]},{"@type":"BreadcrumbList","@id":"https:\/\/www.prix.com.br\/prisma-inteligencia\/esquecam-a-tecnologia-quem-inova-sao-as-pessoas\/#breadcrumb","itemListElement":[{"@type":"ListItem","position":1,"name":"In\u00edcio","item":"https:\/\/www.prix.com.br\/prisma-inteligencia\/"},{"@type":"ListItem","position":2,"name":"Esque\u00e7am a tecnologia: quem inova s\u00e3o as pessoas."}]},{"@type":"WebSite","@id":"https:\/\/www.prix.com.br\/prisma-inteligencia\/#website","url":"https:\/\/www.prix.com.br\/prisma-inteligencia\/","name":"Prisma Intelig\u00eancia","description":"Segundo o Instituto Ipsos especializado em h\u00e1bitos de consumo e comunica\u00e7\u00e3o, somos impactados diariamente, por mais seis mil mensagens publicit\u00e1rias.","publisher":{"@id":"https:\/\/www.prix.com.br\/prisma-inteligencia\/#organization"},"potentialAction":[{"@type":"SearchAction","target":{"@type":"EntryPoint","urlTemplate":"https:\/\/www.prix.com.br\/prisma-inteligencia\/?s={search_term_string}"},"query-input":"required name=search_term_string"}],"inLanguage":"pt-BR"},{"@type":"Organization","@id":"https:\/\/www.prix.com.br\/prisma-inteligencia\/#organization","name":"Prisma Intelig\u00eancia","url":"https:\/\/www.prix.com.br\/prisma-inteligencia\/","logo":{"@type":"ImageObject","inLanguage":"pt-BR","@id":"https:\/\/www.prix.com.br\/prisma-inteligencia\/#\/schema\/logo\/image\/","url":"https:\/\/www.prix.com.br\/prisma-inteligencia\/wp-content\/uploads\/2019\/09\/Logo-Prisma.png","contentUrl":"https:\/\/www.prix.com.br\/prisma-inteligencia\/wp-content\/uploads\/2019\/09\/Logo-Prisma.png","width":554,"height":154,"caption":"Prisma Intelig\u00eancia"},"image":{"@id":"https:\/\/www.prix.com.br\/prisma-inteligencia\/#\/schema\/logo\/image\/"}},{"@type":"Person","@id":"https:\/\/www.prix.com.br\/prisma-inteligencia\/#\/schema\/person\/d813d435436eba669bf9474f0b7ebe2e","name":"prismapropaganda","image":{"@type":"ImageObject","inLanguage":"pt-BR","@id":"https:\/\/www.prix.com.br\/prisma-inteligencia\/#\/schema\/person\/image\/","url":"https:\/\/secure.gravatar.com\/avatar\/eef51ad1a483453f26525d77f2278cfc?s=96&d=mm&r=g","contentUrl":"https:\/\/secure.gravatar.com\/avatar\/eef51ad1a483453f26525d77f2278cfc?s=96&d=mm&r=g","caption":"prismapropaganda"},"url":"https:\/\/www.prix.com.br\/prisma-inteligencia\/author\/prismapropaganda\/"}]}},"_links":{"self":[{"href":"https:\/\/www.prix.com.br\/prisma-inteligencia\/wp-json\/wp\/v2\/posts\/2236"}],"collection":[{"href":"https:\/\/www.prix.com.br\/prisma-inteligencia\/wp-json\/wp\/v2\/posts"}],"about":[{"href":"https:\/\/www.prix.com.br\/prisma-inteligencia\/wp-json\/wp\/v2\/types\/post"}],"author":[{"embeddable":true,"href":"https:\/\/www.prix.com.br\/prisma-inteligencia\/wp-json\/wp\/v2\/users\/3"}],"replies":[{"embeddable":true,"href":"https:\/\/www.prix.com.br\/prisma-inteligencia\/wp-json\/wp\/v2\/comments?post=2236"}],"version-history":[{"count":1,"href":"https:\/\/www.prix.com.br\/prisma-inteligencia\/wp-json\/wp\/v2\/posts\/2236\/revisions"}],"predecessor-version":[{"id":2238,"href":"https:\/\/www.prix.com.br\/prisma-inteligencia\/wp-json\/wp\/v2\/posts\/2236\/revisions\/2238"}],"wp:featuredmedia":[{"embeddable":true,"href":"https:\/\/www.prix.com.br\/prisma-inteligencia\/wp-json\/wp\/v2\/media\/2237"}],"wp:attachment":[{"href":"https:\/\/www.prix.com.br\/prisma-inteligencia\/wp-json\/wp\/v2\/media?parent=2236"}],"wp:term":[{"taxonomy":"category","embeddable":true,"href":"https:\/\/www.prix.com.br\/prisma-inteligencia\/wp-json\/wp\/v2\/categories?post=2236"},{"taxonomy":"post_tag","embeddable":true,"href":"https:\/\/www.prix.com.br\/prisma-inteligencia\/wp-json\/wp\/v2\/tags?post=2236"}],"curies":[{"name":"wp","href":"https:\/\/api.w.org\/{rel}","templated":true}]}}