{"id":2240,"date":"2024-12-20T12:09:31","date_gmt":"2024-12-20T15:09:31","guid":{"rendered":"https:\/\/www.prix.com.br\/prisma-inteligencia\/?p=2240"},"modified":"2025-07-08T11:55:16","modified_gmt":"2025-07-08T14:55:16","slug":"o-foco-no-seu-planejamento-para-2025","status":"publish","type":"post","link":"https:\/\/www.prix.com.br\/prisma-inteligencia\/o-foco-no-seu-planejamento-para-2025\/","title":{"rendered":"O Foco no seu Planejamento para 2025"},"content":{"rendered":"\n\n\n<p>O tempo passa r\u00e1pido e 2024 est\u00e1 ficando para tr\u00e1s. Vivemos na era da acelera\u00e7\u00e3o do tempo. A tecnologia avan\u00e7a, ao mesmo tempo nos entret\u00eam com coisas e assuntos superficiais. E \u00e9 exatamente, nesse momento, que n\u00f3s nos distra\u00edmos e nos deixamos levar para outras dire\u00e7\u00f5es. Na estrat\u00e9gia, no planejamento \u00e9 igual. Tudo \u00e9 amplo demais e nos esquecemos de focar naquilo que realmente interessa.<\/p>\n\n\n\n<p>Em meio ao clima pol\u00edtico e econ\u00f4mico desassossegado em que vivemos nos \u00faltimos tempos, as empresas continuam produzindo e vendendo e as pessoas consumindo. Mas em qual dire\u00e7\u00e3o? Voc\u00ea pode estar pensando neste momento em montar um neg\u00f3cio, lan\u00e7ar um novo produto ou simplesmente, passar a atuar em um novo mercado. Para isso, \u00e9 preciso buscar uma dire\u00e7\u00e3o estrat\u00e9gica para os objetivos pretendidos. Manter o foco \u00e9 diminuir a abrang\u00eancia e passar a atuar de forma dirigida. Escolher \u00e1reas especificas ou um p\u00fablico-alvo dirigido, pode ser a sa\u00edda, desde que, essa segmenta\u00e7\u00e3o seja feita de forma organizada e por quem entende do assunto.<\/p>\n\n\n\n<p>O mercado tem intensificado a desintermedia\u00e7\u00e3o dos neg\u00f3cios. Cada vez mais o fabricante ou produtor de determinado bem ou servi\u00e7o, est\u00e1 empenhado e investindo em vender diretamente para o cliente final. Apesar do protagonismo que n\u00f3s consumidores assumimos, atrav\u00e9s da diminui\u00e7\u00e3o dos intermedi\u00e1rios e da liga\u00e7\u00e3o direta com os centros produtores, a tecnologia dispon\u00edvel e custos menores est\u00e3o a servi\u00e7o de todos os canais de distribui\u00e7\u00e3o, seja de produtos ou de informa\u00e7\u00e3o.<\/p>\n\n\n\n<p>Planejar 2025 pode ser a melhor sa\u00edda para enfrentar um mercado com infla\u00e7\u00e3o e juros altos. &nbsp;Montar um planejamento estrat\u00e9gico ou de marketing, pode criar a musculatura necess\u00e1ria para enfrentar um mercado desafiador. \u00c9 necess\u00e1rio manter a relev\u00e2ncia do processo. Assim, focar cada vez mais numa parte do todo, pode levar a uma melhor estrat\u00e9gia, diminuir os riscos, melhorar margens e ser de fato, importante na rela\u00e7\u00e3o com o cliente.<\/p>\n\n\n\n<p>O primeiro passo \u00e9 fazer o diferente. Entender que o consumidor mudou, mas o indiv\u00edduo muito pouco. O consumidor deseja novos produtos, servi\u00e7os especializados, pre\u00e7os mais baixos e tem mais informa\u00e7\u00e3o sobre tudo. O importante \u00e9 o foco. A atitude pode fazer toda a diferen\u00e7a, 2025 est\u00e1 logo ali, ou melhor, j\u00e1 chegou!<\/p>\n","protected":false},"excerpt":{"rendered":"<p>O tempo passa r\u00e1pido e 2024 est\u00e1 ficando para tr\u00e1s. Vivemos na era da acelera\u00e7\u00e3o do tempo. A tecnologia avan\u00e7a, ao mesmo tempo nos entret\u00eam com coisas e assuntos superficiais. E \u00e9 exatamente, nesse momento, que n\u00f3s nos distra\u00edmos e nos deixamos levar para outras dire\u00e7\u00f5es. Na estrat\u00e9gia, no planejamento \u00e9 igual. Tudo \u00e9 amplo [&#8230;]\n","protected":false},"author":3,"featured_media":2241,"comment_status":"open","ping_status":"open","sticky":false,"template":"","format":"standard","meta":[],"categories":[11],"tags":[],"yoast_head":"<!-- This site is optimized with the Yoast SEO plugin v21.8.1 - https:\/\/yoast.com\/wordpress\/plugins\/seo\/ -->\n<title>O Foco no seu Planejamento para 2025 - Prisma Intelig\u00eancia<\/title>\n<meta name=\"robots\" content=\"index, follow, max-snippet:-1, max-image-preview:large, max-video-preview:-1\" \/>\n<link rel=\"canonical\" href=\"https:\/\/www.prix.com.br\/prisma-inteligencia\/o-foco-no-seu-planejamento-para-2025\/\" \/>\n<meta property=\"og:locale\" content=\"pt_BR\" \/>\n<meta property=\"og:type\" content=\"article\" \/>\n<meta property=\"og:title\" content=\"O Foco no seu Planejamento para 2025 - Prisma Intelig\u00eancia\" \/>\n<meta property=\"og:description\" content=\"O tempo passa r\u00e1pido e 2024 est\u00e1 ficando para tr\u00e1s. Vivemos na era da acelera\u00e7\u00e3o do tempo. A tecnologia avan\u00e7a, ao mesmo tempo nos entret\u00eam com coisas e assuntos superficiais. E \u00e9 exatamente, nesse momento, que n\u00f3s nos distra\u00edmos e nos deixamos levar para outras dire\u00e7\u00f5es. Na estrat\u00e9gia, no planejamento \u00e9 igual. Tudo \u00e9 amplo [...]\" \/>\n<meta property=\"og:url\" content=\"https:\/\/www.prix.com.br\/prisma-inteligencia\/o-foco-no-seu-planejamento-para-2025\/\" \/>\n<meta property=\"og:site_name\" content=\"Prisma Intelig\u00eancia\" \/>\n<meta property=\"article:published_time\" content=\"2024-12-20T15:09:31+00:00\" \/>\n<meta property=\"article:modified_time\" content=\"2025-07-08T14:55:16+00:00\" \/>\n<meta property=\"og:image\" content=\"http:\/\/www.prix.com.br\/prisma-inteligencia\/wp-content\/uploads\/2024\/12\/business-people-diverse-brainstorm-meeting-1-scaled.jpg\" \/>\n\t<meta property=\"og:image:width\" content=\"2560\" \/>\n\t<meta property=\"og:image:height\" content=\"1707\" \/>\n\t<meta property=\"og:image:type\" content=\"image\/jpeg\" \/>\n<meta name=\"author\" content=\"prismapropaganda\" \/>\n<meta name=\"twitter:card\" content=\"summary_large_image\" \/>\n<meta name=\"twitter:label1\" content=\"Escrito por\" \/>\n\t<meta name=\"twitter:data1\" content=\"prismapropaganda\" \/>\n\t<meta name=\"twitter:label2\" content=\"Est. tempo de leitura\" \/>\n\t<meta name=\"twitter:data2\" content=\"3 minutos\" \/>\n<script type=\"application\/ld+json\" class=\"yoast-schema-graph\">{\"@context\":\"https:\/\/schema.org\",\"@graph\":[{\"@type\":\"Article\",\"@id\":\"https:\/\/www.prix.com.br\/prisma-inteligencia\/o-foco-no-seu-planejamento-para-2025\/#article\",\"isPartOf\":{\"@id\":\"https:\/\/www.prix.com.br\/prisma-inteligencia\/o-foco-no-seu-planejamento-para-2025\/\"},\"author\":{\"name\":\"prismapropaganda\",\"@id\":\"https:\/\/www.prix.com.br\/prisma-inteligencia\/#\/schema\/person\/d813d435436eba669bf9474f0b7ebe2e\"},\"headline\":\"O Foco no seu Planejamento para 2025\",\"datePublished\":\"2024-12-20T15:09:31+00:00\",\"dateModified\":\"2025-07-08T14:55:16+00:00\",\"mainEntityOfPage\":{\"@id\":\"https:\/\/www.prix.com.br\/prisma-inteligencia\/o-foco-no-seu-planejamento-para-2025\/\"},\"wordCount\":405,\"commentCount\":0,\"publisher\":{\"@id\":\"https:\/\/www.prix.com.br\/prisma-inteligencia\/#organization\"},\"articleSection\":[\"blog\"],\"inLanguage\":\"pt-BR\",\"potentialAction\":[{\"@type\":\"CommentAction\",\"name\":\"Comment\",\"target\":[\"https:\/\/www.prix.com.br\/prisma-inteligencia\/o-foco-no-seu-planejamento-para-2025\/#respond\"]}]},{\"@type\":\"WebPage\",\"@id\":\"https:\/\/www.prix.com.br\/prisma-inteligencia\/o-foco-no-seu-planejamento-para-2025\/\",\"url\":\"https:\/\/www.prix.com.br\/prisma-inteligencia\/o-foco-no-seu-planejamento-para-2025\/\",\"name\":\"O Foco no seu Planejamento para 2025 - Prisma Intelig\u00eancia\",\"isPartOf\":{\"@id\":\"https:\/\/www.prix.com.br\/prisma-inteligencia\/#website\"},\"datePublished\":\"2024-12-20T15:09:31+00:00\",\"dateModified\":\"2025-07-08T14:55:16+00:00\",\"breadcrumb\":{\"@id\":\"https:\/\/www.prix.com.br\/prisma-inteligencia\/o-foco-no-seu-planejamento-para-2025\/#breadcrumb\"},\"inLanguage\":\"pt-BR\",\"potentialAction\":[{\"@type\":\"ReadAction\",\"target\":[\"https:\/\/www.prix.com.br\/prisma-inteligencia\/o-foco-no-seu-planejamento-para-2025\/\"]}]},{\"@type\":\"BreadcrumbList\",\"@id\":\"https:\/\/www.prix.com.br\/prisma-inteligencia\/o-foco-no-seu-planejamento-para-2025\/#breadcrumb\",\"itemListElement\":[{\"@type\":\"ListItem\",\"position\":1,\"name\":\"In\u00edcio\",\"item\":\"https:\/\/www.prix.com.br\/prisma-inteligencia\/\"},{\"@type\":\"ListItem\",\"position\":2,\"name\":\"O Foco no seu Planejamento para 2025\"}]},{\"@type\":\"WebSite\",\"@id\":\"https:\/\/www.prix.com.br\/prisma-inteligencia\/#website\",\"url\":\"https:\/\/www.prix.com.br\/prisma-inteligencia\/\",\"name\":\"Prisma Intelig\u00eancia\",\"description\":\"Segundo o Instituto Ipsos especializado em h\u00e1bitos de consumo e comunica\u00e7\u00e3o, somos impactados diariamente, por mais seis mil mensagens publicit\u00e1rias.\",\"publisher\":{\"@id\":\"https:\/\/www.prix.com.br\/prisma-inteligencia\/#organization\"},\"potentialAction\":[{\"@type\":\"SearchAction\",\"target\":{\"@type\":\"EntryPoint\",\"urlTemplate\":\"https:\/\/www.prix.com.br\/prisma-inteligencia\/?s={search_term_string}\"},\"query-input\":\"required name=search_term_string\"}],\"inLanguage\":\"pt-BR\"},{\"@type\":\"Organization\",\"@id\":\"https:\/\/www.prix.com.br\/prisma-inteligencia\/#organization\",\"name\":\"Prisma Intelig\u00eancia\",\"url\":\"https:\/\/www.prix.com.br\/prisma-inteligencia\/\",\"logo\":{\"@type\":\"ImageObject\",\"inLanguage\":\"pt-BR\",\"@id\":\"https:\/\/www.prix.com.br\/prisma-inteligencia\/#\/schema\/logo\/image\/\",\"url\":\"https:\/\/www.prix.com.br\/prisma-inteligencia\/wp-content\/uploads\/2019\/09\/Logo-Prisma.png\",\"contentUrl\":\"https:\/\/www.prix.com.br\/prisma-inteligencia\/wp-content\/uploads\/2019\/09\/Logo-Prisma.png\",\"width\":554,\"height\":154,\"caption\":\"Prisma Intelig\u00eancia\"},\"image\":{\"@id\":\"https:\/\/www.prix.com.br\/prisma-inteligencia\/#\/schema\/logo\/image\/\"}},{\"@type\":\"Person\",\"@id\":\"https:\/\/www.prix.com.br\/prisma-inteligencia\/#\/schema\/person\/d813d435436eba669bf9474f0b7ebe2e\",\"name\":\"prismapropaganda\",\"image\":{\"@type\":\"ImageObject\",\"inLanguage\":\"pt-BR\",\"@id\":\"https:\/\/www.prix.com.br\/prisma-inteligencia\/#\/schema\/person\/image\/\",\"url\":\"https:\/\/secure.gravatar.com\/avatar\/eef51ad1a483453f26525d77f2278cfc?s=96&d=mm&r=g\",\"contentUrl\":\"https:\/\/secure.gravatar.com\/avatar\/eef51ad1a483453f26525d77f2278cfc?s=96&d=mm&r=g\",\"caption\":\"prismapropaganda\"},\"url\":\"https:\/\/www.prix.com.br\/prisma-inteligencia\/author\/prismapropaganda\/\"}]}<\/script>\n<!-- \/ Yoast SEO plugin. -->","yoast_head_json":{"title":"O Foco no seu Planejamento para 2025 - Prisma Intelig\u00eancia","robots":{"index":"index","follow":"follow","max-snippet":"max-snippet:-1","max-image-preview":"max-image-preview:large","max-video-preview":"max-video-preview:-1"},"canonical":"https:\/\/www.prix.com.br\/prisma-inteligencia\/o-foco-no-seu-planejamento-para-2025\/","og_locale":"pt_BR","og_type":"article","og_title":"O Foco no seu Planejamento para 2025 - Prisma Intelig\u00eancia","og_description":"O tempo passa r\u00e1pido e 2024 est\u00e1 ficando para tr\u00e1s. Vivemos na era da acelera\u00e7\u00e3o do tempo. A tecnologia avan\u00e7a, ao mesmo tempo nos entret\u00eam com coisas e assuntos superficiais. E \u00e9 exatamente, nesse momento, que n\u00f3s nos distra\u00edmos e nos deixamos levar para outras dire\u00e7\u00f5es. Na estrat\u00e9gia, no planejamento \u00e9 igual. Tudo \u00e9 amplo [...]","og_url":"https:\/\/www.prix.com.br\/prisma-inteligencia\/o-foco-no-seu-planejamento-para-2025\/","og_site_name":"Prisma Intelig\u00eancia","article_published_time":"2024-12-20T15:09:31+00:00","article_modified_time":"2025-07-08T14:55:16+00:00","og_image":[{"width":2560,"height":1707,"url":"http:\/\/www.prix.com.br\/prisma-inteligencia\/wp-content\/uploads\/2024\/12\/business-people-diverse-brainstorm-meeting-1-scaled.jpg","type":"image\/jpeg"}],"author":"prismapropaganda","twitter_card":"summary_large_image","twitter_misc":{"Escrito por":"prismapropaganda","Est. tempo de leitura":"3 minutos"},"schema":{"@context":"https:\/\/schema.org","@graph":[{"@type":"Article","@id":"https:\/\/www.prix.com.br\/prisma-inteligencia\/o-foco-no-seu-planejamento-para-2025\/#article","isPartOf":{"@id":"https:\/\/www.prix.com.br\/prisma-inteligencia\/o-foco-no-seu-planejamento-para-2025\/"},"author":{"name":"prismapropaganda","@id":"https:\/\/www.prix.com.br\/prisma-inteligencia\/#\/schema\/person\/d813d435436eba669bf9474f0b7ebe2e"},"headline":"O Foco no seu Planejamento para 2025","datePublished":"2024-12-20T15:09:31+00:00","dateModified":"2025-07-08T14:55:16+00:00","mainEntityOfPage":{"@id":"https:\/\/www.prix.com.br\/prisma-inteligencia\/o-foco-no-seu-planejamento-para-2025\/"},"wordCount":405,"commentCount":0,"publisher":{"@id":"https:\/\/www.prix.com.br\/prisma-inteligencia\/#organization"},"articleSection":["blog"],"inLanguage":"pt-BR","potentialAction":[{"@type":"CommentAction","name":"Comment","target":["https:\/\/www.prix.com.br\/prisma-inteligencia\/o-foco-no-seu-planejamento-para-2025\/#respond"]}]},{"@type":"WebPage","@id":"https:\/\/www.prix.com.br\/prisma-inteligencia\/o-foco-no-seu-planejamento-para-2025\/","url":"https:\/\/www.prix.com.br\/prisma-inteligencia\/o-foco-no-seu-planejamento-para-2025\/","name":"O Foco no seu Planejamento para 2025 - Prisma Intelig\u00eancia","isPartOf":{"@id":"https:\/\/www.prix.com.br\/prisma-inteligencia\/#website"},"datePublished":"2024-12-20T15:09:31+00:00","dateModified":"2025-07-08T14:55:16+00:00","breadcrumb":{"@id":"https:\/\/www.prix.com.br\/prisma-inteligencia\/o-foco-no-seu-planejamento-para-2025\/#breadcrumb"},"inLanguage":"pt-BR","potentialAction":[{"@type":"ReadAction","target":["https:\/\/www.prix.com.br\/prisma-inteligencia\/o-foco-no-seu-planejamento-para-2025\/"]}]},{"@type":"BreadcrumbList","@id":"https:\/\/www.prix.com.br\/prisma-inteligencia\/o-foco-no-seu-planejamento-para-2025\/#breadcrumb","itemListElement":[{"@type":"ListItem","position":1,"name":"In\u00edcio","item":"https:\/\/www.prix.com.br\/prisma-inteligencia\/"},{"@type":"ListItem","position":2,"name":"O Foco no seu Planejamento para 2025"}]},{"@type":"WebSite","@id":"https:\/\/www.prix.com.br\/prisma-inteligencia\/#website","url":"https:\/\/www.prix.com.br\/prisma-inteligencia\/","name":"Prisma Intelig\u00eancia","description":"Segundo o Instituto Ipsos especializado em h\u00e1bitos de consumo e comunica\u00e7\u00e3o, somos impactados diariamente, por mais seis mil mensagens publicit\u00e1rias.","publisher":{"@id":"https:\/\/www.prix.com.br\/prisma-inteligencia\/#organization"},"potentialAction":[{"@type":"SearchAction","target":{"@type":"EntryPoint","urlTemplate":"https:\/\/www.prix.com.br\/prisma-inteligencia\/?s={search_term_string}"},"query-input":"required name=search_term_string"}],"inLanguage":"pt-BR"},{"@type":"Organization","@id":"https:\/\/www.prix.com.br\/prisma-inteligencia\/#organization","name":"Prisma Intelig\u00eancia","url":"https:\/\/www.prix.com.br\/prisma-inteligencia\/","logo":{"@type":"ImageObject","inLanguage":"pt-BR","@id":"https:\/\/www.prix.com.br\/prisma-inteligencia\/#\/schema\/logo\/image\/","url":"https:\/\/www.prix.com.br\/prisma-inteligencia\/wp-content\/uploads\/2019\/09\/Logo-Prisma.png","contentUrl":"https:\/\/www.prix.com.br\/prisma-inteligencia\/wp-content\/uploads\/2019\/09\/Logo-Prisma.png","width":554,"height":154,"caption":"Prisma Intelig\u00eancia"},"image":{"@id":"https:\/\/www.prix.com.br\/prisma-inteligencia\/#\/schema\/logo\/image\/"}},{"@type":"Person","@id":"https:\/\/www.prix.com.br\/prisma-inteligencia\/#\/schema\/person\/d813d435436eba669bf9474f0b7ebe2e","name":"prismapropaganda","image":{"@type":"ImageObject","inLanguage":"pt-BR","@id":"https:\/\/www.prix.com.br\/prisma-inteligencia\/#\/schema\/person\/image\/","url":"https:\/\/secure.gravatar.com\/avatar\/eef51ad1a483453f26525d77f2278cfc?s=96&d=mm&r=g","contentUrl":"https:\/\/secure.gravatar.com\/avatar\/eef51ad1a483453f26525d77f2278cfc?s=96&d=mm&r=g","caption":"prismapropaganda"},"url":"https:\/\/www.prix.com.br\/prisma-inteligencia\/author\/prismapropaganda\/"}]}},"_links":{"self":[{"href":"https:\/\/www.prix.com.br\/prisma-inteligencia\/wp-json\/wp\/v2\/posts\/2240"}],"collection":[{"href":"https:\/\/www.prix.com.br\/prisma-inteligencia\/wp-json\/wp\/v2\/posts"}],"about":[{"href":"https:\/\/www.prix.com.br\/prisma-inteligencia\/wp-json\/wp\/v2\/types\/post"}],"author":[{"embeddable":true,"href":"https:\/\/www.prix.com.br\/prisma-inteligencia\/wp-json\/wp\/v2\/users\/3"}],"replies":[{"embeddable":true,"href":"https:\/\/www.prix.com.br\/prisma-inteligencia\/wp-json\/wp\/v2\/comments?post=2240"}],"version-history":[{"count":1,"href":"https:\/\/www.prix.com.br\/prisma-inteligencia\/wp-json\/wp\/v2\/posts\/2240\/revisions"}],"predecessor-version":[{"id":2242,"href":"https:\/\/www.prix.com.br\/prisma-inteligencia\/wp-json\/wp\/v2\/posts\/2240\/revisions\/2242"}],"wp:featuredmedia":[{"embeddable":true,"href":"https:\/\/www.prix.com.br\/prisma-inteligencia\/wp-json\/wp\/v2\/media\/2241"}],"wp:attachment":[{"href":"https:\/\/www.prix.com.br\/prisma-inteligencia\/wp-json\/wp\/v2\/media?parent=2240"}],"wp:term":[{"taxonomy":"category","embeddable":true,"href":"https:\/\/www.prix.com.br\/prisma-inteligencia\/wp-json\/wp\/v2\/categories?post=2240"},{"taxonomy":"post_tag","embeddable":true,"href":"https:\/\/www.prix.com.br\/prisma-inteligencia\/wp-json\/wp\/v2\/tags?post=2240"}],"curies":[{"name":"wp","href":"https:\/\/api.w.org\/{rel}","templated":true}]}}