{"id":2244,"date":"2025-02-18T09:30:14","date_gmt":"2025-02-18T12:30:14","guid":{"rendered":"https:\/\/www.prix.com.br\/prisma-inteligencia\/?p=2244"},"modified":"2025-07-08T11:54:04","modified_gmt":"2025-07-08T14:54:04","slug":"governo-erra-e-a-culpa-e-da-comunicacao","status":"publish","type":"post","link":"https:\/\/www.prix.com.br\/prisma-inteligencia\/governo-erra-e-a-culpa-e-da-comunicacao\/","title":{"rendered":"Governo erra e a culpa \u00e9 da comunica\u00e7\u00e3o"},"content":{"rendered":"\n\n\n<p>Recentemente o Governo Federal mudou o ministro da comunica\u00e7\u00e3o, com a entrada do marqueteiro Sid\u00f4nio Palmeira. O publicit\u00e1rio baiano foi respons\u00e1vel pela campanha eleitoral do Lula em 2022. A mudan\u00e7a ocorreu ap\u00f3s o presidente Lula declarar publicamente que a comunica\u00e7\u00e3o do seu governo n\u00e3o estava indo bem. O governo reconheceu dificuldades em comunicar suas realiza\u00e7\u00f5es e enfrentava embate digital com os seus opositores.<\/p>\n\n\n\n<p>Coincid\u00eancia ou n\u00e3o, o sinal amarelo tamb\u00e9m surgiu com a queda de popularidade do presidente e de seu pr\u00f3prio governo que atingiu o seu pior patamar do in\u00edcio do governo. Avalia\u00e7\u00e3o negativa do governo superou a positiva pela primeira vez e ficou em 37%. Segundo a pesquisa Genial\/Quaest somente 31% veem como positiva atua\u00e7\u00e3o do governo.<\/p>\n\n\n\n<p>Ap\u00f3s o Governo Federal decidir revogar a norma da Receita Federal sobre o monitoramento das movimenta\u00e7\u00f5es financeiras, incluindo o PIX, a Secretaria de Comunica\u00e7\u00e3o Social acionou suas ag\u00eancias de propaganda para solicitar uma nova campanha publicit\u00e1ria explicando a revoga\u00e7\u00e3o e desmentindo a fake news sobre a taxa\u00e7\u00e3o do PIX. Depois de toda essa pol\u00eamica sobre o monitoramento das transa\u00e7\u00f5es do Pix, o governo percebeu a necessidade de ter uma estrat\u00e9gia e um plano de comunica\u00e7\u00e3o eficaz.<\/p>\n\n\n\n<p>Aqui nos cabe perguntar: Ser\u00e1 que o Governo acredita que uma campanha publicit\u00e1ria \u00e9 o suficiente para resolver seus problemas de comunica\u00e7\u00e3o interna, onde ministros n\u00e3o se entendem e a inger\u00eancia pol\u00edtica do Partido dos Trabalhadores acaba desvirtuando os benef\u00edcios das medidas?&nbsp;&nbsp;&nbsp;&nbsp;&nbsp;<\/p>\n\n\n\n<p>Ter um plano de comunica\u00e7\u00e3o \u00e9 uma estrat\u00e9gia correta e o governo j\u00e1 est\u00e1 bem atrasado com a medida. Entretanto, a comunica\u00e7\u00e3o n\u00e3o pode ser a sa\u00edda para medidas desarticuladas e programas populistas que, no fundo, n\u00e3o traduzem as necessidades da popula\u00e7\u00e3o. Quando o governo fracassa nas suas medidas e na articula\u00e7\u00e3o pol\u00edtica, n\u00e3o tem comunica\u00e7\u00e3o que de jeito. &nbsp;<\/p>\n\n\n\n<p>Na internet o governo j\u00e1 promoveu algumas mudan\u00e7as, come\u00e7ando de forma t\u00edmida a se comunicar com linguagens espec\u00edficas para os seus diversos p\u00fablicos. Muita coisa ainda precisa se ajustar, pois \u00e9 muito f\u00e1cil colocar a culpa na comunica\u00e7\u00e3o. &nbsp;&nbsp;<\/p>\n\n\n\n<p>Por: Fernando Manh\u00e3es<\/p>\n","protected":false},"excerpt":{"rendered":"<p>Recentemente o Governo Federal mudou o ministro da comunica\u00e7\u00e3o, com a entrada do marqueteiro Sid\u00f4nio Palmeira. O publicit\u00e1rio baiano foi respons\u00e1vel pela campanha eleitoral do Lula em 2022. A mudan\u00e7a ocorreu ap\u00f3s o presidente Lula declarar publicamente que a comunica\u00e7\u00e3o do seu governo n\u00e3o estava indo bem. O governo reconheceu dificuldades em comunicar suas realiza\u00e7\u00f5es [&#8230;]\n","protected":false},"author":3,"featured_media":2245,"comment_status":"open","ping_status":"open","sticky":false,"template":"","format":"standard","meta":[],"categories":[11],"tags":[],"yoast_head":"<!-- This site is optimized with the Yoast SEO plugin v21.8.1 - https:\/\/yoast.com\/wordpress\/plugins\/seo\/ -->\n<title>Governo erra e a culpa \u00e9 da comunica\u00e7\u00e3o - Prisma Intelig\u00eancia<\/title>\n<meta name=\"robots\" content=\"index, follow, max-snippet:-1, max-image-preview:large, max-video-preview:-1\" \/>\n<link rel=\"canonical\" href=\"https:\/\/www.prix.com.br\/prisma-inteligencia\/governo-erra-e-a-culpa-e-da-comunicacao\/\" \/>\n<meta property=\"og:locale\" content=\"pt_BR\" \/>\n<meta property=\"og:type\" content=\"article\" \/>\n<meta property=\"og:title\" content=\"Governo erra e a culpa \u00e9 da comunica\u00e7\u00e3o - Prisma Intelig\u00eancia\" \/>\n<meta property=\"og:description\" content=\"Recentemente o Governo Federal mudou o ministro da comunica\u00e7\u00e3o, com a entrada do marqueteiro Sid\u00f4nio Palmeira. O publicit\u00e1rio baiano foi respons\u00e1vel pela campanha eleitoral do Lula em 2022. A mudan\u00e7a ocorreu ap\u00f3s o presidente Lula declarar publicamente que a comunica\u00e7\u00e3o do seu governo n\u00e3o estava indo bem. O governo reconheceu dificuldades em comunicar suas realiza\u00e7\u00f5es [...]\" \/>\n<meta property=\"og:url\" content=\"https:\/\/www.prix.com.br\/prisma-inteligencia\/governo-erra-e-a-culpa-e-da-comunicacao\/\" \/>\n<meta property=\"og:site_name\" content=\"Prisma Intelig\u00eancia\" \/>\n<meta property=\"article:published_time\" content=\"2025-02-18T12:30:14+00:00\" \/>\n<meta property=\"article:modified_time\" content=\"2025-07-08T14:54:04+00:00\" \/>\n<meta property=\"og:image\" content=\"http:\/\/www.prix.com.br\/prisma-inteligencia\/wp-content\/uploads\/2025\/02\/brasilia-brazil-may-26-2006-brazilian-national-congress-with-blue-sky-clouds-1-scaled.jpg\" \/>\n\t<meta property=\"og:image:width\" content=\"2560\" \/>\n\t<meta property=\"og:image:height\" content=\"1707\" \/>\n\t<meta property=\"og:image:type\" content=\"image\/jpeg\" \/>\n<meta name=\"author\" content=\"prismapropaganda\" \/>\n<meta name=\"twitter:card\" content=\"summary_large_image\" \/>\n<meta name=\"twitter:label1\" content=\"Escrito por\" \/>\n\t<meta name=\"twitter:data1\" content=\"prismapropaganda\" \/>\n\t<meta name=\"twitter:label2\" content=\"Est. tempo de leitura\" \/>\n\t<meta name=\"twitter:data2\" content=\"3 minutos\" \/>\n<script type=\"application\/ld+json\" class=\"yoast-schema-graph\">{\"@context\":\"https:\/\/schema.org\",\"@graph\":[{\"@type\":\"Article\",\"@id\":\"https:\/\/www.prix.com.br\/prisma-inteligencia\/governo-erra-e-a-culpa-e-da-comunicacao\/#article\",\"isPartOf\":{\"@id\":\"https:\/\/www.prix.com.br\/prisma-inteligencia\/governo-erra-e-a-culpa-e-da-comunicacao\/\"},\"author\":{\"name\":\"prismapropaganda\",\"@id\":\"https:\/\/www.prix.com.br\/prisma-inteligencia\/#\/schema\/person\/d813d435436eba669bf9474f0b7ebe2e\"},\"headline\":\"Governo erra e a culpa \u00e9 da comunica\u00e7\u00e3o\",\"datePublished\":\"2025-02-18T12:30:14+00:00\",\"dateModified\":\"2025-07-08T14:54:04+00:00\",\"mainEntityOfPage\":{\"@id\":\"https:\/\/www.prix.com.br\/prisma-inteligencia\/governo-erra-e-a-culpa-e-da-comunicacao\/\"},\"wordCount\":400,\"commentCount\":0,\"publisher\":{\"@id\":\"https:\/\/www.prix.com.br\/prisma-inteligencia\/#organization\"},\"articleSection\":[\"blog\"],\"inLanguage\":\"pt-BR\",\"potentialAction\":[{\"@type\":\"CommentAction\",\"name\":\"Comment\",\"target\":[\"https:\/\/www.prix.com.br\/prisma-inteligencia\/governo-erra-e-a-culpa-e-da-comunicacao\/#respond\"]}]},{\"@type\":\"WebPage\",\"@id\":\"https:\/\/www.prix.com.br\/prisma-inteligencia\/governo-erra-e-a-culpa-e-da-comunicacao\/\",\"url\":\"https:\/\/www.prix.com.br\/prisma-inteligencia\/governo-erra-e-a-culpa-e-da-comunicacao\/\",\"name\":\"Governo erra e a culpa \u00e9 da comunica\u00e7\u00e3o - Prisma Intelig\u00eancia\",\"isPartOf\":{\"@id\":\"https:\/\/www.prix.com.br\/prisma-inteligencia\/#website\"},\"datePublished\":\"2025-02-18T12:30:14+00:00\",\"dateModified\":\"2025-07-08T14:54:04+00:00\",\"breadcrumb\":{\"@id\":\"https:\/\/www.prix.com.br\/prisma-inteligencia\/governo-erra-e-a-culpa-e-da-comunicacao\/#breadcrumb\"},\"inLanguage\":\"pt-BR\",\"potentialAction\":[{\"@type\":\"ReadAction\",\"target\":[\"https:\/\/www.prix.com.br\/prisma-inteligencia\/governo-erra-e-a-culpa-e-da-comunicacao\/\"]}]},{\"@type\":\"BreadcrumbList\",\"@id\":\"https:\/\/www.prix.com.br\/prisma-inteligencia\/governo-erra-e-a-culpa-e-da-comunicacao\/#breadcrumb\",\"itemListElement\":[{\"@type\":\"ListItem\",\"position\":1,\"name\":\"In\u00edcio\",\"item\":\"https:\/\/www.prix.com.br\/prisma-inteligencia\/\"},{\"@type\":\"ListItem\",\"position\":2,\"name\":\"Governo erra e a culpa \u00e9 da comunica\u00e7\u00e3o\"}]},{\"@type\":\"WebSite\",\"@id\":\"https:\/\/www.prix.com.br\/prisma-inteligencia\/#website\",\"url\":\"https:\/\/www.prix.com.br\/prisma-inteligencia\/\",\"name\":\"Prisma Intelig\u00eancia\",\"description\":\"Segundo o Instituto Ipsos especializado em h\u00e1bitos de consumo e comunica\u00e7\u00e3o, somos impactados diariamente, por mais seis mil mensagens publicit\u00e1rias.\",\"publisher\":{\"@id\":\"https:\/\/www.prix.com.br\/prisma-inteligencia\/#organization\"},\"potentialAction\":[{\"@type\":\"SearchAction\",\"target\":{\"@type\":\"EntryPoint\",\"urlTemplate\":\"https:\/\/www.prix.com.br\/prisma-inteligencia\/?s={search_term_string}\"},\"query-input\":\"required name=search_term_string\"}],\"inLanguage\":\"pt-BR\"},{\"@type\":\"Organization\",\"@id\":\"https:\/\/www.prix.com.br\/prisma-inteligencia\/#organization\",\"name\":\"Prisma Intelig\u00eancia\",\"url\":\"https:\/\/www.prix.com.br\/prisma-inteligencia\/\",\"logo\":{\"@type\":\"ImageObject\",\"inLanguage\":\"pt-BR\",\"@id\":\"https:\/\/www.prix.com.br\/prisma-inteligencia\/#\/schema\/logo\/image\/\",\"url\":\"https:\/\/www.prix.com.br\/prisma-inteligencia\/wp-content\/uploads\/2019\/09\/Logo-Prisma.png\",\"contentUrl\":\"https:\/\/www.prix.com.br\/prisma-inteligencia\/wp-content\/uploads\/2019\/09\/Logo-Prisma.png\",\"width\":554,\"height\":154,\"caption\":\"Prisma Intelig\u00eancia\"},\"image\":{\"@id\":\"https:\/\/www.prix.com.br\/prisma-inteligencia\/#\/schema\/logo\/image\/\"}},{\"@type\":\"Person\",\"@id\":\"https:\/\/www.prix.com.br\/prisma-inteligencia\/#\/schema\/person\/d813d435436eba669bf9474f0b7ebe2e\",\"name\":\"prismapropaganda\",\"image\":{\"@type\":\"ImageObject\",\"inLanguage\":\"pt-BR\",\"@id\":\"https:\/\/www.prix.com.br\/prisma-inteligencia\/#\/schema\/person\/image\/\",\"url\":\"https:\/\/secure.gravatar.com\/avatar\/eef51ad1a483453f26525d77f2278cfc?s=96&d=mm&r=g\",\"contentUrl\":\"https:\/\/secure.gravatar.com\/avatar\/eef51ad1a483453f26525d77f2278cfc?s=96&d=mm&r=g\",\"caption\":\"prismapropaganda\"},\"url\":\"https:\/\/www.prix.com.br\/prisma-inteligencia\/author\/prismapropaganda\/\"}]}<\/script>\n<!-- \/ Yoast SEO plugin. -->","yoast_head_json":{"title":"Governo erra e a culpa \u00e9 da comunica\u00e7\u00e3o - Prisma Intelig\u00eancia","robots":{"index":"index","follow":"follow","max-snippet":"max-snippet:-1","max-image-preview":"max-image-preview:large","max-video-preview":"max-video-preview:-1"},"canonical":"https:\/\/www.prix.com.br\/prisma-inteligencia\/governo-erra-e-a-culpa-e-da-comunicacao\/","og_locale":"pt_BR","og_type":"article","og_title":"Governo erra e a culpa \u00e9 da comunica\u00e7\u00e3o - Prisma Intelig\u00eancia","og_description":"Recentemente o Governo Federal mudou o ministro da comunica\u00e7\u00e3o, com a entrada do marqueteiro Sid\u00f4nio Palmeira. O publicit\u00e1rio baiano foi respons\u00e1vel pela campanha eleitoral do Lula em 2022. A mudan\u00e7a ocorreu ap\u00f3s o presidente Lula declarar publicamente que a comunica\u00e7\u00e3o do seu governo n\u00e3o estava indo bem. O governo reconheceu dificuldades em comunicar suas realiza\u00e7\u00f5es [...]","og_url":"https:\/\/www.prix.com.br\/prisma-inteligencia\/governo-erra-e-a-culpa-e-da-comunicacao\/","og_site_name":"Prisma Intelig\u00eancia","article_published_time":"2025-02-18T12:30:14+00:00","article_modified_time":"2025-07-08T14:54:04+00:00","og_image":[{"width":2560,"height":1707,"url":"http:\/\/www.prix.com.br\/prisma-inteligencia\/wp-content\/uploads\/2025\/02\/brasilia-brazil-may-26-2006-brazilian-national-congress-with-blue-sky-clouds-1-scaled.jpg","type":"image\/jpeg"}],"author":"prismapropaganda","twitter_card":"summary_large_image","twitter_misc":{"Escrito por":"prismapropaganda","Est. tempo de leitura":"3 minutos"},"schema":{"@context":"https:\/\/schema.org","@graph":[{"@type":"Article","@id":"https:\/\/www.prix.com.br\/prisma-inteligencia\/governo-erra-e-a-culpa-e-da-comunicacao\/#article","isPartOf":{"@id":"https:\/\/www.prix.com.br\/prisma-inteligencia\/governo-erra-e-a-culpa-e-da-comunicacao\/"},"author":{"name":"prismapropaganda","@id":"https:\/\/www.prix.com.br\/prisma-inteligencia\/#\/schema\/person\/d813d435436eba669bf9474f0b7ebe2e"},"headline":"Governo erra e a culpa \u00e9 da comunica\u00e7\u00e3o","datePublished":"2025-02-18T12:30:14+00:00","dateModified":"2025-07-08T14:54:04+00:00","mainEntityOfPage":{"@id":"https:\/\/www.prix.com.br\/prisma-inteligencia\/governo-erra-e-a-culpa-e-da-comunicacao\/"},"wordCount":400,"commentCount":0,"publisher":{"@id":"https:\/\/www.prix.com.br\/prisma-inteligencia\/#organization"},"articleSection":["blog"],"inLanguage":"pt-BR","potentialAction":[{"@type":"CommentAction","name":"Comment","target":["https:\/\/www.prix.com.br\/prisma-inteligencia\/governo-erra-e-a-culpa-e-da-comunicacao\/#respond"]}]},{"@type":"WebPage","@id":"https:\/\/www.prix.com.br\/prisma-inteligencia\/governo-erra-e-a-culpa-e-da-comunicacao\/","url":"https:\/\/www.prix.com.br\/prisma-inteligencia\/governo-erra-e-a-culpa-e-da-comunicacao\/","name":"Governo erra e a culpa \u00e9 da comunica\u00e7\u00e3o - Prisma Intelig\u00eancia","isPartOf":{"@id":"https:\/\/www.prix.com.br\/prisma-inteligencia\/#website"},"datePublished":"2025-02-18T12:30:14+00:00","dateModified":"2025-07-08T14:54:04+00:00","breadcrumb":{"@id":"https:\/\/www.prix.com.br\/prisma-inteligencia\/governo-erra-e-a-culpa-e-da-comunicacao\/#breadcrumb"},"inLanguage":"pt-BR","potentialAction":[{"@type":"ReadAction","target":["https:\/\/www.prix.com.br\/prisma-inteligencia\/governo-erra-e-a-culpa-e-da-comunicacao\/"]}]},{"@type":"BreadcrumbList","@id":"https:\/\/www.prix.com.br\/prisma-inteligencia\/governo-erra-e-a-culpa-e-da-comunicacao\/#breadcrumb","itemListElement":[{"@type":"ListItem","position":1,"name":"In\u00edcio","item":"https:\/\/www.prix.com.br\/prisma-inteligencia\/"},{"@type":"ListItem","position":2,"name":"Governo erra e a culpa \u00e9 da comunica\u00e7\u00e3o"}]},{"@type":"WebSite","@id":"https:\/\/www.prix.com.br\/prisma-inteligencia\/#website","url":"https:\/\/www.prix.com.br\/prisma-inteligencia\/","name":"Prisma Intelig\u00eancia","description":"Segundo o Instituto Ipsos especializado em h\u00e1bitos de consumo e comunica\u00e7\u00e3o, somos impactados diariamente, por mais seis mil mensagens publicit\u00e1rias.","publisher":{"@id":"https:\/\/www.prix.com.br\/prisma-inteligencia\/#organization"},"potentialAction":[{"@type":"SearchAction","target":{"@type":"EntryPoint","urlTemplate":"https:\/\/www.prix.com.br\/prisma-inteligencia\/?s={search_term_string}"},"query-input":"required name=search_term_string"}],"inLanguage":"pt-BR"},{"@type":"Organization","@id":"https:\/\/www.prix.com.br\/prisma-inteligencia\/#organization","name":"Prisma Intelig\u00eancia","url":"https:\/\/www.prix.com.br\/prisma-inteligencia\/","logo":{"@type":"ImageObject","inLanguage":"pt-BR","@id":"https:\/\/www.prix.com.br\/prisma-inteligencia\/#\/schema\/logo\/image\/","url":"https:\/\/www.prix.com.br\/prisma-inteligencia\/wp-content\/uploads\/2019\/09\/Logo-Prisma.png","contentUrl":"https:\/\/www.prix.com.br\/prisma-inteligencia\/wp-content\/uploads\/2019\/09\/Logo-Prisma.png","width":554,"height":154,"caption":"Prisma Intelig\u00eancia"},"image":{"@id":"https:\/\/www.prix.com.br\/prisma-inteligencia\/#\/schema\/logo\/image\/"}},{"@type":"Person","@id":"https:\/\/www.prix.com.br\/prisma-inteligencia\/#\/schema\/person\/d813d435436eba669bf9474f0b7ebe2e","name":"prismapropaganda","image":{"@type":"ImageObject","inLanguage":"pt-BR","@id":"https:\/\/www.prix.com.br\/prisma-inteligencia\/#\/schema\/person\/image\/","url":"https:\/\/secure.gravatar.com\/avatar\/eef51ad1a483453f26525d77f2278cfc?s=96&d=mm&r=g","contentUrl":"https:\/\/secure.gravatar.com\/avatar\/eef51ad1a483453f26525d77f2278cfc?s=96&d=mm&r=g","caption":"prismapropaganda"},"url":"https:\/\/www.prix.com.br\/prisma-inteligencia\/author\/prismapropaganda\/"}]}},"_links":{"self":[{"href":"https:\/\/www.prix.com.br\/prisma-inteligencia\/wp-json\/wp\/v2\/posts\/2244"}],"collection":[{"href":"https:\/\/www.prix.com.br\/prisma-inteligencia\/wp-json\/wp\/v2\/posts"}],"about":[{"href":"https:\/\/www.prix.com.br\/prisma-inteligencia\/wp-json\/wp\/v2\/types\/post"}],"author":[{"embeddable":true,"href":"https:\/\/www.prix.com.br\/prisma-inteligencia\/wp-json\/wp\/v2\/users\/3"}],"replies":[{"embeddable":true,"href":"https:\/\/www.prix.com.br\/prisma-inteligencia\/wp-json\/wp\/v2\/comments?post=2244"}],"version-history":[{"count":2,"href":"https:\/\/www.prix.com.br\/prisma-inteligencia\/wp-json\/wp\/v2\/posts\/2244\/revisions"}],"predecessor-version":[{"id":2283,"href":"https:\/\/www.prix.com.br\/prisma-inteligencia\/wp-json\/wp\/v2\/posts\/2244\/revisions\/2283"}],"wp:featuredmedia":[{"embeddable":true,"href":"https:\/\/www.prix.com.br\/prisma-inteligencia\/wp-json\/wp\/v2\/media\/2245"}],"wp:attachment":[{"href":"https:\/\/www.prix.com.br\/prisma-inteligencia\/wp-json\/wp\/v2\/media?parent=2244"}],"wp:term":[{"taxonomy":"category","embeddable":true,"href":"https:\/\/www.prix.com.br\/prisma-inteligencia\/wp-json\/wp\/v2\/categories?post=2244"},{"taxonomy":"post_tag","embeddable":true,"href":"https:\/\/www.prix.com.br\/prisma-inteligencia\/wp-json\/wp\/v2\/tags?post=2244"}],"curies":[{"name":"wp","href":"https:\/\/api.w.org\/{rel}","templated":true}]}}