{"id":344,"date":"2019-09-11T15:01:52","date_gmt":"2019-09-11T18:01:52","guid":{"rendered":"http:\/\/prismapropaganda.artmark.com.br\/?p=344"},"modified":"2020-04-07T17:33:35","modified_gmt":"2020-04-07T20:33:35","slug":"erosao-demografica-portuguesa","status":"publish","type":"post","link":"https:\/\/www.prix.com.br\/prisma-inteligencia\/erosao-demografica-portuguesa\/","title":{"rendered":"Eros\u00e3o demogr\u00e1fica portuguesa"},"content":{"rendered":"\n<p>A popula\u00e7\u00e3o portuguesa envelheceu. \u00c9 fato. Portugal \u00e9 um pa\u00eds pequeno e conta com uma popula\u00e7\u00e3o de pouco mais de 10 milh\u00f5es de habitantes e hoje j\u00e1 se encontra na situa\u00e7\u00e3o em que mais de \u00bc de seus habitantes tem mais de 65 anos de idade. Cada dia que passa \u00e9 um pa\u00eds mais velho e mais despovoado nas cidades do interior, pois al\u00e9m de envelhecer, nascem cada vez menos crian\u00e7as. S\u00f3 para se ter uma ideia, no ano passado, segundo os dados oficiais, nasceram pouco mais de 82 mil beb\u00eas em Portugal.<\/p>\n<p>Outro fato que chama aten\u00e7\u00e3o \u00e9 que a popula\u00e7\u00e3o envelhecida, na sua maioria, tem rendimentos aqu\u00e9m das condi\u00e7\u00f5es dignas para se manter e depende da interven\u00e7\u00e3o do Estado para garantir a sua sobreviv\u00eancia. Com um sistema de sa\u00fade razo\u00e1vel e com as crises econ\u00f4micas do passado, o sistema foi ficando cada vez mais fragilizado e distante do padr\u00e3o necess\u00e1rio para propiciar a qualidade de atendimento, manter os idosos ativos e menos dependentes do Estado. \u00c9 assustador saber que 70% dos portugueses tem falta de algum dente natural e 8,2% n\u00e3o tem qualquer dente na boca, dados da Ordem dos M\u00e9dicos Dentistas de Portugal. Um outro dado alarmante \u00e9 que existem mais de 60 munic\u00edpios portugueses onde nascem menos de 30 crian\u00e7as por ano. Esses munic\u00edpios j\u00e1 n\u00e3o possuem escolas de ensino fundamental e nem postos de sa\u00fade. S\u00e3o pequenas cidades, aqui chamadas de aldeias, que infelizmente estar\u00e3o morrendo aos poucos se nada for feito para reverter essa tend\u00eancia e que tem, como efeito colateral, o aumento das periferias das maiores cidades.<\/p>\n<p>Do ponto de vista mercadol\u00f3gico j\u00e1 existe um forte apelo na abordagem publicit\u00e1ria dirigida \u00e0 popula\u00e7\u00e3o mais velha. An\u00fancios das mais variadas gamas de produtos, s\u00e3o oferecidos todos os dias nos meios de comunica\u00e7\u00e3o, o que demonstra que essa numerosa quantidade de idosos, forma um target especifico para a comunica\u00e7\u00e3o publicit\u00e1ria. O envelhecimento da popula\u00e7\u00e3o, a baixa taxa de natalidade e a queda do poder aquisitivo dos idosos, n\u00e3o s\u00f3 amea\u00e7am o mercado publicit\u00e1rio portugu\u00eas, mas principalmente, o pr\u00f3prio futuro do pa\u00eds.<\/p>\n<p><strong>Fernando Manh\u00e3es<\/strong> \u2013 \u00c9 publicit\u00e1rio e professor do curso de Comunica\u00e7\u00e3o Social da UFES.<\/p>\n\n","protected":false},"excerpt":{"rendered":"<p>A popula\u00e7\u00e3o portuguesa envelheceu. \u00c9 fato. Portugal \u00e9 um pa\u00eds pequeno e conta com uma popula\u00e7\u00e3o de pouco mais de 10 milh\u00f5es de habitantes e hoje j\u00e1 se encontra na situa\u00e7\u00e3o em que mais de \u00bc de seus habitantes tem mais de 65 anos de idade. Cada dia que passa \u00e9 um pa\u00eds mais velho [&#8230;]\n","protected":false},"author":2195,"featured_media":961,"comment_status":"closed","ping_status":"closed","sticky":false,"template":"","format":"standard","meta":[],"categories":[11],"tags":[],"yoast_head":"<!-- This site is optimized with the Yoast SEO plugin v21.8.1 - https:\/\/yoast.com\/wordpress\/plugins\/seo\/ -->\n<title>Eros\u00e3o demogr\u00e1fica portuguesa - Prisma Intelig\u00eancia<\/title>\n<meta name=\"robots\" content=\"index, follow, max-snippet:-1, max-image-preview:large, max-video-preview:-1\" \/>\n<link rel=\"canonical\" href=\"https:\/\/www.prix.com.br\/prisma-inteligencia\/erosao-demografica-portuguesa\/\" \/>\n<meta property=\"og:locale\" content=\"pt_BR\" \/>\n<meta property=\"og:type\" content=\"article\" \/>\n<meta property=\"og:title\" content=\"Eros\u00e3o demogr\u00e1fica portuguesa - Prisma Intelig\u00eancia\" \/>\n<meta property=\"og:description\" content=\"A popula\u00e7\u00e3o portuguesa envelheceu. \u00c9 fato. Portugal \u00e9 um pa\u00eds pequeno e conta com uma popula\u00e7\u00e3o de pouco mais de 10 milh\u00f5es de habitantes e hoje j\u00e1 se encontra na situa\u00e7\u00e3o em que mais de \u00bc de seus habitantes tem mais de 65 anos de idade. Cada dia que passa \u00e9 um pa\u00eds mais velho [...]\" \/>\n<meta property=\"og:url\" content=\"https:\/\/www.prix.com.br\/prisma-inteligencia\/erosao-demografica-portuguesa\/\" \/>\n<meta property=\"og:site_name\" content=\"Prisma Intelig\u00eancia\" \/>\n<meta property=\"article:published_time\" content=\"2019-09-11T18:01:52+00:00\" \/>\n<meta property=\"article:modified_time\" content=\"2020-04-07T20:33:35+00:00\" \/>\n<meta property=\"og:image\" content=\"https:\/\/www.prix.com.br\/prisma-inteligencia\/wp-content\/uploads\/2019\/09\/post_materia_fernando_08_Junho.png\" \/>\n\t<meta property=\"og:image:width\" content=\"900\" \/>\n\t<meta property=\"og:image:height\" content=\"900\" \/>\n\t<meta property=\"og:image:type\" content=\"image\/png\" \/>\n<meta name=\"twitter:card\" content=\"summary_large_image\" \/>\n<meta name=\"twitter:label1\" content=\"Escrito por\" \/>\n\t<meta name=\"twitter:data1\" content=\"\" \/>\n\t<meta name=\"twitter:label2\" content=\"Est. tempo de leitura\" \/>\n\t<meta name=\"twitter:data2\" content=\"2 minutos\" \/>\n<script type=\"application\/ld+json\" class=\"yoast-schema-graph\">{\"@context\":\"https:\/\/schema.org\",\"@graph\":[{\"@type\":\"Article\",\"@id\":\"https:\/\/www.prix.com.br\/prisma-inteligencia\/erosao-demografica-portuguesa\/#article\",\"isPartOf\":{\"@id\":\"https:\/\/www.prix.com.br\/prisma-inteligencia\/erosao-demografica-portuguesa\/\"},\"author\":{\"name\":\"\",\"@id\":\"\"},\"headline\":\"Eros\u00e3o demogr\u00e1fica portuguesa\",\"datePublished\":\"2019-09-11T18:01:52+00:00\",\"dateModified\":\"2020-04-07T20:33:35+00:00\",\"mainEntityOfPage\":{\"@id\":\"https:\/\/www.prix.com.br\/prisma-inteligencia\/erosao-demografica-portuguesa\/\"},\"wordCount\":396,\"publisher\":{\"@id\":\"https:\/\/www.prix.com.br\/prisma-inteligencia\/#organization\"},\"articleSection\":[\"blog\"],\"inLanguage\":\"pt-BR\"},{\"@type\":\"WebPage\",\"@id\":\"https:\/\/www.prix.com.br\/prisma-inteligencia\/erosao-demografica-portuguesa\/\",\"url\":\"https:\/\/www.prix.com.br\/prisma-inteligencia\/erosao-demografica-portuguesa\/\",\"name\":\"Eros\u00e3o demogr\u00e1fica portuguesa - Prisma Intelig\u00eancia\",\"isPartOf\":{\"@id\":\"https:\/\/www.prix.com.br\/prisma-inteligencia\/#website\"},\"datePublished\":\"2019-09-11T18:01:52+00:00\",\"dateModified\":\"2020-04-07T20:33:35+00:00\",\"breadcrumb\":{\"@id\":\"https:\/\/www.prix.com.br\/prisma-inteligencia\/erosao-demografica-portuguesa\/#breadcrumb\"},\"inLanguage\":\"pt-BR\",\"potentialAction\":[{\"@type\":\"ReadAction\",\"target\":[\"https:\/\/www.prix.com.br\/prisma-inteligencia\/erosao-demografica-portuguesa\/\"]}]},{\"@type\":\"BreadcrumbList\",\"@id\":\"https:\/\/www.prix.com.br\/prisma-inteligencia\/erosao-demografica-portuguesa\/#breadcrumb\",\"itemListElement\":[{\"@type\":\"ListItem\",\"position\":1,\"name\":\"In\u00edcio\",\"item\":\"https:\/\/www.prix.com.br\/prisma-inteligencia\/\"},{\"@type\":\"ListItem\",\"position\":2,\"name\":\"Eros\u00e3o demogr\u00e1fica portuguesa\"}]},{\"@type\":\"WebSite\",\"@id\":\"https:\/\/www.prix.com.br\/prisma-inteligencia\/#website\",\"url\":\"https:\/\/www.prix.com.br\/prisma-inteligencia\/\",\"name\":\"Prisma Intelig\u00eancia\",\"description\":\"Segundo o Instituto Ipsos especializado em h\u00e1bitos de consumo e comunica\u00e7\u00e3o, somos impactados diariamente, por mais seis mil mensagens publicit\u00e1rias.\",\"publisher\":{\"@id\":\"https:\/\/www.prix.com.br\/prisma-inteligencia\/#organization\"},\"potentialAction\":[{\"@type\":\"SearchAction\",\"target\":{\"@type\":\"EntryPoint\",\"urlTemplate\":\"https:\/\/www.prix.com.br\/prisma-inteligencia\/?s={search_term_string}\"},\"query-input\":\"required name=search_term_string\"}],\"inLanguage\":\"pt-BR\"},{\"@type\":\"Organization\",\"@id\":\"https:\/\/www.prix.com.br\/prisma-inteligencia\/#organization\",\"name\":\"Prisma Intelig\u00eancia\",\"url\":\"https:\/\/www.prix.com.br\/prisma-inteligencia\/\",\"logo\":{\"@type\":\"ImageObject\",\"inLanguage\":\"pt-BR\",\"@id\":\"https:\/\/www.prix.com.br\/prisma-inteligencia\/#\/schema\/logo\/image\/\",\"url\":\"https:\/\/www.prix.com.br\/prisma-inteligencia\/wp-content\/uploads\/2019\/09\/Logo-Prisma.png\",\"contentUrl\":\"https:\/\/www.prix.com.br\/prisma-inteligencia\/wp-content\/uploads\/2019\/09\/Logo-Prisma.png\",\"width\":554,\"height\":154,\"caption\":\"Prisma Intelig\u00eancia\"},\"image\":{\"@id\":\"https:\/\/www.prix.com.br\/prisma-inteligencia\/#\/schema\/logo\/image\/\"}},{\"@type\":\"Person\",\"@id\":\"\",\"url\":\"https:\/\/www.prix.com.br\/prisma-inteligencia\/author\/\"}]}<\/script>\n<!-- \/ Yoast SEO plugin. -->","yoast_head_json":{"title":"Eros\u00e3o demogr\u00e1fica portuguesa - Prisma Intelig\u00eancia","robots":{"index":"index","follow":"follow","max-snippet":"max-snippet:-1","max-image-preview":"max-image-preview:large","max-video-preview":"max-video-preview:-1"},"canonical":"https:\/\/www.prix.com.br\/prisma-inteligencia\/erosao-demografica-portuguesa\/","og_locale":"pt_BR","og_type":"article","og_title":"Eros\u00e3o demogr\u00e1fica portuguesa - Prisma Intelig\u00eancia","og_description":"A popula\u00e7\u00e3o portuguesa envelheceu. \u00c9 fato. Portugal \u00e9 um pa\u00eds pequeno e conta com uma popula\u00e7\u00e3o de pouco mais de 10 milh\u00f5es de habitantes e hoje j\u00e1 se encontra na situa\u00e7\u00e3o em que mais de \u00bc de seus habitantes tem mais de 65 anos de idade. Cada dia que passa \u00e9 um pa\u00eds mais velho [...]","og_url":"https:\/\/www.prix.com.br\/prisma-inteligencia\/erosao-demografica-portuguesa\/","og_site_name":"Prisma Intelig\u00eancia","article_published_time":"2019-09-11T18:01:52+00:00","article_modified_time":"2020-04-07T20:33:35+00:00","og_image":[{"width":900,"height":900,"url":"https:\/\/www.prix.com.br\/prisma-inteligencia\/wp-content\/uploads\/2019\/09\/post_materia_fernando_08_Junho.png","type":"image\/png"}],"twitter_card":"summary_large_image","twitter_misc":{"Escrito por":"","Est. tempo de leitura":"2 minutos"},"schema":{"@context":"https:\/\/schema.org","@graph":[{"@type":"Article","@id":"https:\/\/www.prix.com.br\/prisma-inteligencia\/erosao-demografica-portuguesa\/#article","isPartOf":{"@id":"https:\/\/www.prix.com.br\/prisma-inteligencia\/erosao-demografica-portuguesa\/"},"author":{"name":"","@id":""},"headline":"Eros\u00e3o demogr\u00e1fica portuguesa","datePublished":"2019-09-11T18:01:52+00:00","dateModified":"2020-04-07T20:33:35+00:00","mainEntityOfPage":{"@id":"https:\/\/www.prix.com.br\/prisma-inteligencia\/erosao-demografica-portuguesa\/"},"wordCount":396,"publisher":{"@id":"https:\/\/www.prix.com.br\/prisma-inteligencia\/#organization"},"articleSection":["blog"],"inLanguage":"pt-BR"},{"@type":"WebPage","@id":"https:\/\/www.prix.com.br\/prisma-inteligencia\/erosao-demografica-portuguesa\/","url":"https:\/\/www.prix.com.br\/prisma-inteligencia\/erosao-demografica-portuguesa\/","name":"Eros\u00e3o demogr\u00e1fica portuguesa - Prisma Intelig\u00eancia","isPartOf":{"@id":"https:\/\/www.prix.com.br\/prisma-inteligencia\/#website"},"datePublished":"2019-09-11T18:01:52+00:00","dateModified":"2020-04-07T20:33:35+00:00","breadcrumb":{"@id":"https:\/\/www.prix.com.br\/prisma-inteligencia\/erosao-demografica-portuguesa\/#breadcrumb"},"inLanguage":"pt-BR","potentialAction":[{"@type":"ReadAction","target":["https:\/\/www.prix.com.br\/prisma-inteligencia\/erosao-demografica-portuguesa\/"]}]},{"@type":"BreadcrumbList","@id":"https:\/\/www.prix.com.br\/prisma-inteligencia\/erosao-demografica-portuguesa\/#breadcrumb","itemListElement":[{"@type":"ListItem","position":1,"name":"In\u00edcio","item":"https:\/\/www.prix.com.br\/prisma-inteligencia\/"},{"@type":"ListItem","position":2,"name":"Eros\u00e3o demogr\u00e1fica portuguesa"}]},{"@type":"WebSite","@id":"https:\/\/www.prix.com.br\/prisma-inteligencia\/#website","url":"https:\/\/www.prix.com.br\/prisma-inteligencia\/","name":"Prisma Intelig\u00eancia","description":"Segundo o Instituto Ipsos especializado em h\u00e1bitos de consumo e comunica\u00e7\u00e3o, somos impactados diariamente, por mais seis mil mensagens publicit\u00e1rias.","publisher":{"@id":"https:\/\/www.prix.com.br\/prisma-inteligencia\/#organization"},"potentialAction":[{"@type":"SearchAction","target":{"@type":"EntryPoint","urlTemplate":"https:\/\/www.prix.com.br\/prisma-inteligencia\/?s={search_term_string}"},"query-input":"required name=search_term_string"}],"inLanguage":"pt-BR"},{"@type":"Organization","@id":"https:\/\/www.prix.com.br\/prisma-inteligencia\/#organization","name":"Prisma Intelig\u00eancia","url":"https:\/\/www.prix.com.br\/prisma-inteligencia\/","logo":{"@type":"ImageObject","inLanguage":"pt-BR","@id":"https:\/\/www.prix.com.br\/prisma-inteligencia\/#\/schema\/logo\/image\/","url":"https:\/\/www.prix.com.br\/prisma-inteligencia\/wp-content\/uploads\/2019\/09\/Logo-Prisma.png","contentUrl":"https:\/\/www.prix.com.br\/prisma-inteligencia\/wp-content\/uploads\/2019\/09\/Logo-Prisma.png","width":554,"height":154,"caption":"Prisma Intelig\u00eancia"},"image":{"@id":"https:\/\/www.prix.com.br\/prisma-inteligencia\/#\/schema\/logo\/image\/"}},{"@type":"Person","@id":"","url":"https:\/\/www.prix.com.br\/prisma-inteligencia\/author\/"}]}},"_links":{"self":[{"href":"https:\/\/www.prix.com.br\/prisma-inteligencia\/wp-json\/wp\/v2\/posts\/344"}],"collection":[{"href":"https:\/\/www.prix.com.br\/prisma-inteligencia\/wp-json\/wp\/v2\/posts"}],"about":[{"href":"https:\/\/www.prix.com.br\/prisma-inteligencia\/wp-json\/wp\/v2\/types\/post"}],"author":[{"embeddable":true,"href":"https:\/\/www.prix.com.br\/prisma-inteligencia\/wp-json\/wp\/v2\/users\/2195"}],"replies":[{"embeddable":true,"href":"https:\/\/www.prix.com.br\/prisma-inteligencia\/wp-json\/wp\/v2\/comments?post=344"}],"version-history":[{"count":7,"href":"https:\/\/www.prix.com.br\/prisma-inteligencia\/wp-json\/wp\/v2\/posts\/344\/revisions"}],"predecessor-version":[{"id":1384,"href":"https:\/\/www.prix.com.br\/prisma-inteligencia\/wp-json\/wp\/v2\/posts\/344\/revisions\/1384"}],"wp:featuredmedia":[{"embeddable":true,"href":"https:\/\/www.prix.com.br\/prisma-inteligencia\/wp-json\/wp\/v2\/media\/961"}],"wp:attachment":[{"href":"https:\/\/www.prix.com.br\/prisma-inteligencia\/wp-json\/wp\/v2\/media?parent=344"}],"wp:term":[{"taxonomy":"category","embeddable":true,"href":"https:\/\/www.prix.com.br\/prisma-inteligencia\/wp-json\/wp\/v2\/categories?post=344"},{"taxonomy":"post_tag","embeddable":true,"href":"https:\/\/www.prix.com.br\/prisma-inteligencia\/wp-json\/wp\/v2\/tags?post=344"}],"curies":[{"name":"wp","href":"https:\/\/api.w.org\/{rel}","templated":true}]}}